

{"id":40445,"date":"2021-04-26T18:55:19","date_gmt":"2021-04-26T21:55:19","guid":{"rendered":"http:\/\/portalfloresnoar.com\/floresnoar\/?p=40445"},"modified":"2021-10-28T17:48:13","modified_gmt":"2021-10-28T20:48:13","slug":"agenda-o-ser-humano-cidadao-de-dois-mundos-e-tema-de-palestra-antroposofica-on-line-dia-2710","status":"publish","type":"post","link":"https:\/\/portalfloresnoar.com\/floresnoar\/agenda-o-ser-humano-cidadao-de-dois-mundos-e-tema-de-palestra-antroposofica-on-line-dia-2710\/","title":{"rendered":"[AGENDA] &#8216;O ser humano, cidad\u00e3o de dois mundos&#8217; \u00e9 tema de palestra antropos\u00f3fica on-line dia 27\/10"},"content":{"rendered":"<p><img decoding=\"async\" loading=\"lazy\" class=\"aligncenter wp-image-40446\" src=\"http:\/\/portalfloresnoar.com\/floresnoar\/wp-content\/uploads\/2021\/10\/MEDICO-PAULO-TAVARES-700x700.jpeg\" alt=\"\" width=\"525\" height=\"525\" srcset=\"https:\/\/portalfloresnoar.com\/floresnoar\/wp-content\/uploads\/2021\/10\/MEDICO-PAULO-TAVARES-700x700.jpeg 700w, https:\/\/portalfloresnoar.com\/floresnoar\/wp-content\/uploads\/2021\/10\/MEDICO-PAULO-TAVARES-150x150.jpeg 150w, https:\/\/portalfloresnoar.com\/floresnoar\/wp-content\/uploads\/2021\/10\/MEDICO-PAULO-TAVARES-300x300.jpeg 300w, https:\/\/portalfloresnoar.com\/floresnoar\/wp-content\/uploads\/2021\/10\/MEDICO-PAULO-TAVARES-768x768.jpeg 768w, https:\/\/portalfloresnoar.com\/floresnoar\/wp-content\/uploads\/2021\/10\/MEDICO-PAULO-TAVARES-100x100.jpeg 100w, https:\/\/portalfloresnoar.com\/floresnoar\/wp-content\/uploads\/2021\/10\/MEDICO-PAULO-TAVARES.jpeg 1080w\" sizes=\"(max-width: 525px) 100vw, 525px\" \/><\/p>\n<p>O m\u00e9dico obstetra e homeopata com orienta\u00e7\u00e3o em Antroposofia Paulo Tavares ministra palestra on-line nesta quarta-feira (27\/10), sobre o tema: &#8216;O ser humano, cidad\u00e3o de dois mundos&#8217;. O encontro, que faz parte do\u00a0I Ciclo de Palestras do N\u00facleo de Aprofundamento Antropos\u00f3fico (NAA), come\u00e7a \u00e0s 19h30 e acontecer\u00e1 atrav\u00e9s da plataforma de videoconfer\u00eancia Zoom.<\/p>\n<p>&#8220;O ser humano, em sua constitui\u00e7\u00e3o atual, al\u00e9m do mundo sensorial que lhe invade os sentidos e o encanta com sua aparente realidade, tem o seu mundo interior, em sua alma, e isto faz dele um cidad\u00e3o de dois mundos. Mas nem sempre as duas percep\u00e7\u00f5es se ajustam de maneira harm\u00f4nica. A forma\u00e7\u00e3o da alma da consci\u00eancia \u00e9 o pr\u00f3ximo passo de conquista para o ser humano, e exige coer\u00eancia entre uma dimens\u00e3o e outra para trazer ao homem terrestre aquilo que ele \u00e9 no mundo c\u00f3smico, possibilitando que ele realmente conhe\u00e7a a si mesmo&#8221;, comentam as coordenadoras do NAA, Janise Paiva e Suely Portela, que convidaram o Dr. Paulo Tavares para falar sobre este tema a partir do ponto de vista antropos\u00f3fico.<\/p>\n<p>O I Ciclo de Palestras do\u00a0N\u00facleo de Aprofundamento Antropos\u00f3fico (NAA) \u00e9 composto por seis palestras, ministradas por diferentes convidados, acerca de temas ancorados em conceitos e pr\u00e1ticas relacionadas \u00e0 Antroposofia e Pedagogia Waldorf.<\/p>\n<p><strong>INSCRI\u00c7\u00d5ES\u00a0 E MAIS INFORMA\u00c7\u00d5ES:<\/strong><br \/>\n<a href=\"https:\/\/nucleoapantroposofico.com.br\/1-ciclo-de-palestras\/\" target=\"_blank\" rel=\"noopener\">https:\/\/nucleoapantroposofico.com.br\/1-ciclo-de-palestras\/<\/a><\/p>\n<p><em>SERVI\u00c7O<\/em><br \/>\n<strong>Palestra \u2018O ser humano, cidad\u00e3o de dois mundos&#8217;<\/strong><br \/>\n<strong>Data:<\/strong>\u00a027\/10\/2021 (quarta-feira)<br \/>\n<strong>Hora:<\/strong>\u00a019h30<br \/>\n<strong>Local:<\/strong>\u00a0Plataforma de videoconfer\u00eancia Zoom<\/p>\n<p><strong>MAIS INFORMA\u00c7\u00d5ES<\/strong><br \/>\n<strong>WhatsApp:<\/strong>\u00a0(81) 99908-5069<br \/>\n<strong>E-mail:<\/strong>\u00a0nucleoantroposofico@gmail.com<br \/>\n<strong>Instagram:<\/strong>\u00a0<a href=\"https:\/\/www.instagram.com\/nucleoapantroposofico\/\" target=\"_blank\" rel=\"noopener\">@nucleoantroposofico<\/a><\/p>\n","protected":false},"excerpt":{"rendered":"<p>O m\u00e9dico obstetra e homeopata com orienta\u00e7\u00e3o em Antroposofia Paulo Tavares ministra palestra on-line nesta quarta-feira (27\/10), sobre o tema: &#8216;O ser humano, cidad\u00e3o de dois mundos&#8217;. O encontro, que faz parte do\u00a0I Ciclo de Palestras do N\u00facleo de Aprofundamento Antropos\u00f3fico (NAA), come\u00e7a \u00e0s 19h30 e acontecer\u00e1 atrav\u00e9s da plataforma de videoconfer\u00eancia Zoom. &#8220;O ser [&hellip;]<\/p>\n","protected":false},"author":1,"featured_media":40448,"comment_status":"open","ping_status":"open","sticky":false,"template":"","format":"standard","meta":{"om_disable_all_campaigns":false,"_monsterinsights_skip_tracking":false,"_monsterinsights_sitenote_active":false,"_monsterinsights_sitenote_note":"","_monsterinsights_sitenote_category":0,"footnotes":""},"categories":[8,214],"tags":[23,577,305,115,624],"acf":[],"publishpress_future_action":{"enabled":false,"date":"1969-12-31 21:00:00","action":"","terms":[],"taxonomy":"","browser_timezone_offset":0},"_links":{"self":[{"href":"https:\/\/portalfloresnoar.com\/floresnoar\/wp-json\/wp\/v2\/posts\/40445"}],"collection":[{"href":"https:\/\/portalfloresnoar.com\/floresnoar\/wp-json\/wp\/v2\/posts"}],"about":[{"href":"https:\/\/portalfloresnoar.com\/floresnoar\/wp-json\/wp\/v2\/types\/post"}],"author":[{"embeddable":true,"href":"https:\/\/portalfloresnoar.com\/floresnoar\/wp-json\/wp\/v2\/users\/1"}],"replies":[{"embeddable":true,"href":"https:\/\/portalfloresnoar.com\/floresnoar\/wp-json\/wp\/v2\/comments?post=40445"}],"version-history":[{"count":0,"href":"https:\/\/portalfloresnoar.com\/floresnoar\/wp-json\/wp\/v2\/posts\/40445\/revisions"}],"wp:featuredmedia":[{"embeddable":true,"href":"https:\/\/portalfloresnoar.com\/floresnoar\/wp-json\/wp\/v2\/media\/40448"}],"wp:attachment":[{"href":"https:\/\/portalfloresnoar.com\/floresnoar\/wp-json\/wp\/v2\/media?parent=40445"}],"wp:term":[{"taxonomy":"category","embeddable":true,"href":"https:\/\/portalfloresnoar.com\/floresnoar\/wp-json\/wp\/v2\/categories?post=40445"},{"taxonomy":"post_tag","embeddable":true,"href":"https:\/\/portalfloresnoar.com\/floresnoar\/wp-json\/wp\/v2\/tags?post=40445"}],"curies":[{"name":"wp","href":"https:\/\/api.w.org\/{rel}","templated":true}]}}