

{"id":40426,"date":"2021-10-24T13:52:55","date_gmt":"2021-10-24T16:52:55","guid":{"rendered":"http:\/\/portalfloresnoar.com\/floresnoar\/?p=40426"},"modified":"2022-02-22T12:40:33","modified_gmt":"2022-02-22T15:40:33","slug":"canto-de-lu-homenagem-a-dr-robalinho","status":"publish","type":"post","link":"https:\/\/portalfloresnoar.com\/floresnoar\/canto-de-lu-homenagem-a-dr-robalinho\/","title":{"rendered":"[CANTO DE LU] Homenagem a Dr. Guilherme Robalinho"},"content":{"rendered":"<figure id=\"attachment_40428\" aria-describedby=\"caption-attachment-40428\" style=\"width: 517px\" class=\"wp-caption alignnone\"><img decoding=\"async\" loading=\"lazy\" class=\"wp-image-40428 \" src=\"http:\/\/portalfloresnoar.com\/floresnoar\/wp-content\/uploads\/2021\/10\/homenagem-a-guilherme-robalinho-secretario-de-saude-1-700x491.jpeg\" alt=\"\" width=\"517\" height=\"363\" srcset=\"https:\/\/portalfloresnoar.com\/floresnoar\/wp-content\/uploads\/2021\/10\/homenagem-a-guilherme-robalinho-secretario-de-saude-1-700x491.jpeg 700w, https:\/\/portalfloresnoar.com\/floresnoar\/wp-content\/uploads\/2021\/10\/homenagem-a-guilherme-robalinho-secretario-de-saude-1-300x211.jpeg 300w, https:\/\/portalfloresnoar.com\/floresnoar\/wp-content\/uploads\/2021\/10\/homenagem-a-guilherme-robalinho-secretario-de-saude-1-768x539.jpeg 768w, https:\/\/portalfloresnoar.com\/floresnoar\/wp-content\/uploads\/2021\/10\/homenagem-a-guilherme-robalinho-secretario-de-saude-1.jpeg 1080w\" sizes=\"(max-width: 517px) 100vw, 517px\" \/><figcaption id=\"caption-attachment-40428\" class=\"wp-caption-text\">Dr. Robalinho em visita a um dos hospitais geridos pela Secretaria de Sa\u00fade de Pernambuco. Na foto, tamb\u00e9m presente o querido Dr. Gentil Porto, diretor de sa\u00fade, tamb\u00e9m j\u00e1 falecido.<\/figcaption><\/figure>\n<p>| <em>Por Lu Rabelo*<\/em> |<\/p>\n<p>Acabei ser informada que Dr. Robalinho faleceu. Tomei um susto. Me vem um ch\u00f4ro saudoso e profundo.<\/p>\n<p>Comecei a trabalhar com Dr. Robalinho em 1997\/1998, quando era estagi\u00e1ria de jornalismo da Secretaria de Imprensa da Prefeitura do Recife. Na \u00e9poca fui designada para ficar fazendo a cobertura da Secretaria Municipal de Sa\u00fade.<\/p>\n<p>Naquele tempo, a Sa\u00fade p\u00fablica no Recife vinha recebendo importantes investimentos, e Robalinho n\u00e3o parava, se dedicando inteiramente \u00e0 miss\u00e3o que assumiu. Seu queridinho era o Programa de Agentes Comunit\u00e1rios de Sa\u00fade que vinha avan\u00e7ando no Recife com destaque nacional.<\/p>\n<p>Com todo o g\u00e1s de quem est\u00e1 come\u00e7ando, comecei a aplicar no meu trabalho na prefeitura todo o aprendizado que estava tendo na Oficina de Not\u00edcias, com a jornalista Regina Perrusi, onde estagiava no turno da tarde. Todos os dias era publicado algo positivo da Secretaria de Sa\u00fade do Recife na m\u00eddia e Robalinho estava bem satisfeito, e eu tamb\u00e9m.<\/p>\n<p>At\u00e9 que um dia, 26\/09\/1998, meu anivers\u00e1rio, algum ve\u00edculo de comunica\u00e7\u00e3o me solicitou o n\u00famero de casos de c\u00f3lera no Recife e eu passei os dados sem comunicar ao secret\u00e1rio, apenas com a autoriza\u00e7\u00e3o da diretora de Epidemiologia da \u00e9poca. Robalinho ficou puto comigo, me deu um esporro e eu fiquei arrasada. Comecei a perceber mais claramente que n\u00e3o era muito f\u00e1cil trabalhar com ele. Mas fizemos as pazes.<\/p>\n<p>No final de 1998, Robalinho j\u00e1 estava indicado para ser o Secret\u00e1rio Estadual de Sa\u00fade de Pernambuco, pois Jarbas havia vencido para governador. Fui me despedir dele, levando o <em>clipping<\/em> de tudo que havia sido publicado na m\u00eddia impressa naquele ano sobre a Secretaria de Sa\u00fade do Recife. Um calhama\u00e7o!<\/p>\n<p>Pouco antes de assumir a Secretaria Estadual de Sa\u00fade (SES), ele entrou em contato comigo, me convidando para ser uma das assessoras de imprensa da SES, j\u00e1 que a secret\u00e1ria de Imprensa, Terezinha Nunes, tamb\u00e9m tinha um nome. Terezinha bateu o p\u00e9 pra botar quem ela queria e ele bateu o p\u00e9 pra me botar. Ficamos duas assessoras.<\/p>\n<p>Vi que ele confiava mesmo no meu trabalho, porque eu, rec\u00e9m formada, 25 anos de idade, toda &#8216;hippie&#8217; e, ainda, eleitora do PT&#8230;<\/p>\n<p>Poucos meses depois, j\u00e1 houve mudan\u00e7as e fiquei eu e Dani Freitas (tamb\u00e9m uma pessoa indicada por ele) \u00e0 frente da Assessoria de Imprensa da SES, junto a uma equipe maravilhosa, que morro de saudade. Trabalhava de segunda a segunda, de manh\u00e3, de tarde e de noite, assim como ele e sua equipe mais pr\u00f3xima.<\/p>\n<p>Ele n\u00e3o era f\u00e1cil e praticamente todos tinham um certo medo dele. Era sempre tenso quando o telefone tocava e Vev\u00e9 (secret\u00e1ria dele na \u00e9poca) dizia: &#8216;Robalinho t\u00e1 te chamando&#8217;. Mas apesar das dificuldades a gente se dava bem. Eu confiava nele e o admirava muito pelo seu imenso empenho e dedica\u00e7\u00e3o em melhorar o SUS.<\/p>\n<p>De alguma forma ele tamb\u00e9m entendia o meu jeito. Sabia, por exemplo, que quando havia algum evento no Hospital Psiqui\u00e1trico Ulysses Pernambucano (mais conhecido como Tamarineira), eu n\u00e3o voltaria mais pra SES, pois passaria o resto do dia por l\u00e1. Ele tamb\u00e9m me apoiou quando quis criar o &#8216;Criativamente&#8217;, jornalzinho que fizemos junto com os usu\u00e1rios e equipe do Centro de Artes l\u00e1 do hospital psiqui\u00e1trico.<\/p>\n<p>Certa vez as &#8216;doutoras&#8217;, os bra\u00e7o direito dele (Cl\u00e1udia Z\u00edrpolli, L\u00facia Helena e Silvana), vieram dizer que o secret\u00e1rio gostaria que eu usasse umas roupas mais arrumadas e tals. Mas num tinha jeito n\u00e3o e ele acabou aceitando o meu desmantelo.<\/p>\n<p>Foram mais de 5 anos trabalhando juntos. Os colegas de m\u00eddia diziam n\u00e3o saber como eu aguentava o temperamento dele. E ele, em algumas discuss\u00f5es, dizia que eu era a \u00fanica pessoa da Secretaria que o rebatia. At\u00e9 que num desses embates entreguei o cargo.<\/p>\n<p>Passaram-se alguns dias e ele veio me propor para eu n\u00e3o sair, tirar uma f\u00e9rias. Mas a quest\u00e3o ali j\u00e1 era outra. N\u00e3o me via mais passando n\u00famero de dengue e leptospirose pra Imprensa. Queria trabalhar em outras miss\u00f5es. Escrevi ent\u00e3o uma carta pra ele, contado de meus anseios e tamb\u00e9m revelando a minha ETERNA GRATID\u00c3O a ele, e segui pra outros rumos profissionais. Isso foi em agosto de 2003.<\/p>\n<p>Ainda hoje sonho com ele e com a Secretaria, tamanha a intensidade das viv\u00eancias. Como fui feliz naquele tempo, convivendo com pessoas t\u00e3o especiais. Como aprendi! Como sou grata ao senhor, secret\u00e1rio! Sua confian\u00e7a em mim, l\u00e1 no comecinho de minha carreira, foi fundamental para minha autoconfian\u00e7a, pro meu fortalecimento profissional e pessoal.<\/p>\n<p>Nutria a esperan\u00e7a de reencontr\u00e1-lo e poder novamente lhe agradecer. Mas hoje levei uma rasteira.<\/p>\n<p>Acendo aqui neste momento uma vela para que sua passagem seja de muita luz. Sua miss\u00e3o c\u00e1 na Terra foi imensa. E sua garra tamb\u00e9m!<\/p>\n<p>Com amor, Luciana.<\/p>\n<p><em>*\u00a0 Lu Rabelo\u00a0\u00e9\u00a0<a href=\"https:\/\/www.facebook.com\/cantadeiralu\" target=\"_blank\" rel=\"noopener\">cantadeira<\/a>, arteterapeuta, jornalista e editora do Portal Flores no Ar.<\/em><\/p>\n","protected":false},"excerpt":{"rendered":"<p>| Por Lu Rabelo* | Acabei ser informada que Dr. Robalinho faleceu. Tomei um susto. Me vem um ch\u00f4ro saudoso e profundo. Comecei a trabalhar com Dr. Robalinho em 1997\/1998, quando era estagi\u00e1ria de jornalismo da Secretaria de Imprensa da Prefeitura do Recife. Na \u00e9poca fui designada para ficar fazendo a cobertura da Secretaria Municipal [&hellip;]<\/p>\n","protected":false},"author":1,"featured_media":40427,"comment_status":"open","ping_status":"open","sticky":false,"template":"","format":"standard","meta":{"om_disable_all_campaigns":false,"_monsterinsights_skip_tracking":false,"_monsterinsights_sitenote_active":false,"_monsterinsights_sitenote_note":"","_monsterinsights_sitenote_category":0,"footnotes":""},"categories":[227,220],"tags":[499,19,1059],"acf":[],"publishpress_future_action":{"enabled":false,"date":"1969-12-31 21:00:00","action":"","terms":[],"taxonomy":"","browser_timezone_offset":0},"_links":{"self":[{"href":"https:\/\/portalfloresnoar.com\/floresnoar\/wp-json\/wp\/v2\/posts\/40426"}],"collection":[{"href":"https:\/\/portalfloresnoar.com\/floresnoar\/wp-json\/wp\/v2\/posts"}],"about":[{"href":"https:\/\/portalfloresnoar.com\/floresnoar\/wp-json\/wp\/v2\/types\/post"}],"author":[{"embeddable":true,"href":"https:\/\/portalfloresnoar.com\/floresnoar\/wp-json\/wp\/v2\/users\/1"}],"replies":[{"embeddable":true,"href":"https:\/\/portalfloresnoar.com\/floresnoar\/wp-json\/wp\/v2\/comments?post=40426"}],"version-history":[{"count":0,"href":"https:\/\/portalfloresnoar.com\/floresnoar\/wp-json\/wp\/v2\/posts\/40426\/revisions"}],"wp:featuredmedia":[{"embeddable":true,"href":"https:\/\/portalfloresnoar.com\/floresnoar\/wp-json\/wp\/v2\/media\/40427"}],"wp:attachment":[{"href":"https:\/\/portalfloresnoar.com\/floresnoar\/wp-json\/wp\/v2\/media?parent=40426"}],"wp:term":[{"taxonomy":"category","embeddable":true,"href":"https:\/\/portalfloresnoar.com\/floresnoar\/wp-json\/wp\/v2\/categories?post=40426"},{"taxonomy":"post_tag","embeddable":true,"href":"https:\/\/portalfloresnoar.com\/floresnoar\/wp-json\/wp\/v2\/tags?post=40426"}],"curies":[{"name":"wp","href":"https:\/\/api.w.org\/{rel}","templated":true}]}}