

{"id":40407,"date":"2021-04-16T12:23:35","date_gmt":"2021-04-16T15:23:35","guid":{"rendered":"http:\/\/portalfloresnoar.com\/floresnoar\/?p=40407"},"modified":"2021-10-21T19:32:51","modified_gmt":"2021-10-21T22:32:51","slug":"agenda-o-encontro-com-o-mal-e-sua-superacao-na-ciencia-espiritual-e-tema-de-palestra-on-line-nesta-quarta-com-ana-virginia-franca","status":"publish","type":"post","link":"https:\/\/portalfloresnoar.com\/floresnoar\/agenda-o-encontro-com-o-mal-e-sua-superacao-na-ciencia-espiritual-e-tema-de-palestra-on-line-nesta-quarta-com-ana-virginia-franca\/","title":{"rendered":"[AGENDA] &#8216;O encontro com o mal e sua supera\u00e7\u00e3o na Ci\u00eancia Espiritual&#8217;, \u00e9 tema de palestra on-line nesta quarta, com Ana Virg\u00ednia Fran\u00e7a"},"content":{"rendered":"<p><img decoding=\"async\" loading=\"lazy\" class=\"aligncenter size-large wp-image-40408\" src=\"http:\/\/portalfloresnoar.com\/floresnoar\/wp-content\/uploads\/2021\/10\/ana-virginia-farmaceutica-farmacia-piramide-700x700.jpg\" alt=\"\" width=\"700\" height=\"700\" srcset=\"https:\/\/portalfloresnoar.com\/floresnoar\/wp-content\/uploads\/2021\/10\/ana-virginia-farmaceutica-farmacia-piramide-700x700.jpg 700w, https:\/\/portalfloresnoar.com\/floresnoar\/wp-content\/uploads\/2021\/10\/ana-virginia-farmaceutica-farmacia-piramide-150x150.jpg 150w, https:\/\/portalfloresnoar.com\/floresnoar\/wp-content\/uploads\/2021\/10\/ana-virginia-farmaceutica-farmacia-piramide-300x300.jpg 300w, https:\/\/portalfloresnoar.com\/floresnoar\/wp-content\/uploads\/2021\/10\/ana-virginia-farmaceutica-farmacia-piramide-768x768.jpg 768w, https:\/\/portalfloresnoar.com\/floresnoar\/wp-content\/uploads\/2021\/10\/ana-virginia-farmaceutica-farmacia-piramide-100x100.jpg 100w, https:\/\/portalfloresnoar.com\/floresnoar\/wp-content\/uploads\/2021\/10\/ana-virginia-farmaceutica-farmacia-piramide.jpg 1080w\" sizes=\"(max-width: 700px) 100vw, 700px\" \/><\/p>\n<p>Na pr\u00f3xima quarta-feira, dia 20\/10, a farmac\u00eautica\u00a0Ana Virg\u00ednia Fran\u00e7a, diretora da <a href=\"https:\/\/piramidefarmacia.com.br\/\" target=\"_blank\" rel=\"noopener\">Farm\u00e1cia Pir\u00e2mide<\/a>, ministrar\u00e1 uma palestra on-line sobre o tema &#8216;O encontro com o mal e sua supera\u00e7\u00e3o na Ci\u00eancia Espiritual: a pedra fundamental do bem&#8217;. O encontro, promovido pelo <a href=\"https:\/\/www.instagram.com\/nucleoapantroposofico\/\" target=\"_blank\" rel=\"noopener\">N\u00facleo de Aprofundamento Antropos\u00f3fico (NAA)<\/a>, ser\u00e1 \u00e0s 19h30, via Zoom.<\/p>\n<p>&#8220;Defrontar o mal \u00e9 uma experi\u00eancia cada vez mais frequente na vida humana da atualidade, seja em acontecimentos noticiados pela m\u00eddia, seja no mais rec\u00f4ndito \u00e2mbito da vida particular. Entender essas diversifica\u00e7\u00f5es das for\u00e7as mal\u00e9ficas \u00e9 imprescind\u00edvel para produzirmos organiza\u00e7\u00f5es e desenhos no presente, para um futuro mais humano, ben\u00e9fico, livre e com mais possibilidades. Diante disso, convidamos Ana Virg\u00ednia\u00a0que vai nos falar sobre como podemos obter um sadio desenvolvimento espiritual atrav\u00e9s do encontro com o Mal&#8221;, informam\u00a0as coordenadoras do NAA, Janise Paiva e Suely Portela.<\/p>\n<p>II CICLO DE PALESTRAS<br \/>\nO evento faz parte do\u00a0 II Ciclo de Palestras promovido pelo NAA, com o intuito de criar um espa\u00e7o multidisciplinar de apresenta\u00e7\u00e3o, reflex\u00e3o e troca de conhecimentos, permeando temas ancorados em conceitos e pr\u00e1ticas relacionados \u00e0 Antroposofia e \u00e0 Pedagogia Waldorf.<\/p>\n<p>O ciclo completo \u00e9 composto por seis palestras, ministradas por diferentes convidados. Os inscritos que n\u00e3o puderem assistir ao vivo, ou que perderam alguma das palestras que j\u00e1 aconteceram, poder\u00e3o acessar as grava\u00e7\u00f5es dos encontros.<\/p>\n<p>\u00c9 poss\u00edvel se inscrever para assistir o ciclo completo, ou em alguma(s) das palestras individualmente. Confira a programa\u00e7\u00e3o neste link:\u00a0<a href=\"http:\/\/portalfloresnoar.com\/floresnoar\/agenda-nucleo-de-aprofundamento-antroposofico-realiza-ii-ciclo-de-palestras\/\" target=\"_blank\" rel=\"noopener\">http:\/\/portalfloresnoar.com\/floresnoar\/agenda-nucleo-de-aprofundamento-antroposofico-realiza-ii-ciclo-de-palestras\/<\/a><\/p>\n<p><strong>INVESTIMENTO<\/strong><br \/>\n<strong>Palestra individual:<\/strong>\u00a0R$ 35,00<br \/>\n<strong>Pacote incluindo as 6 palestras:<\/strong>\u00a0R$ 210,00<\/p>\n<p><strong>INSCRI\u00c7\u00d5ES<\/strong><br \/>\n<a href=\"https:\/\/nucleoapantroposofico.com.br\/segundo-ciclo-de-palestras\/\" target=\"_blank\" rel=\"noopener\">https:\/\/nucleoapantroposofico.com.br\/segundo-ciclo-de-palestras\/<\/a><\/p>\n<p><em>SERVI\u00c7O<\/em><br \/>\n<strong>Palestra\u00a0&#8216;O encontro com o mal e sua supera\u00e7\u00e3o na Ci\u00eancia Espiritual: a pedra fundamental do bem&#8217;, com Ana Virg\u00ednia Fran\u00e7a<\/strong><br \/>\n<strong>Data:<\/strong>\u00a020\/10\/2021 (quarta-feira)<br \/>\n<strong>Hora:<\/strong>\u00a019h30<br \/>\n<strong>Local:<\/strong>\u00a0Plataforma de videoconfer\u00eancia Zoom<\/p>\n<p><strong>MAIS INFORMA\u00c7\u00d5ES<\/strong><br \/>\n<strong>WhatsApp:<\/strong>\u00a0(81) 99908-5069<br \/>\n<strong>E-mail:<\/strong>\u00a0nucleoantroposofico@gmail.com<br \/>\n<strong>Instagram:<\/strong>\u00a0<a href=\"https:\/\/www.instagram.com\/nucleoapantroposofico\/\" target=\"_blank\" rel=\"noopener\">@nucleoantroposofico<\/a><\/p>\n","protected":false},"excerpt":{"rendered":"<p>Na pr\u00f3xima quarta-feira, dia 20\/10, a farmac\u00eautica\u00a0Ana Virg\u00ednia Fran\u00e7a, diretora da Farm\u00e1cia Pir\u00e2mide, ministrar\u00e1 uma palestra on-line sobre o tema &#8216;O encontro com o mal e sua supera\u00e7\u00e3o na Ci\u00eancia Espiritual: a pedra fundamental do bem&#8217;. O encontro, promovido pelo N\u00facleo de Aprofundamento Antropos\u00f3fico (NAA), ser\u00e1 \u00e0s 19h30, via Zoom. &#8220;Defrontar o mal \u00e9 uma [&hellip;]<\/p>\n","protected":false},"author":1,"featured_media":40409,"comment_status":"open","ping_status":"open","sticky":false,"template":"","format":"standard","meta":{"om_disable_all_campaigns":false,"_monsterinsights_skip_tracking":false,"_monsterinsights_sitenote_active":false,"_monsterinsights_sitenote_note":"","_monsterinsights_sitenote_category":0,"footnotes":""},"categories":[8,214],"tags":[23,577,305],"acf":[],"publishpress_future_action":{"enabled":false,"date":"1969-12-31 21:00:00","action":"","terms":[],"taxonomy":"","browser_timezone_offset":0},"_links":{"self":[{"href":"https:\/\/portalfloresnoar.com\/floresnoar\/wp-json\/wp\/v2\/posts\/40407"}],"collection":[{"href":"https:\/\/portalfloresnoar.com\/floresnoar\/wp-json\/wp\/v2\/posts"}],"about":[{"href":"https:\/\/portalfloresnoar.com\/floresnoar\/wp-json\/wp\/v2\/types\/post"}],"author":[{"embeddable":true,"href":"https:\/\/portalfloresnoar.com\/floresnoar\/wp-json\/wp\/v2\/users\/1"}],"replies":[{"embeddable":true,"href":"https:\/\/portalfloresnoar.com\/floresnoar\/wp-json\/wp\/v2\/comments?post=40407"}],"version-history":[{"count":0,"href":"https:\/\/portalfloresnoar.com\/floresnoar\/wp-json\/wp\/v2\/posts\/40407\/revisions"}],"wp:featuredmedia":[{"embeddable":true,"href":"https:\/\/portalfloresnoar.com\/floresnoar\/wp-json\/wp\/v2\/media\/40409"}],"wp:attachment":[{"href":"https:\/\/portalfloresnoar.com\/floresnoar\/wp-json\/wp\/v2\/media?parent=40407"}],"wp:term":[{"taxonomy":"category","embeddable":true,"href":"https:\/\/portalfloresnoar.com\/floresnoar\/wp-json\/wp\/v2\/categories?post=40407"},{"taxonomy":"post_tag","embeddable":true,"href":"https:\/\/portalfloresnoar.com\/floresnoar\/wp-json\/wp\/v2\/tags?post=40407"}],"curies":[{"name":"wp","href":"https:\/\/api.w.org\/{rel}","templated":true}]}}