

{"id":40403,"date":"2021-10-14T16:13:13","date_gmt":"2021-10-14T19:13:13","guid":{"rendered":"http:\/\/portalfloresnoar.com\/floresnoar\/?p=40403"},"modified":"2021-10-14T16:13:13","modified_gmt":"2021-10-14T19:13:13","slug":"agenda-spa-urbano-no-recife-com-a-terapeuta-silvia-garcia","status":"publish","type":"post","link":"https:\/\/portalfloresnoar.com\/floresnoar\/agenda-spa-urbano-no-recife-com-a-terapeuta-silvia-garcia\/","title":{"rendered":"[AGENDA] SPA Urbano, no Recife, com a terapeuta S\u00edlvia Garcia"},"content":{"rendered":"<p><img decoding=\"async\" loading=\"lazy\" class=\"wp-image-40404 aligncenter\" src=\"http:\/\/portalfloresnoar.com\/floresnoar\/wp-content\/uploads\/2021\/10\/spa-urbano-no-recife-700x417.jpeg\" alt=\"\" width=\"521\" height=\"310\" srcset=\"https:\/\/portalfloresnoar.com\/floresnoar\/wp-content\/uploads\/2021\/10\/spa-urbano-no-recife-700x417.jpeg 700w, https:\/\/portalfloresnoar.com\/floresnoar\/wp-content\/uploads\/2021\/10\/spa-urbano-no-recife-300x179.jpeg 300w, https:\/\/portalfloresnoar.com\/floresnoar\/wp-content\/uploads\/2021\/10\/spa-urbano-no-recife-768x458.jpeg 768w, https:\/\/portalfloresnoar.com\/floresnoar\/wp-content\/uploads\/2021\/10\/spa-urbano-no-recife.jpeg 1496w\" sizes=\"(max-width: 521px) 100vw, 521px\" \/><\/p>\n<p>A terapeuta integrativa S\u00edlvia Garcia est\u00e1 oferecendo, no seu espa\u00e7o terap\u00eautico localizado no bairro das Gra\u00e7as, no Recife, o programa SPA Urbano.<\/p>\n<p>O programa completo \u00e9 composto por quatro sess\u00f5es, onde s\u00e3o oferecidas as seguintes terapias:<br \/>\n&#8211; Banho Terap\u00eautico com Flores e Ervas Medicinais<br \/>\n&#8211; Cone Hindu<br \/>\n&#8211; Reiki<br \/>\n&#8211; Massagem<\/p>\n<p><em>Obs.: \u00c9 realizada uma sess\u00e3o por semana, de maneira seguida, pois isso garante o acompanhamento da evolu\u00e7\u00e3o do cliente. Cada sess\u00e3o tem dura\u00e7\u00e3o entre 1 hora e 1 hora e meia.<\/em><\/p>\n<p>De acordo com S\u00edlvia, o SPA Urbano tem o prop\u00f3sito de contemplar v\u00e1rias demandas do corpo e da alma. Conforme a an\u00e1lise das necessidades de cada cliente, as terapias v\u00e3o sendo aplicadas, garantindo um profundo relaxamento e qualidade no desempenho f\u00edsico, mental e emocional.<\/p>\n<p>&#8220;Esse programa estimula um olhar carinhoso e respons\u00e1vel para si mesma, v\u00e1rios padr\u00f5es ultrapassados caem por terra e o frescor de novos conceitos s\u00e3o acolhidos com um discernimento claro e confiante. Todas as terapias oferecidas s\u00e3o de grande pot\u00eancia de cura e bem-estar&#8221;, declara a terapeuta.<\/p>\n<p><strong>Valor:<\/strong> R$ 400,00 (incluindo as 4 sess\u00f5es)<br \/>\n<em>Obs.: pagamento \u00e0 vista ou no cart\u00e3o de cr\u00e9dito.<\/em><\/p>\n<p><strong>AGENDAMENTO E MAIS INFORMA\u00c7\u00d5ES<\/strong><br \/>\n<strong>WhatsApp:<\/strong>\u00a0(81) 99900.8769<br \/>\n<strong>Instagram:<\/strong>\u00a0<a href=\"https:\/\/www.instagram.com\/silvia.vieira.garcia\/\" target=\"_blank\" rel=\"noopener\">@silvia.vieira.garcia<\/a><br \/>\n<strong>Local de atendimento:<\/strong>\u00a0Rua do Cupim, 259, sala 203, Gra\u00e7as, Recife\/PE<\/p>\n","protected":false},"excerpt":{"rendered":"<p>A terapeuta integrativa S\u00edlvia Garcia est\u00e1 oferecendo, no seu espa\u00e7o terap\u00eautico localizado no bairro das Gra\u00e7as, no Recife, o programa SPA Urbano. O programa completo \u00e9 composto por quatro sess\u00f5es, onde s\u00e3o oferecidas as seguintes terapias: &#8211; Banho Terap\u00eautico com Flores e Ervas Medicinais &#8211; Cone Hindu &#8211; Reiki &#8211; Massagem Obs.: \u00c9 realizada uma [&hellip;]<\/p>\n","protected":false},"author":1,"featured_media":40404,"comment_status":"open","ping_status":"open","sticky":false,"template":"","format":"standard","meta":{"om_disable_all_campaigns":false,"_monsterinsights_skip_tracking":false,"_monsterinsights_sitenote_active":false,"_monsterinsights_sitenote_note":"","_monsterinsights_sitenote_category":0,"footnotes":""},"categories":[8,224,214],"tags":[325,993,326,82,37,239,638,127],"acf":[],"publishpress_future_action":{"enabled":false,"date":"1969-12-31 21:00:00","action":"","terms":[],"taxonomy":"","browser_timezone_offset":0},"_links":{"self":[{"href":"https:\/\/portalfloresnoar.com\/floresnoar\/wp-json\/wp\/v2\/posts\/40403"}],"collection":[{"href":"https:\/\/portalfloresnoar.com\/floresnoar\/wp-json\/wp\/v2\/posts"}],"about":[{"href":"https:\/\/portalfloresnoar.com\/floresnoar\/wp-json\/wp\/v2\/types\/post"}],"author":[{"embeddable":true,"href":"https:\/\/portalfloresnoar.com\/floresnoar\/wp-json\/wp\/v2\/users\/1"}],"replies":[{"embeddable":true,"href":"https:\/\/portalfloresnoar.com\/floresnoar\/wp-json\/wp\/v2\/comments?post=40403"}],"version-history":[{"count":0,"href":"https:\/\/portalfloresnoar.com\/floresnoar\/wp-json\/wp\/v2\/posts\/40403\/revisions"}],"wp:featuredmedia":[{"embeddable":true,"href":"https:\/\/portalfloresnoar.com\/floresnoar\/wp-json\/wp\/v2\/media\/40404"}],"wp:attachment":[{"href":"https:\/\/portalfloresnoar.com\/floresnoar\/wp-json\/wp\/v2\/media?parent=40403"}],"wp:term":[{"taxonomy":"category","embeddable":true,"href":"https:\/\/portalfloresnoar.com\/floresnoar\/wp-json\/wp\/v2\/categories?post=40403"},{"taxonomy":"post_tag","embeddable":true,"href":"https:\/\/portalfloresnoar.com\/floresnoar\/wp-json\/wp\/v2\/tags?post=40403"}],"curies":[{"name":"wp","href":"https:\/\/api.w.org\/{rel}","templated":true}]}}