

{"id":40389,"date":"2022-01-09T09:49:54","date_gmt":"2022-01-09T12:49:54","guid":{"rendered":"http:\/\/portalfloresnoar.com\/floresnoar\/?p=40389"},"modified":"2022-02-03T13:22:18","modified_gmt":"2022-02-03T16:22:18","slug":"agenda-silvia-garcia-oferece-atendimentos-terapeuticos-integrativos-no-bairro-das-gracas-no-recife","status":"publish","type":"post","link":"https:\/\/portalfloresnoar.com\/floresnoar\/agenda-silvia-garcia-oferece-atendimentos-terapeuticos-integrativos-no-bairro-das-gracas-no-recife\/","title":{"rendered":"[AGENDA] S\u00edlvia Garcia oferece atendimentos terap\u00eauticos integrativos no bairro das Gra\u00e7as, no Recife"},"content":{"rendered":"<p><img decoding=\"async\" loading=\"lazy\" class=\"wp-image-40755 aligncenter\" src=\"http:\/\/portalfloresnoar.com\/floresnoar\/wp-content\/uploads\/2022\/01\/terapeuta-silvia-garcia-700x467.jpg\" alt=\"\" width=\"555\" height=\"370\" srcset=\"https:\/\/portalfloresnoar.com\/floresnoar\/wp-content\/uploads\/2022\/01\/terapeuta-silvia-garcia-700x467.jpg 700w, https:\/\/portalfloresnoar.com\/floresnoar\/wp-content\/uploads\/2022\/01\/terapeuta-silvia-garcia-300x200.jpg 300w, https:\/\/portalfloresnoar.com\/floresnoar\/wp-content\/uploads\/2022\/01\/terapeuta-silvia-garcia-768x512.jpg 768w, https:\/\/portalfloresnoar.com\/floresnoar\/wp-content\/uploads\/2022\/01\/terapeuta-silvia-garcia.jpg 1100w\" sizes=\"(max-width: 555px) 100vw, 555px\" \/><\/p>\n<p>A terapeuta Integrativa Sist\u00eamica S\u00edlvia Garcia oferece atendimentos presenciais, no seu consult\u00f3rio, localizado no bairro das Gra\u00e7as, no Recife. As consultas s\u00e3o individuais e todos os protocolos de preven\u00e7\u00e3o \u00e0 Covid-19 est\u00e3o sendo cumpridos. Al\u00e9m das consultas presenciais, a terapeuta continua tamb\u00e9m atendendo virtualmente.<\/p>\n<p>No local de atendimento, S\u00edlvia tamb\u00e9m oferece os Banhos Terap\u00eauticos, al\u00e9m de uma gama de terapias que visam fortalecer todo o sistema imunol\u00f3gico, como tamb\u00e9m proporcionar bem-estar, harmonia e o al\u00edvio de dores f\u00edsicas e emocionais.<\/p>\n<p>&#8220;Silvia \u00e9 menina, mulher e anci\u00e3! Todas de uma escuta poderosa e uma fala s\u00e1bia, acolhedora e brincante. O banho \u00e9 poesia pura. A experi\u00eancia inteira \u00e9 cura. Uma terapia de amor, de leveza e de limpeza&#8221;, declara a artista Lua, que vem sendo cuidada pela terapeuta.<\/p>\n<p>TERAPIAS OFERECIDAS<br \/>\n\u2022 Aromaterapia<br \/>\n\u2022 Banhos Terap\u00eauticos<br \/>\n\u2022 Barras de Access\u00ae<br \/>\n\u2022 Cone Hindu, Metodologia Emilyn Hasbeni\u00ae<br \/>\n\u2022 Cuidado Energ\u00e9tico do seu Pet com o uso da Radiestesia<br \/>\n\u2022 Fitoenerg\u00e9tica<br \/>\n\u2022 Floral<br \/>\n\u2022 Harmoniza\u00e7\u00e3o de Ambientes com o uso da Radiestesia<br \/>\n\u2022 Leitura dos Registros Ak\u00e1shicos somado a Apometria<br \/>\n\u2022 Osho Neo-Rebalancing (Massagem Profunda)<br \/>\n\u2022 Processos Corporais de Access\u00ae<br \/>\n\u2022 Reiki<br \/>\n\u2022 Thetahealing\u00ae<\/p>\n<p><strong>AGENDAMENTO DE CONSULTAS E MAIS INFORMA\u00c7\u00d5ES<\/strong><br \/>\n<strong>WhatsApp:<\/strong>\u00a0(81) 99900.8769<br \/>\n<strong>Instagram:<\/strong>\u00a0<a href=\"https:\/\/www.instagram.com\/silvia.vieira.garcia\/\" target=\"_blank\" rel=\"noopener\">@silvia.vieira.garcia<\/a><br \/>\n<strong>Local de atendimento:<\/strong>\u00a0Rua do Cupim, 259, sala 203, Gra\u00e7as, Recife\/PE<\/p>\n","protected":false},"excerpt":{"rendered":"<p>A terapeuta Integrativa Sist\u00eamica S\u00edlvia Garcia oferece atendimentos presenciais, no seu consult\u00f3rio, localizado no bairro das Gra\u00e7as, no Recife. As consultas s\u00e3o individuais e todos os protocolos de preven\u00e7\u00e3o \u00e0 Covid-19 est\u00e3o sendo cumpridos. Al\u00e9m das consultas presenciais, a terapeuta continua tamb\u00e9m atendendo virtualmente. No local de atendimento, S\u00edlvia tamb\u00e9m oferece os Banhos Terap\u00eauticos, al\u00e9m [&hellip;]<\/p>\n","protected":false},"author":1,"featured_media":40755,"comment_status":"open","ping_status":"open","sticky":false,"template":"","format":"standard","meta":{"om_disable_all_campaigns":false,"_monsterinsights_skip_tracking":false,"_monsterinsights_sitenote_active":false,"_monsterinsights_sitenote_note":"","_monsterinsights_sitenote_category":0,"footnotes":""},"categories":[8,214],"tags":[73,993,630,902,75,326,360,739,707,37,435,127,286],"acf":[],"publishpress_future_action":{"enabled":false,"date":"1969-12-31 21:00:00","action":"","terms":[],"taxonomy":"","browser_timezone_offset":0},"_links":{"self":[{"href":"https:\/\/portalfloresnoar.com\/floresnoar\/wp-json\/wp\/v2\/posts\/40389"}],"collection":[{"href":"https:\/\/portalfloresnoar.com\/floresnoar\/wp-json\/wp\/v2\/posts"}],"about":[{"href":"https:\/\/portalfloresnoar.com\/floresnoar\/wp-json\/wp\/v2\/types\/post"}],"author":[{"embeddable":true,"href":"https:\/\/portalfloresnoar.com\/floresnoar\/wp-json\/wp\/v2\/users\/1"}],"replies":[{"embeddable":true,"href":"https:\/\/portalfloresnoar.com\/floresnoar\/wp-json\/wp\/v2\/comments?post=40389"}],"version-history":[{"count":0,"href":"https:\/\/portalfloresnoar.com\/floresnoar\/wp-json\/wp\/v2\/posts\/40389\/revisions"}],"wp:featuredmedia":[{"embeddable":true,"href":"https:\/\/portalfloresnoar.com\/floresnoar\/wp-json\/wp\/v2\/media\/40755"}],"wp:attachment":[{"href":"https:\/\/portalfloresnoar.com\/floresnoar\/wp-json\/wp\/v2\/media?parent=40389"}],"wp:term":[{"taxonomy":"category","embeddable":true,"href":"https:\/\/portalfloresnoar.com\/floresnoar\/wp-json\/wp\/v2\/categories?post=40389"},{"taxonomy":"post_tag","embeddable":true,"href":"https:\/\/portalfloresnoar.com\/floresnoar\/wp-json\/wp\/v2\/tags?post=40389"}],"curies":[{"name":"wp","href":"https:\/\/api.w.org\/{rel}","templated":true}]}}