

{"id":40370,"date":"2021-04-03T09:27:56","date_gmt":"2021-04-03T12:27:56","guid":{"rendered":"http:\/\/portalfloresnoar.com\/floresnoar\/?p=40370"},"modified":"2021-10-14T16:32:52","modified_gmt":"2021-10-14T19:32:52","slug":"agenda-palestra-on-line-aborda-o-metodo-padovan-de-reorganizacao-neurofuncional-no-dia-610","status":"publish","type":"post","link":"https:\/\/portalfloresnoar.com\/floresnoar\/agenda-palestra-on-line-aborda-o-metodo-padovan-de-reorganizacao-neurofuncional-no-dia-610\/","title":{"rendered":"[AGENDA] Palestra on-line aborda o M\u00e9todo Padovan de Reorganiza\u00e7\u00e3o Neurofuncional, no dia 6\/10"},"content":{"rendered":"<p><img decoding=\"async\" loading=\"lazy\" class=\"aligncenter wp-image-40372\" src=\"http:\/\/portalfloresnoar.com\/floresnoar\/wp-content\/uploads\/2021\/10\/palestra-metodo-padovan-700x700.jpeg\" alt=\"\" width=\"633\" height=\"633\" srcset=\"https:\/\/portalfloresnoar.com\/floresnoar\/wp-content\/uploads\/2021\/10\/palestra-metodo-padovan-700x700.jpeg 700w, https:\/\/portalfloresnoar.com\/floresnoar\/wp-content\/uploads\/2021\/10\/palestra-metodo-padovan-150x150.jpeg 150w, https:\/\/portalfloresnoar.com\/floresnoar\/wp-content\/uploads\/2021\/10\/palestra-metodo-padovan-300x300.jpeg 300w, https:\/\/portalfloresnoar.com\/floresnoar\/wp-content\/uploads\/2021\/10\/palestra-metodo-padovan-768x768.jpeg 768w, https:\/\/portalfloresnoar.com\/floresnoar\/wp-content\/uploads\/2021\/10\/palestra-metodo-padovan-100x100.jpeg 100w, https:\/\/portalfloresnoar.com\/floresnoar\/wp-content\/uploads\/2021\/10\/palestra-metodo-padovan.jpeg 1080w\" sizes=\"(max-width: 633px) 100vw, 633px\" \/><\/p>\n<p>Existe uma abordagem terap\u00eautica que utiliza estrat\u00e9gias para reabilitar o Sistema Nervoso de maneira din\u00e2mica, visando tornar o indiv\u00edduo apto a cumprir o seu potencial gen\u00e9tico e adquirir todas as suas capacidades, tais como\u00a0 andar, falar e pensar. \u00c9 o\u00a0M\u00e9todo Padovan de Reorganiza\u00e7\u00e3o Neurofuncional.<\/p>\n<p>Nesta quarta-feira, dia 6 de outubro de 2021, \u00e0s 19h30, a Dra. Liliany Pereira, m\u00e9dica pediatra, neonatologista e terapeuta Padovan ministrar\u00e1 a palestra on-line &#8216;Reabilita\u00e7\u00e3o na perspectiva do neurodesenvolvimento: minha viv\u00eancia com o m\u00e9todo Padovan&#8217;.<\/p>\n<p>No encontro, a m\u00e9dica. abordar\u00e1 os enfoques da neuroplasticidade, o desenvolvimento cerebral desde o \u00fatero, a import\u00e2ncia de uma reabilita\u00e7\u00e3o dentro da ontogen\u00e9tica e os resultados do M\u00e9todo Padovan desde o rec\u00e9m-nascido prematuro \u00e0 crian\u00e7a com Paralisia cerebral e no transtorno do espectro Autista.<\/p>\n<p>Os inscritos que n\u00e3o puderem assistir a palestra ao vivo, ou que perderam alguma das palestras que j\u00e1 aconteceram, poder\u00e3o acessar as grava\u00e7\u00f5es dos encontros. \u00c9 poss\u00edvel se inscrever para o ciclo completo, ou em alguma(s) das palestras individualmente.<\/p>\n<p>O evento faz parte do II Ciclo de Palestras do N\u00facleo de Aprofundamento Antropos\u00f3fico, que\u00a0tem o intuito de criar um espa\u00e7o multidisciplinar de apresenta\u00e7\u00e3o, reflex\u00e3o e troca de conhecimentos, permeando temas ancorados em conceitos e pr\u00e1ticas relacionados \u00e0 Antroposofia e \u00e0 Pedagogia Waldorf.<\/p>\n<p>SERVI\u00c7O<br \/>\n<em><strong>Palestra \u2018Reabilita\u00e7\u00e3o na perspectiva do neurodesenvolvimento: minha viv\u00eancia com o m\u00e9todo Padovan&#8217;\u2019<\/strong><\/em><br \/>\n<strong>Data:<\/strong>\u00a006\/10\/2021 (quarta-feira)<br \/>\n<strong>Hora:<\/strong>\u00a019h30<br \/>\n<strong>Local:<\/strong>\u00a0Plataforma de videoconfer\u00eancia on-line Zoom<br \/>\n<strong>Valor:<\/strong>\u00a0R$ 35,00<br \/>\n<strong>Inscri\u00e7\u00f5es, neste link:<a href=\"https:\/\/nucleoapantroposofico.com.br\/segundo-ciclo-de-palestras\/\" target=\"_blank\" rel=\"noopener\">\u00a0https:\/\/nucleoapantroposofico.com.br\/segundo-ciclo-de-palestras\/<\/a><\/strong><\/p>\n<p><em><strong>Obs.:<\/strong> O pacote incluindo as seis palestras pode ser adquirido pelo valor de R$ 210,00. A programa\u00e7\u00e3o completa pode ser acessada <strong><a href=\"https:\/\/nucleoapantroposofico.com.br\/segundo-ciclo-de-palestras\/\" target=\"_blank\" rel=\"noopener\">NESTE LINK<\/a><\/strong>!<\/em><\/p>\n<p><strong>MAIS INFORMA\u00c7\u00d5ES<\/strong><br \/>\n<strong>Fone\/WhatsApp:<\/strong>\u00a0(81) 99908.5069<br \/>\n<strong>E-mail:<\/strong>\u00a0nucleoapantroposofico@gmail.com<br \/>\n<strong>Instagram:<\/strong>\u00a0<a href=\"https:\/\/www.instagram.com\/nucleoapantroposofico\/\" target=\"_blank\" rel=\"noopener\">@nucleoapantroposofico<\/a><\/p>\n","protected":false},"excerpt":{"rendered":"<p>Existe uma abordagem terap\u00eautica que utiliza estrat\u00e9gias para reabilitar o Sistema Nervoso de maneira din\u00e2mica, visando tornar o indiv\u00edduo apto a cumprir o seu potencial gen\u00e9tico e adquirir todas as suas capacidades, tais como\u00a0 andar, falar e pensar. \u00c9 o\u00a0M\u00e9todo Padovan de Reorganiza\u00e7\u00e3o Neurofuncional. Nesta quarta-feira, dia 6 de outubro de 2021, \u00e0s 19h30, a [&hellip;]<\/p>\n","protected":false},"author":1,"featured_media":40371,"comment_status":"open","ping_status":"open","sticky":false,"template":"","format":"standard","meta":{"om_disable_all_campaigns":false,"_monsterinsights_skip_tracking":false,"_monsterinsights_sitenote_active":false,"_monsterinsights_sitenote_note":"","_monsterinsights_sitenote_category":0,"footnotes":""},"categories":[8,214],"tags":[23,577,305],"acf":[],"publishpress_future_action":{"enabled":false,"date":"1969-12-31 21:00:00","action":"","terms":[],"taxonomy":"","browser_timezone_offset":0},"_links":{"self":[{"href":"https:\/\/portalfloresnoar.com\/floresnoar\/wp-json\/wp\/v2\/posts\/40370"}],"collection":[{"href":"https:\/\/portalfloresnoar.com\/floresnoar\/wp-json\/wp\/v2\/posts"}],"about":[{"href":"https:\/\/portalfloresnoar.com\/floresnoar\/wp-json\/wp\/v2\/types\/post"}],"author":[{"embeddable":true,"href":"https:\/\/portalfloresnoar.com\/floresnoar\/wp-json\/wp\/v2\/users\/1"}],"replies":[{"embeddable":true,"href":"https:\/\/portalfloresnoar.com\/floresnoar\/wp-json\/wp\/v2\/comments?post=40370"}],"version-history":[{"count":0,"href":"https:\/\/portalfloresnoar.com\/floresnoar\/wp-json\/wp\/v2\/posts\/40370\/revisions"}],"wp:featuredmedia":[{"embeddable":true,"href":"https:\/\/portalfloresnoar.com\/floresnoar\/wp-json\/wp\/v2\/media\/40371"}],"wp:attachment":[{"href":"https:\/\/portalfloresnoar.com\/floresnoar\/wp-json\/wp\/v2\/media?parent=40370"}],"wp:term":[{"taxonomy":"category","embeddable":true,"href":"https:\/\/portalfloresnoar.com\/floresnoar\/wp-json\/wp\/v2\/categories?post=40370"},{"taxonomy":"post_tag","embeddable":true,"href":"https:\/\/portalfloresnoar.com\/floresnoar\/wp-json\/wp\/v2\/tags?post=40370"}],"curies":[{"name":"wp","href":"https:\/\/api.w.org\/{rel}","templated":true}]}}