

{"id":40366,"date":"2021-12-03T16:55:27","date_gmt":"2021-12-03T19:55:27","guid":{"rendered":"http:\/\/portalfloresnoar.com\/floresnoar\/?p=40366"},"modified":"2021-12-30T13:48:05","modified_gmt":"2021-12-30T16:48:05","slug":"agenda-bia-melo-oferece-tratamentos-terapeuticos-com-reiki-galactico","status":"publish","type":"post","link":"https:\/\/portalfloresnoar.com\/floresnoar\/agenda-bia-melo-oferece-tratamentos-terapeuticos-com-reiki-galactico\/","title":{"rendered":"[AGENDA] Bia Melo oferece tratamentos terap\u00eauticos com Reiki Gal\u00e1ctico"},"content":{"rendered":"<p><img decoding=\"async\" loading=\"lazy\" class=\"aligncenter wp-image-40367\" src=\"http:\/\/portalfloresnoar.com\/floresnoar\/wp-content\/uploads\/2021\/09\/Reiki-Galactico-700x389.jpg\" alt=\"\" width=\"592\" height=\"328\" srcset=\"https:\/\/portalfloresnoar.com\/floresnoar\/wp-content\/uploads\/2021\/09\/Reiki-Galactico-700x389.jpg 700w, https:\/\/portalfloresnoar.com\/floresnoar\/wp-content\/uploads\/2021\/09\/Reiki-Galactico-300x167.jpg 300w, https:\/\/portalfloresnoar.com\/floresnoar\/wp-content\/uploads\/2021\/09\/Reiki-Galactico-672x372.jpg 672w, https:\/\/portalfloresnoar.com\/floresnoar\/wp-content\/uploads\/2021\/09\/Reiki-Galactico.jpg 720w\" sizes=\"(max-width: 592px) 100vw, 592px\" \/><\/p>\n<p>A estudiosa da Lei do Tempo, reikiana e artista visual Bia Melo est\u00e1 oferecendo atendimentos a dist\u00e2ncia de\u00a0Reiki Gal\u00e1ctico, um tratamento terap\u00eautico energ\u00e9tico que potencializa o autoconhecimento, o autocuidado e\u00a0 a harmonia nas rela\u00e7\u00f5es.<\/p>\n<p>&#8220;Reiki significa energia (rei) vital (ki). \u00c9 uma t\u00e9cnica simples e milenar de cura energ\u00e9tica atrav\u00e9s das m\u00e3os, que trabalha em v\u00e1rios n\u00edveis do nosso ser: f\u00edsico, emocional, mental e espiritual. A energia do Reiki \u00e9 inteligente, encontrando o caminho e pontos necess\u00e1rios para harmonizar a pessoa ou o ambiente que a recebe, trazendo bem-estar e equil\u00edbrio.\u00a0O termo Reiki Gal\u00e1ctico veio da uni\u00e3o entre a pr\u00e1tica do Reiki com os meus conhecimentos da Lei do Tempo e do Sincron\u00e1rio das 13 Luas, os quais re\u00fanem c\u00f3digos que ativam a nossa mem\u00f3ria multidimensional&#8221;, explica Bia, acrescentando que qualquer pessoa pode\u00a0receber a energia do Reiki Gal\u00e1ctico, bastando apenas estar aberta e querer.<\/p>\n<p>Segundo Bia, s\u00e3o oferecidas as seguintes formas de tratamento:<\/p>\n<ul>\n<li><strong>Tratamento Individual<\/strong> &gt;&gt; Aqui, uno a pr\u00e1tica do Reiki com o meu conhecimento dos c\u00f3digos da Lei do Tempo, gerando um mapeamento corporal que identifica quest\u00f5es a serem trabalhadas, tanto a n\u00edvel f\u00edsico, como emocional, mental e espiritual.<\/li>\n<li><strong>Tratamento Fam\u00edlia<\/strong> &gt;&gt; Neste formato visualizo e mantenho uma mandala energ\u00e9tica formada pelas pessoas do grupo, levando benef\u00edcios a n\u00edvel individual e harmonizando as rela\u00e7\u00f5es entre os integrantes. Neste tratamento, eu calculo a Harm\u00f4nica Celeste do grupo, que nos informa sobre as for\u00e7as energ\u00e9ticas predominantes no contexto, como potencialidades e desafios, auxiliando o reconhecimento e entendimento da pr\u00f3pria din\u00e2mica familiar.<\/li>\n<\/ul>\n<p><strong>Obs.1<\/strong>: As sess\u00f5es s\u00e3o feitas \u00e0 dist\u00e2ncia e duram em m\u00e9dia 40min.<\/p>\n<p><strong>Obs.2:<\/strong> Para qualquer um dos tratamentos, \u00e9 necess\u00e1rio que cada indiv\u00edduo esteja ciente e queira receber o Reiki. As \u00fanicas informa\u00e7\u00f5es necess\u00e1rias s\u00e3o: nome(s) completo(s) e data(s) de nascimento.<\/p>\n<p>DEPOIMENTOS DE QUEM J\u00c1 RECEBEU O REIKI GAL\u00c1CTICO<\/p>\n<p>\u201cQuero te agradecer pela energia linda e maravilhosa do Reiki que voc\u00ea faz. Algo m\u00e1gico aconteceu ap\u00f3s as sess\u00f5es, me deixando em paz com todas as minhas rela\u00e7\u00f5es. Foi uma verdadeira ben\u00e7\u00e3o.\u201d (Sandra Wigand, terapeuta).<\/p>\n<p>&#8220;Ao receber o Reiki Gal\u00e1ctico eu senti uma energia t\u00e3o boa, que eu fiquei zen. E minha filha, que n\u00e3o estava bem de sa\u00fade, e tamb\u00e9m recebeu o Reiki, ficou curada.\u201d (Rosilda Silva, diarista).<\/p>\n<p>&#8220;Obrigada, Bia, pela troca, pela dedica\u00e7\u00e3o, pela doa\u00e7\u00e3o, pela tua sensibilidade, pelo teu tempo e carinho. Eu t\u00f4 muito feliz da gente ter come\u00e7ado esse processo, porque eu estou achando a experi\u00eancia muito incr\u00edvel. Tu t\u00e1 na hora certa, no lugar certo, fazendo a coisa certa. E o benef\u00edcio \u00e9 tremendo! Eu acho o Sincron\u00e1rio fascinante e achei genial essa tua ideia de juntar as duas coisas. E eu acho muito legal porque, mesmo conhecendo o Reiki, de fato \u00e9 muito interessante esse mapeamento corporal, porque \u00e9 uma chave de leitura a mais.&#8221; (Isabelle Rufino, advogada).<\/p>\n<p>SOBRE A TERAPEUTA<br \/>\n<strong>Bia Melo<\/strong> \u00e9 m\u00e3e de 3, artista visual e estudiosa da Lei do Tempo. Foi iniciada nos <a href=\"https:\/\/www.instagram.com\/codigosdotempo\/\" target=\"_blank\" rel=\"noopener\">@codigosdotempo<\/a> pela Flaviah Motta, faz Leituras de Mapas Gal\u00e1cticos, e \u00e9 reikiana n\u00edvel 3A, iniciada e formada por <a href=\"https:\/\/www.instagram.com\/fatimanunesterapeuta\/\" target=\"_blank\" rel=\"noopener\">@fatimanunesterapeuta<\/a>.<\/p>\n<p>VALORES<br \/>\n<strong>Individual:<\/strong> R$120 (engloba 5 sess\u00f5es)<br \/>\n<strong>Fam\u00edlia\/Grupo:<\/strong> R$200 (engloba 4 sess\u00f5es)<\/p>\n<p>AGENDAMENTOS E MAIS INFORMA\u00c7\u00d5ES:<br \/>\n<strong>Celular\/ WhatsApp:<\/strong> (81) 985110704<br \/>\n<strong>E-mail:<\/strong> biazeeenha@gmail.com<br \/>\n<strong>Instagram:<\/strong> <a href=\"https:\/\/www.instagram.com\/ventodiluz\/\" target=\"_blank\" rel=\"noopener\">@ventodiluz<\/a> e <a href=\"https:\/\/www.instagram.com\/biameloart\/\" target=\"_blank\" rel=\"noopener\">@biameloart<\/a><\/p>\n","protected":false},"excerpt":{"rendered":"<p>A estudiosa da Lei do Tempo, reikiana e artista visual Bia Melo est\u00e1 oferecendo atendimentos a dist\u00e2ncia de\u00a0Reiki Gal\u00e1ctico, um tratamento terap\u00eautico energ\u00e9tico que potencializa o autoconhecimento, o autocuidado e\u00a0 a harmonia nas rela\u00e7\u00f5es. &#8220;Reiki significa energia (rei) vital (ki). \u00c9 uma t\u00e9cnica simples e milenar de cura energ\u00e9tica atrav\u00e9s das m\u00e3os, que trabalha em [&hellip;]<\/p>\n","protected":false},"author":1,"featured_media":40367,"comment_status":"open","ping_status":"open","sticky":false,"template":"","format":"standard","meta":{"om_disable_all_campaigns":false,"_monsterinsights_skip_tracking":false,"_monsterinsights_sitenote_active":false,"_monsterinsights_sitenote_note":"","_monsterinsights_sitenote_category":0,"footnotes":""},"categories":[8,214],"tags":[325,956,37,583,970],"acf":[],"publishpress_future_action":{"enabled":false,"date":"1969-12-31 21:00:00","action":"","terms":[],"taxonomy":"","browser_timezone_offset":0},"_links":{"self":[{"href":"https:\/\/portalfloresnoar.com\/floresnoar\/wp-json\/wp\/v2\/posts\/40366"}],"collection":[{"href":"https:\/\/portalfloresnoar.com\/floresnoar\/wp-json\/wp\/v2\/posts"}],"about":[{"href":"https:\/\/portalfloresnoar.com\/floresnoar\/wp-json\/wp\/v2\/types\/post"}],"author":[{"embeddable":true,"href":"https:\/\/portalfloresnoar.com\/floresnoar\/wp-json\/wp\/v2\/users\/1"}],"replies":[{"embeddable":true,"href":"https:\/\/portalfloresnoar.com\/floresnoar\/wp-json\/wp\/v2\/comments?post=40366"}],"version-history":[{"count":0,"href":"https:\/\/portalfloresnoar.com\/floresnoar\/wp-json\/wp\/v2\/posts\/40366\/revisions"}],"wp:featuredmedia":[{"embeddable":true,"href":"https:\/\/portalfloresnoar.com\/floresnoar\/wp-json\/wp\/v2\/media\/40367"}],"wp:attachment":[{"href":"https:\/\/portalfloresnoar.com\/floresnoar\/wp-json\/wp\/v2\/media?parent=40366"}],"wp:term":[{"taxonomy":"category","embeddable":true,"href":"https:\/\/portalfloresnoar.com\/floresnoar\/wp-json\/wp\/v2\/categories?post=40366"},{"taxonomy":"post_tag","embeddable":true,"href":"https:\/\/portalfloresnoar.com\/floresnoar\/wp-json\/wp\/v2\/tags?post=40366"}],"curies":[{"name":"wp","href":"https:\/\/api.w.org\/{rel}","templated":true}]}}