

{"id":40352,"date":"2021-04-27T10:16:03","date_gmt":"2021-04-27T13:16:03","guid":{"rendered":"http:\/\/portalfloresnoar.com\/floresnoar\/?p=40352"},"modified":"2021-09-30T11:52:43","modified_gmt":"2021-09-30T14:52:43","slug":"agenda-palestra-on-line-a-inclusao-escolar-como-tarefa-contemporanea-dia-2909","status":"publish","type":"post","link":"https:\/\/portalfloresnoar.com\/floresnoar\/agenda-palestra-on-line-a-inclusao-escolar-como-tarefa-contemporanea-dia-2909\/","title":{"rendered":"[AGENDA] Palestra on-line &#8216;A inclus\u00e3o escolar como tarefa contempor\u00e2nea&#8217;, dia 29\/09"},"content":{"rendered":"<p><img decoding=\"async\" loading=\"lazy\" class=\"aligncenter wp-image-40353\" src=\"http:\/\/portalfloresnoar.com\/floresnoar\/wp-content\/uploads\/2021\/09\/inclusao-escolar-antroposofia-700x700.jpeg\" alt=\"\" width=\"577\" height=\"577\" srcset=\"https:\/\/portalfloresnoar.com\/floresnoar\/wp-content\/uploads\/2021\/09\/inclusao-escolar-antroposofia-700x700.jpeg 700w, https:\/\/portalfloresnoar.com\/floresnoar\/wp-content\/uploads\/2021\/09\/inclusao-escolar-antroposofia-150x150.jpeg 150w, https:\/\/portalfloresnoar.com\/floresnoar\/wp-content\/uploads\/2021\/09\/inclusao-escolar-antroposofia-300x300.jpeg 300w, https:\/\/portalfloresnoar.com\/floresnoar\/wp-content\/uploads\/2021\/09\/inclusao-escolar-antroposofia-768x768.jpeg 768w, https:\/\/portalfloresnoar.com\/floresnoar\/wp-content\/uploads\/2021\/09\/inclusao-escolar-antroposofia-100x100.jpeg 100w, https:\/\/portalfloresnoar.com\/floresnoar\/wp-content\/uploads\/2021\/09\/inclusao-escolar-antroposofia.jpeg 1080w\" sizes=\"(max-width: 577px) 100vw, 577px\" \/><\/p>\n<p>&#8216;A inclus\u00e3o escolar como tarefa contempor\u00e2nea&#8217; \u00e9 o tema do pr\u00f3ximo encontro do\u00a0I Ciclo de Palestras do N\u00facleo de Aprofundamento Antropos\u00f3fico (NAA), que acontece no dia 29\/9 (quarta-feira), \u00e0s 19h30, via Zoom. A palestra ser\u00e1 ministrada pela professora Vanda Raulino, refer\u00eancia em educa\u00e7\u00e3o Infantil Waldorf e Antroposofia. Os inscritos que n\u00e3o puderem participar ao vivo, ter\u00e3o acesso \u00e0 grava\u00e7\u00e3o.<\/p>\n<p>&#8220;Com a professora Vanda Raulino, vamos fazer uma reflex\u00e3o sobre os paradigmas da normalidade e a proposta de inclus\u00e3o escolar&#8221;, declaram\u00a0as coordenadoras do NAA, Janise Paiva e Suely Portela.<\/p>\n<p>SOBRE A PALESTRANTE<br \/>\n<strong>Vanda Raulino<\/strong> atua na Pedagogia Waldorf h\u00e1 30 anos, sendo fundadora de Escolas Waldorf no Brasil. Coordena a P\u00f3s-Gradua\u00e7\u00e3o da educa\u00e7\u00e3o Infantil da Faculdade Rudolf Steiner e do N\u00facleo de Educa\u00e7\u00e3o Infantil em Jaguariuna. \u00c9 tutora e assessora, al\u00e9m de membro, da coordena\u00e7\u00e3o do F\u00f3rum de Formadores em Pedagogia Waldorf.<\/p>\n<p>O I Ciclo de Palestras do\u00a0N\u00facleo de Aprofundamento Antropos\u00f3fico (NAA) \u00e9 composto por cinco palestras, ministradas por diferentes convidados. Os inscritos que n\u00e3o puderem assistir ao vivo, ou que perderam alguma das palestras que j\u00e1 aconteceram, poder\u00e3o acessar as grava\u00e7\u00f5es dos encontros. \u00c9 poss\u00edvel se inscrever para o ciclo completo, ou em alguma(s) das palestras individualmente. Confira a programa\u00e7\u00e3o completa do I Ciclo de Palestras, neste link:\u00a0<a href=\"https:\/\/nucleoapantroposofico.com.br\/1-ciclo-de-palestras\/\" target=\"_blank\" rel=\"noopener\">https:\/\/nucleoapantroposofico.com.br\/1-ciclo-de-palestras\/<\/a><\/p>\n<p><strong>INVESTIMENTO<\/strong><br \/>\n<strong>Palestra individual:<\/strong>\u00a0R$ 62,00<br \/>\n<strong>Pacote incluindo as 5 palestras:<\/strong>\u00a0R$ 212,00<\/p>\n<p><strong>INSCRI\u00c7\u00d5ES<\/strong><br \/>\n<a href=\"https:\/\/nucleoapantroposofico.com.br\/1-ciclo-de-palestras\/\" target=\"_blank\" rel=\"noopener\">https:\/\/nucleoapantroposofico.com.br\/1-ciclo-de-palestras\/<\/a><\/p>\n<p><em>SERVI\u00c7O<\/em><br \/>\n<strong>Palestra &#8216;A inclus\u00e3o escolar como tarefa contempor\u00e2nea&#8217;, com Vanda Raulino<\/strong><br \/>\n<strong>Data:<\/strong>\u00a029\/09\/2021 (quarta-feira)<br \/>\n<strong>Hora:<\/strong>\u00a019h30<br \/>\n<strong>Local:<\/strong>\u00a0Plataforma de videoconfer\u00eancia Zoom<\/p>\n<p><strong>MAIS INFORMA\u00c7\u00d5ES<\/strong><br \/>\n<strong>WhatsApp:<\/strong>\u00a0(81) 99908-5069<br \/>\n<strong>E-mail:<\/strong>\u00a0nucleoantroposofico@gmail.com<br \/>\n<strong>Instagram:<\/strong>\u00a0<a href=\"https:\/\/www.instagram.com\/nucleoapantroposofico\/\" target=\"_blank\" rel=\"noopener\">@nucleoantroposofico<\/a><\/p>\n<p><em>Veja tamb\u00e9m!<\/em><\/p>\n<h3><a href=\"http:\/\/portalfloresnoar.com\/floresnoar\/agenda-nucleo-de-aprofundamento-antroposofico-realiza-ii-ciclo-de-palestras\/\" target=\"_blank\" rel=\"noopener\">\u00a0II\u00a0 Ciclo de Palestras do\u00a0N\u00facleo de Aprofundamento Antropos\u00f3fico (NAA)\u00a0<\/a><\/h3>\n","protected":false},"excerpt":{"rendered":"<p>&#8216;A inclus\u00e3o escolar como tarefa contempor\u00e2nea&#8217; \u00e9 o tema do pr\u00f3ximo encontro do\u00a0I Ciclo de Palestras do N\u00facleo de Aprofundamento Antropos\u00f3fico (NAA), que acontece no dia 29\/9 (quarta-feira), \u00e0s 19h30, via Zoom. A palestra ser\u00e1 ministrada pela professora Vanda Raulino, refer\u00eancia em educa\u00e7\u00e3o Infantil Waldorf e Antroposofia. Os inscritos que n\u00e3o puderem participar ao vivo, [&hellip;]<\/p>\n","protected":false},"author":1,"featured_media":40354,"comment_status":"open","ping_status":"open","sticky":false,"template":"","format":"standard","meta":{"om_disable_all_campaigns":false,"_monsterinsights_skip_tracking":false,"_monsterinsights_sitenote_active":false,"_monsterinsights_sitenote_note":"","_monsterinsights_sitenote_category":0,"footnotes":""},"categories":[8,214],"tags":[23,83,1052,461,115],"acf":[],"publishpress_future_action":{"enabled":false,"date":"1969-12-31 21:00:00","action":"","terms":[],"taxonomy":"","browser_timezone_offset":0},"_links":{"self":[{"href":"https:\/\/portalfloresnoar.com\/floresnoar\/wp-json\/wp\/v2\/posts\/40352"}],"collection":[{"href":"https:\/\/portalfloresnoar.com\/floresnoar\/wp-json\/wp\/v2\/posts"}],"about":[{"href":"https:\/\/portalfloresnoar.com\/floresnoar\/wp-json\/wp\/v2\/types\/post"}],"author":[{"embeddable":true,"href":"https:\/\/portalfloresnoar.com\/floresnoar\/wp-json\/wp\/v2\/users\/1"}],"replies":[{"embeddable":true,"href":"https:\/\/portalfloresnoar.com\/floresnoar\/wp-json\/wp\/v2\/comments?post=40352"}],"version-history":[{"count":0,"href":"https:\/\/portalfloresnoar.com\/floresnoar\/wp-json\/wp\/v2\/posts\/40352\/revisions"}],"wp:featuredmedia":[{"embeddable":true,"href":"https:\/\/portalfloresnoar.com\/floresnoar\/wp-json\/wp\/v2\/media\/40354"}],"wp:attachment":[{"href":"https:\/\/portalfloresnoar.com\/floresnoar\/wp-json\/wp\/v2\/media?parent=40352"}],"wp:term":[{"taxonomy":"category","embeddable":true,"href":"https:\/\/portalfloresnoar.com\/floresnoar\/wp-json\/wp\/v2\/categories?post=40352"},{"taxonomy":"post_tag","embeddable":true,"href":"https:\/\/portalfloresnoar.com\/floresnoar\/wp-json\/wp\/v2\/tags?post=40352"}],"curies":[{"name":"wp","href":"https:\/\/api.w.org\/{rel}","templated":true}]}}