

{"id":40321,"date":"2021-04-17T08:47:24","date_gmt":"2021-04-17T11:47:24","guid":{"rendered":"http:\/\/portalfloresnoar.com\/floresnoar\/?p=40321"},"modified":"2021-09-27T09:57:05","modified_gmt":"2021-09-27T12:57:05","slug":"agenda-palestra-on-line-o-desenvolvimento-do-self-a-luz-da-embriologia-dia-229-com-ricardo-ghelman","status":"publish","type":"post","link":"https:\/\/portalfloresnoar.com\/floresnoar\/agenda-palestra-on-line-o-desenvolvimento-do-self-a-luz-da-embriologia-dia-229-com-ricardo-ghelman\/","title":{"rendered":"[AGENDA] Palestra on-line &#8216;O desenvolvimento do Self \u00e0 luz da Embriologia&#8217;, dia 22\/9, com Ricardo Ghelman"},"content":{"rendered":"<p><img decoding=\"async\" loading=\"lazy\" class=\"aligncenter wp-image-40322\" src=\"http:\/\/portalfloresnoar.com\/floresnoar\/wp-content\/uploads\/2021\/09\/embriologia_antroposofia-700x700.jpg\" alt=\"\" width=\"631\" height=\"631\" srcset=\"https:\/\/portalfloresnoar.com\/floresnoar\/wp-content\/uploads\/2021\/09\/embriologia_antroposofia-700x700.jpg 700w, https:\/\/portalfloresnoar.com\/floresnoar\/wp-content\/uploads\/2021\/09\/embriologia_antroposofia-150x150.jpg 150w, https:\/\/portalfloresnoar.com\/floresnoar\/wp-content\/uploads\/2021\/09\/embriologia_antroposofia-300x300.jpg 300w, https:\/\/portalfloresnoar.com\/floresnoar\/wp-content\/uploads\/2021\/09\/embriologia_antroposofia-768x768.jpg 768w, https:\/\/portalfloresnoar.com\/floresnoar\/wp-content\/uploads\/2021\/09\/embriologia_antroposofia-100x100.jpg 100w, https:\/\/portalfloresnoar.com\/floresnoar\/wp-content\/uploads\/2021\/09\/embriologia_antroposofia.jpg 1080w\" sizes=\"(max-width: 631px) 100vw, 631px\" \/><\/p>\n<p>&#8216;O desenvolvimento do Self \u00e0 luz da Embriologia&#8217; \u00e9 o tema do pr\u00f3ximo encontro do\u00a0II Ciclo de Palestras do N\u00facleo de Aprofundamento Antropos\u00f3fico (NAA), que acontece no dia 22\/9 (quarta-feira), \u00e0s 19h30. A palestra ser\u00e1 ministrada pelo Dr. Ricardo Ghelman,\u00a0m\u00e9dico pediatra e cl\u00ednico geral ampliado pela Antroposofia. O evento \u00e9 on-line, via plataforma Zoom. Os inscritos que n\u00e3o puderem participar ao vivo, ter\u00e3o acesso \u00e0 grava\u00e7\u00e3o.<\/p>\n<p>&#8220;A vida do ser humano se inicia a partir de seus primeiros momentos de vida intrauterina, onde a filog\u00eanese, a ontog\u00eanese e o desenvolvimento do Self est\u00e3o correlacionados. Convidamos o\u00a0Dr. Ricardo Ghelman para conversar conosco sobre o tema, nos apresentando o desenvolvimento ontogen\u00e9tico do ser humano desde a fase embrion\u00e1ria, fetal e o desenvolvimento das caracter\u00edsticas humanas na inf\u00e2ncia e adolesc\u00eancia&#8221;, informam as coordenadoras do NAA, Janise Paiva e Suely Portela.<\/p>\n<p>O\u00a0 II Ciclo de Palestras tem o intuito de criar um espa\u00e7o multidisciplinar de apresenta\u00e7\u00e3o, reflex\u00e3o e troca de conhecimentos, permeando temas ancorados em conceitos e pr\u00e1ticas relacionados \u00e0 Antroposofia e \u00e0 Pedagogia Waldorf.<\/p>\n<p>O ciclo completo \u00e9 composto por seis palestras, ministradas por diferentes convidados. Os inscritos que n\u00e3o puderem assistir ao vivo, ou que perderam alguma das palestras que j\u00e1 aconteceram, poder\u00e3o acessar as grava\u00e7\u00f5es dos encontros.<\/p>\n<p>\u00c9 poss\u00edvel se inscrever para o ciclo completo, ou em alguma(s) das palestras individualmente. Confira a programa\u00e7\u00e3o neste link:\u00a0http:\/\/portalfloresnoar.com\/floresnoar\/agenda-nucleo-de-aprofundamento-antroposofico-realiza-ii-ciclo-de-palestras\/<\/p>\n<p><strong>INVESTIMENTO<\/strong><br \/>\n<strong>Palestra individual:<\/strong>\u00a0R$ 35,00<br \/>\n<strong>Pacote incluindo as 6 palestras:<\/strong>\u00a0R$ 210,00<\/p>\n<p><strong>INSCRI\u00c7\u00d5ES<\/strong><br \/>\n<a href=\"https:\/\/nucleoapantroposofico.com.br\/segundo-ciclo-de-palestras\/\" target=\"_blank\" rel=\"noopener\">https:\/\/nucleoapantroposofico.com.br\/segundo-ciclo-de-palestras\/<\/a><\/p>\n<p><em>SERVI\u00c7O<\/em><br \/>\n<strong>Palestra &#8216;O desenvolvimento do Self \u00e0 luz da Embriologia&#8217;, com o Dr. Ricardo Ghelman<\/strong><br \/>\n<strong>Data:<\/strong> 22\/09\/2021 (quarta-feira)<br \/>\n<strong>Hora:<\/strong> 19h30<br \/>\n<strong>Local:<\/strong> Plataforma de videoconfer\u00eancia Zoom<\/p>\n<p><strong>MAIS INFORMA\u00c7\u00d5ES<\/strong><br \/>\n<strong>WhatsApp:<\/strong>\u00a0(81) 99908-5069<br \/>\n<strong>E-mail:<\/strong>\u00a0nucleoantroposofico@gmail.com<br \/>\n<strong>Instagram:<\/strong>\u00a0<a href=\"https:\/\/www.instagram.com\/nucleoapantroposofico\/\" target=\"_blank\" rel=\"noopener\">@nucleoantroposofico<\/a><\/p>\n<p>&nbsp;<\/p>\n","protected":false},"excerpt":{"rendered":"<p>&#8216;O desenvolvimento do Self \u00e0 luz da Embriologia&#8217; \u00e9 o tema do pr\u00f3ximo encontro do\u00a0II Ciclo de Palestras do N\u00facleo de Aprofundamento Antropos\u00f3fico (NAA), que acontece no dia 22\/9 (quarta-feira), \u00e0s 19h30. A palestra ser\u00e1 ministrada pelo Dr. Ricardo Ghelman,\u00a0m\u00e9dico pediatra e cl\u00ednico geral ampliado pela Antroposofia. O evento \u00e9 on-line, via plataforma Zoom. Os [&hellip;]<\/p>\n","protected":false},"author":1,"featured_media":40323,"comment_status":"open","ping_status":"open","sticky":false,"template":"","format":"standard","meta":{"om_disable_all_campaigns":false,"_monsterinsights_skip_tracking":false,"_monsterinsights_sitenote_active":false,"_monsterinsights_sitenote_note":"","_monsterinsights_sitenote_category":0,"footnotes":""},"categories":[8],"tags":[23,1047,80],"acf":[],"publishpress_future_action":{"enabled":false,"date":"1969-12-31 21:00:00","action":"","terms":[],"taxonomy":"","browser_timezone_offset":0},"_links":{"self":[{"href":"https:\/\/portalfloresnoar.com\/floresnoar\/wp-json\/wp\/v2\/posts\/40321"}],"collection":[{"href":"https:\/\/portalfloresnoar.com\/floresnoar\/wp-json\/wp\/v2\/posts"}],"about":[{"href":"https:\/\/portalfloresnoar.com\/floresnoar\/wp-json\/wp\/v2\/types\/post"}],"author":[{"embeddable":true,"href":"https:\/\/portalfloresnoar.com\/floresnoar\/wp-json\/wp\/v2\/users\/1"}],"replies":[{"embeddable":true,"href":"https:\/\/portalfloresnoar.com\/floresnoar\/wp-json\/wp\/v2\/comments?post=40321"}],"version-history":[{"count":0,"href":"https:\/\/portalfloresnoar.com\/floresnoar\/wp-json\/wp\/v2\/posts\/40321\/revisions"}],"wp:featuredmedia":[{"embeddable":true,"href":"https:\/\/portalfloresnoar.com\/floresnoar\/wp-json\/wp\/v2\/media\/40323"}],"wp:attachment":[{"href":"https:\/\/portalfloresnoar.com\/floresnoar\/wp-json\/wp\/v2\/media?parent=40321"}],"wp:term":[{"taxonomy":"category","embeddable":true,"href":"https:\/\/portalfloresnoar.com\/floresnoar\/wp-json\/wp\/v2\/categories?post=40321"},{"taxonomy":"post_tag","embeddable":true,"href":"https:\/\/portalfloresnoar.com\/floresnoar\/wp-json\/wp\/v2\/tags?post=40321"}],"curies":[{"name":"wp","href":"https:\/\/api.w.org\/{rel}","templated":true}]}}