

{"id":40314,"date":"2021-04-13T10:14:38","date_gmt":"2021-04-13T13:14:38","guid":{"rendered":"http:\/\/portalfloresnoar.com\/floresnoar\/?p=40314"},"modified":"2021-09-27T09:53:39","modified_gmt":"2021-09-27T12:53:39","slug":"agenda-v-encontro-saberes-da-caatinga-acontece-de-23-a-269-em-formato-virtual","status":"publish","type":"post","link":"https:\/\/portalfloresnoar.com\/floresnoar\/agenda-v-encontro-saberes-da-caatinga-acontece-de-23-a-269-em-formato-virtual\/","title":{"rendered":"[AGENDA] V Encontro Saberes da Caatinga acontece de 23 a 26\/9 em formato virtual"},"content":{"rendered":"<p><img decoding=\"async\" loading=\"lazy\" class=\"aligncenter wp-image-40315\" src=\"http:\/\/portalfloresnoar.com\/floresnoar\/wp-content\/uploads\/2021\/09\/encontro-saberes-da-caatinga-2021-700x366.png\" alt=\"\" width=\"641\" height=\"335\" srcset=\"https:\/\/portalfloresnoar.com\/floresnoar\/wp-content\/uploads\/2021\/09\/encontro-saberes-da-caatinga-2021-700x366.png 700w, https:\/\/portalfloresnoar.com\/floresnoar\/wp-content\/uploads\/2021\/09\/encontro-saberes-da-caatinga-2021-300x157.png 300w, https:\/\/portalfloresnoar.com\/floresnoar\/wp-content\/uploads\/2021\/09\/encontro-saberes-da-caatinga-2021-768x402.png 768w, https:\/\/portalfloresnoar.com\/floresnoar\/wp-content\/uploads\/2021\/09\/encontro-saberes-da-caatinga-2021.png 1200w\" sizes=\"(max-width: 641px) 100vw, 641px\" \/><\/p>\n<p>De 23 a 26 de setembro de 2021 ser\u00e1 realizado o V Encontro de Saberes da Caatinga, de forma on-line. A contribui\u00e7\u00e3o para participar \u00e9 volunt\u00e1ria, e o formul\u00e1rio de inscri\u00e7\u00e3o pode ser acessado neste link:\u00a0<a href=\"https:\/\/linktr.ee\/saberesdacaatinga\" target=\"_blank\" rel=\"noopener\">https:\/\/linktr.ee\/saberesdacaatinga<\/a><\/p>\n<figure id=\"attachment_40316\" aria-describedby=\"caption-attachment-40316\" style=\"width: 397px\" class=\"wp-caption alignright\"><img decoding=\"async\" loading=\"lazy\" class=\"wp-image-40316\" src=\"http:\/\/portalfloresnoar.com\/floresnoar\/wp-content\/uploads\/2021\/09\/encontro-saberes-da-caatinga.jpg\" alt=\"\" width=\"397\" height=\"248\" srcset=\"https:\/\/portalfloresnoar.com\/floresnoar\/wp-content\/uploads\/2021\/09\/encontro-saberes-da-caatinga.jpg 595w, https:\/\/portalfloresnoar.com\/floresnoar\/wp-content\/uploads\/2021\/09\/encontro-saberes-da-caatinga-300x188.jpg 300w\" sizes=\"(max-width: 397px) 100vw, 397px\" \/><figcaption id=\"caption-attachment-40316\" class=\"wp-caption-text\">Foto:\u00a0 Jaque Rodrigues ( <a href=\"https:\/\/www.instagram.com\/jaquerodriguesfotografias\/\" target=\"_blank\" rel=\"noopener\">@jaquerodriguesfotografias<\/a> )<\/figcaption><\/figure>\n<p>O Encontro tem como objetivo o resgate, fortalecimento e expans\u00e3o dos Saberes Tradicionais em contextualiza\u00e7\u00e3o contempor\u00e2nea entre Raizeiros\/as, Benzendeiras, Curandeiros\/as, Rezadores e Rezadeiras, e, Parteiras da Regi\u00e3o da Chapada do Araripe. E, como de costume, tamb\u00e9m esta edi\u00e7\u00e3o virtual ser\u00e1\u00a0regada por momentos de celebra\u00e7\u00e3o, com atra\u00e7\u00f5es art\u00edsticas culturais.<\/p>\n<p>&#8220;Tendo em vista o tempo em que estamos, onde se ressalta a import\u00e2ncia da sa\u00fade e de um bom alinhamento de prop\u00f3sito de vida, na garantia de um posicionamento de bem-estar e seguran\u00e7a, mediante os desafios de pandemia que estamos superando, o V Encontro ganha formato virtual, principalmente, em se tratando d@s noss@s protagonistas se encontrarem em sua maioria na melhor idade,&#8221; explicam os organizadores do evento.<\/p>\n<p>&#8220;O Saberes da Caatinga contribui para o enraizamento, cria\u00e7\u00e3o de mem\u00f3ria e propaga\u00e7\u00e3o do exerc\u00edcio do papel cultural nos processos de cuidados e curas no dia a dia, ampliando essa emana\u00e7\u00e3o de forma acess\u00edvel e gratuita para todes que sintonizarem, conectando, ainda, com a ci\u00eancia da Agroecologia na tem\u00e1tica &#8216;Meu rem\u00e9dio \u00e9 meu alimento&#8217; e com outros territ\u00f3rios no Encontro dos Encontros Tecendo Saberes&#8221;.<\/p>\n<p><img decoding=\"async\" loading=\"lazy\" class=\"aligncenter size-large wp-image-40317\" src=\"http:\/\/portalfloresnoar.com\/floresnoar\/wp-content\/uploads\/2021\/09\/programacao-saberes-da-caatinga-560x700.jpg\" alt=\"\" width=\"560\" height=\"700\" srcset=\"https:\/\/portalfloresnoar.com\/floresnoar\/wp-content\/uploads\/2021\/09\/programacao-saberes-da-caatinga-560x700.jpg 560w, https:\/\/portalfloresnoar.com\/floresnoar\/wp-content\/uploads\/2021\/09\/programacao-saberes-da-caatinga-240x300.jpg 240w, https:\/\/portalfloresnoar.com\/floresnoar\/wp-content\/uploads\/2021\/09\/programacao-saberes-da-caatinga-768x960.jpg 768w, https:\/\/portalfloresnoar.com\/floresnoar\/wp-content\/uploads\/2021\/09\/programacao-saberes-da-caatinga.jpg 1080w\" sizes=\"(max-width: 560px) 100vw, 560px\" \/><\/p>\n<p>SERVI\u00c7O<br \/>\n<strong>V Encontro de Saberes da Caatinga &#8211; Edi\u00e7\u00e3o Virtual<\/strong><br \/>\n<strong>Data:<\/strong> 23 a 26 de setembro de 2021<br \/>\n<strong>Contribui\u00e7\u00e3o:<\/strong> volunt\u00e1ria [contribua com as despesas para realiza\u00e7\u00e3o do Encontro.\u00a0 Os dados para dep\u00f3sito est\u00e3o dispon\u00edveis na ficha de inscri\u00e7\u00e3o (link abaixo)]<br \/>\n<strong>Inscri\u00e7\u00f5es:\u00a0<\/strong><a href=\"https:\/\/docs.google.com\/forms\/d\/e\/1FAIpQLSdW8ZaWz1Nsg7kzjNX-ntEiFd0oJw7UVhKYjF1gUX44AKJEFw\/viewform\" target=\"_blank\" rel=\"noopener\">https:\/\/docs.google.com\/forms\/d\/e\/1FAIpQLSdW8ZaWz1Nsg7kzjNX-ntEiFd0oJw7UVhKYjF1gUX44AKJEFw\/viewform<\/a><\/p>\n<p>Obs.: A transmiss\u00e3o ser\u00e1 feita via <a href=\"https:\/\/www.youtube.com\/channel\/UC16or8xaS2_itRxj5S6WrYQ\" target=\"_blank\" rel=\"noopener\">canal do YouTube do Saberes da Caatinga<\/a>.<\/p>\n<p>MAIS INFORMA\u00c7\u00d5ES:<br \/>\n<strong>E-mail:<\/strong> saberesdacaatinga@gmail.com<br \/>\n<strong>Instagram:\u00a0<\/strong> <a href=\"https:\/\/www.instagram.com\/saberesdacaatinga\/\" target=\"_blank\" rel=\"noopener\">@saberesdacaatinga<\/a><br \/>\n<strong>Facebook:<\/strong>\u00a0<a href=\"https:\/\/www.facebook.com\/SaberesdaCaatinga\" target=\"_blank\" rel=\"noopener\">https:\/\/www.facebook.com\/SaberesdaCaatinga<\/a><\/p>\n","protected":false},"excerpt":{"rendered":"<p>De 23 a 26 de setembro de 2021 ser\u00e1 realizado o V Encontro de Saberes da Caatinga, de forma on-line. A contribui\u00e7\u00e3o para participar \u00e9 volunt\u00e1ria, e o formul\u00e1rio de inscri\u00e7\u00e3o pode ser acessado neste link:\u00a0https:\/\/linktr.ee\/saberesdacaatinga O Encontro tem como objetivo o resgate, fortalecimento e expans\u00e3o dos Saberes Tradicionais em contextualiza\u00e7\u00e3o contempor\u00e2nea entre Raizeiros\/as, Benzendeiras, [&hellip;]<\/p>\n","protected":false},"author":1,"featured_media":40318,"comment_status":"open","ping_status":"open","sticky":false,"template":"","format":"standard","meta":{"om_disable_all_campaigns":false,"_monsterinsights_skip_tracking":false,"_monsterinsights_sitenote_active":false,"_monsterinsights_sitenote_note":"","_monsterinsights_sitenote_category":0,"footnotes":""},"categories":[8,214],"tags":[241,1046,491,373,75,326,133,1045],"acf":[],"publishpress_future_action":{"enabled":false,"date":"1969-12-31 21:00:00","action":"","terms":[],"taxonomy":"","browser_timezone_offset":0},"_links":{"self":[{"href":"https:\/\/portalfloresnoar.com\/floresnoar\/wp-json\/wp\/v2\/posts\/40314"}],"collection":[{"href":"https:\/\/portalfloresnoar.com\/floresnoar\/wp-json\/wp\/v2\/posts"}],"about":[{"href":"https:\/\/portalfloresnoar.com\/floresnoar\/wp-json\/wp\/v2\/types\/post"}],"author":[{"embeddable":true,"href":"https:\/\/portalfloresnoar.com\/floresnoar\/wp-json\/wp\/v2\/users\/1"}],"replies":[{"embeddable":true,"href":"https:\/\/portalfloresnoar.com\/floresnoar\/wp-json\/wp\/v2\/comments?post=40314"}],"version-history":[{"count":0,"href":"https:\/\/portalfloresnoar.com\/floresnoar\/wp-json\/wp\/v2\/posts\/40314\/revisions"}],"wp:featuredmedia":[{"embeddable":true,"href":"https:\/\/portalfloresnoar.com\/floresnoar\/wp-json\/wp\/v2\/media\/40318"}],"wp:attachment":[{"href":"https:\/\/portalfloresnoar.com\/floresnoar\/wp-json\/wp\/v2\/media?parent=40314"}],"wp:term":[{"taxonomy":"category","embeddable":true,"href":"https:\/\/portalfloresnoar.com\/floresnoar\/wp-json\/wp\/v2\/categories?post=40314"},{"taxonomy":"post_tag","embeddable":true,"href":"https:\/\/portalfloresnoar.com\/floresnoar\/wp-json\/wp\/v2\/tags?post=40314"}],"curies":[{"name":"wp","href":"https:\/\/api.w.org\/{rel}","templated":true}]}}