

{"id":40298,"date":"2021-07-11T10:02:09","date_gmt":"2021-07-11T13:02:09","guid":{"rendered":"http:\/\/portalfloresnoar.com\/floresnoar\/?p=40298"},"modified":"2021-09-21T08:37:10","modified_gmt":"2021-09-21T11:37:10","slug":"agenda-lanterna-biografica-realiza-no-dia-189-a-aula-on-line-gratuita-tomando-rumo-na-vida","status":"publish","type":"post","link":"https:\/\/portalfloresnoar.com\/floresnoar\/agenda-lanterna-biografica-realiza-no-dia-189-a-aula-on-line-gratuita-tomando-rumo-na-vida\/","title":{"rendered":"[AGENDA] Lanterna Biogr\u00e1fica realiza, no dia 18\/9, a aula on-line gratuita &#8216;Tomando Rumo na Vida&#8217;"},"content":{"rendered":"<p><img decoding=\"async\" loading=\"lazy\" class=\" wp-image-40299 alignleft\" src=\"http:\/\/portalfloresnoar.com\/floresnoar\/wp-content\/uploads\/2021\/09\/Lanterna-biografica-495x700.jpg\" alt=\"\" width=\"274\" height=\"387\" srcset=\"https:\/\/portalfloresnoar.com\/floresnoar\/wp-content\/uploads\/2021\/09\/Lanterna-biografica-495x700.jpg 495w, https:\/\/portalfloresnoar.com\/floresnoar\/wp-content\/uploads\/2021\/09\/Lanterna-biografica-212x300.jpg 212w, https:\/\/portalfloresnoar.com\/floresnoar\/wp-content\/uploads\/2021\/09\/Lanterna-biografica-768x1086.jpg 768w, https:\/\/portalfloresnoar.com\/floresnoar\/wp-content\/uploads\/2021\/09\/Lanterna-biografica.jpg 905w\" sizes=\"(max-width: 274px) 100vw, 274px\" \/>O Programa Lanterna Biogr\u00e1fica promove no dia 18 de setembro de 2021, \u00e0s 10h, a super aula &#8216;Tomando Rumo na Vida&#8217;, visando compartilhar os 4 pilares essenciais para se tomar um verdadeiro rumo na vida, assim como divulgar o Lanterna Biogr\u00e1fica. A aula ser\u00e1 on-line e a inscri\u00e7\u00e3o para participar \u00e9 gratuita.<\/p>\n<p>A aula ser\u00e1 ministrada pelo casal Marina Flor\u00eancio de Mac\u00eado e Saulo Dubard Barbosa, uma pernambucana e um mineiro que moram na Fran\u00e7a e s\u00e3o apaixonados por desenvolvimento humano. Ela \u00e9 arteterapeuta e coach biogr\u00e1fica de base antropos\u00f3fica. Ele \u00e9 coach, professor e pesquisador de empreendedorismo. Juntos eles criaram o Lanterna Biogr\u00e1fica, um programa de treinamento interativo de 8 semanas que promete ser um divisor de \u00e1guas na vida dos participantes. A Super Aula do dia 18\/9 ser\u00e1 a ocasi\u00e3o de abertura da primeira turma do programa.<\/p>\n<p>Nas palavras de Marina, o programa Lanterna Biogr\u00e1fica \u201c\u00e9 desenhado para que a pessoa relembre o seu Sonho Sagrado, o que veio realmente fazer aqui na Terra, e adquira ferramentas pr\u00e1ticas para realiz\u00e1-lo.\u201d Para isso, o treinamento se baseia numa combina\u00e7\u00e3o \u00fanica de coaching biogr\u00e1fico e t\u00e9cnicas de empreendedorismo e implementa\u00e7\u00e3o de projetos. Saulo acrescenta que \u201ctamb\u00e9m usamos t\u00e9cnicas de medita\u00e7\u00e3o e yoga, assim como arteterapia, para que os participantes possam desenvolver mais qualidade de vida e obter um alinhamento energ\u00e9tico que os permita viver o seu Sonho Sagrado no mundo real.\u201d<\/p>\n<p>O Lanterna Biogr\u00e1fica tamb\u00e9m conta com uma p\u00e1gina no <a href=\"https:\/\/www.facebook.com\/Lanterna-Biogr%C3%A1fica-102850132112179\" target=\"_blank\" rel=\"noopener\">Facebook<\/a> e um canal no <a href=\"https:\/\/www.youtube.com\/channel\/UCmXX-ahNXXJ4iHTzebOqRtA\" target=\"_blank\" rel=\"noopener\">Youtube <\/a>onde o casal publica novos v\u00eddeos toda semana, com o objetivo de compartilhar conhecimentos, conte\u00fados e ferramentas \u00fateis para promover mais consci\u00eancia, liberdade e autonomia.<\/p>\n<p>MAIS INFORMA\u00c7\u00d5ES SOBRE MARINA E SAULO<\/p>\n<p><strong><img decoding=\"async\" loading=\"lazy\" class=\"aligncenter wp-image-40300\" src=\"http:\/\/portalfloresnoar.com\/floresnoar\/wp-content\/uploads\/2021\/09\/marina-florencio-e-saulo-dubard-700x467.jpg\" alt=\"\" width=\"576\" height=\"384\" srcset=\"https:\/\/portalfloresnoar.com\/floresnoar\/wp-content\/uploads\/2021\/09\/marina-florencio-e-saulo-dubard-700x467.jpg 700w, https:\/\/portalfloresnoar.com\/floresnoar\/wp-content\/uploads\/2021\/09\/marina-florencio-e-saulo-dubard-300x200.jpg 300w, https:\/\/portalfloresnoar.com\/floresnoar\/wp-content\/uploads\/2021\/09\/marina-florencio-e-saulo-dubard.jpg 730w\" sizes=\"(max-width: 576px) 100vw, 576px\" \/>Marina Flor\u00eancio de Mac\u00eado<\/strong> \u00e9 graduada em administra\u00e7\u00e3o pela UFPE, fez p\u00f3s-gradua\u00e7\u00e3o em An\u00e1lise Bioenerg\u00e9tica na din\u00e2mica de grupos, forma\u00e7\u00e3o em Arteterapia Junguiana, no Brasil, e forma\u00e7\u00e3o em Coaching Biogr\u00e1fico Antropos\u00f3fico, na Europa. Marina tem vasta experi\u00eancia em Coaching Organizacional, de grupos e individual. Ela tamb\u00e9m trabalha com o Sagrado Feminino, ritos de passagem e conhecimentos ancestrais h\u00e1 mais de 20 anos. Marina mora na Fran\u00e7a h\u00e1 11 anos e j\u00e1 acompanhou pessoas de todas as idades em passagens delicadas de suas vidas, tanto no Brasil quanto na Fran\u00e7a.<\/p>\n<p><strong>Saulo Dubard Barbosa<\/strong> \u00e9 graduado em administra\u00e7\u00e3o pela USP, fez mestrado e doutorado pela Universit\u00e9 Pierre Mend\u00e8s France, obtendo o primeiro duplo diploma de doutorado em administra\u00e7\u00e3o tamb\u00e9m pela USP. Ele tem forma\u00e7\u00e3o em Coaching no Brasil e na Inglaterra. Sua tese de doutorado sobre a percep\u00e7\u00e3o do risco na cria\u00e7\u00e3o de empresas foi premiada pela Academia Francesa de Empreendedorismo. Saulo mora na Fran\u00e7a h\u00e1 18 anos, e j\u00e1 deu aulas de cria\u00e7\u00e3o de empresas, empreendedorismo social e metodologia de pesquisa nos Estados Unidos, na China e em diversos pa\u00edses da Europa e se tornou uma refer\u00eancia no ensino e na pesquisa em empreendedorismo na Fran\u00e7a. Ele j\u00e1 acompanhou pessoas de diversas nacionalidades a empreender suas transforma\u00e7\u00f5es de vida, encontrar seu prop\u00f3sito e alinhar vida pessoal, profissional e financeira.<\/p>\n<p>SERVI\u00c7O<br \/>\n<strong>Super Aula &#8216;Tomando Rumo na Vida&#8217;<\/strong><br \/>\n<strong>Data:<\/strong> 18\/09\/2021 (s\u00e1bado)<br \/>\n<strong>Hora:<\/strong> 10h<br \/>\n<strong>Valor:<\/strong> gratuito<br \/>\n<strong>Inscri\u00e7\u00f5es:<\/strong> <a href=\"https:\/\/www.lanternabiografica.com.br\/inscrever\" target=\"_blank\" rel=\"noopener\">www.lanternabiografica.com.br\/inscrever<\/a><\/p>\n<p>MAIS INFORMA\u00c7\u00d5ES<br \/>\n<strong>Site:<\/strong> <a href=\"https:\/\/www.lanternabiografica.com.br\/\" target=\"_blank\" rel=\"noopener\">www.lanternabiografica.com.br<\/a><br \/>\n<strong>Canal do YouTube:<\/strong>\u00a0<a href=\"https:\/\/www.youtube.com\/channel\/UCmXX-ahNXXJ4iHTzebOqRtA\" target=\"_blank\" rel=\"noopener\">https:\/\/www.youtube.com\/channel\/UCmXX-ahNXXJ4iHTzebOqRtA<\/a><br \/>\n<strong>Facebook:\u00a0<\/strong><a href=\"https:\/\/www.facebook.com\/Lanterna-Biogr%C3%A1fica-102850132112179\" target=\"_blank\" rel=\"noopener\">https:\/\/www.facebook.com\/Lanterna-Biogr%C3%A1fica-102850132112179<\/a><br \/>\n<strong>Instagram:<\/strong> <a href=\"https:\/\/www.instagram.com\/lanterna.biografica\/\" target=\"_blank\" rel=\"noopener\">@lanterna.biografica\u00a0<\/a><\/p>\n","protected":false},"excerpt":{"rendered":"<p>O Programa Lanterna Biogr\u00e1fica promove no dia 18 de setembro de 2021, \u00e0s 10h, a super aula &#8216;Tomando Rumo na Vida&#8217;, visando compartilhar os 4 pilares essenciais para se tomar um verdadeiro rumo na vida, assim como divulgar o Lanterna Biogr\u00e1fica. A aula ser\u00e1 on-line e a inscri\u00e7\u00e3o para participar \u00e9 gratuita. A aula ser\u00e1 [&hellip;]<\/p>\n","protected":false},"author":1,"featured_media":40301,"comment_status":"open","ping_status":"open","sticky":false,"template":"","format":"standard","meta":{"om_disable_all_campaigns":false,"_monsterinsights_skip_tracking":false,"_monsterinsights_sitenote_active":false,"_monsterinsights_sitenote_note":"","_monsterinsights_sitenote_category":0,"footnotes":""},"categories":[8,214],"tags":[23,34,119,463],"acf":[],"publishpress_future_action":{"enabled":false,"date":"1969-12-31 21:00:00","action":"","terms":[],"taxonomy":"","browser_timezone_offset":0},"_links":{"self":[{"href":"https:\/\/portalfloresnoar.com\/floresnoar\/wp-json\/wp\/v2\/posts\/40298"}],"collection":[{"href":"https:\/\/portalfloresnoar.com\/floresnoar\/wp-json\/wp\/v2\/posts"}],"about":[{"href":"https:\/\/portalfloresnoar.com\/floresnoar\/wp-json\/wp\/v2\/types\/post"}],"author":[{"embeddable":true,"href":"https:\/\/portalfloresnoar.com\/floresnoar\/wp-json\/wp\/v2\/users\/1"}],"replies":[{"embeddable":true,"href":"https:\/\/portalfloresnoar.com\/floresnoar\/wp-json\/wp\/v2\/comments?post=40298"}],"version-history":[{"count":0,"href":"https:\/\/portalfloresnoar.com\/floresnoar\/wp-json\/wp\/v2\/posts\/40298\/revisions"}],"wp:featuredmedia":[{"embeddable":true,"href":"https:\/\/portalfloresnoar.com\/floresnoar\/wp-json\/wp\/v2\/media\/40301"}],"wp:attachment":[{"href":"https:\/\/portalfloresnoar.com\/floresnoar\/wp-json\/wp\/v2\/media?parent=40298"}],"wp:term":[{"taxonomy":"category","embeddable":true,"href":"https:\/\/portalfloresnoar.com\/floresnoar\/wp-json\/wp\/v2\/categories?post=40298"},{"taxonomy":"post_tag","embeddable":true,"href":"https:\/\/portalfloresnoar.com\/floresnoar\/wp-json\/wp\/v2\/tags?post=40298"}],"curies":[{"name":"wp","href":"https:\/\/api.w.org\/{rel}","templated":true}]}}