

{"id":40294,"date":"2021-09-10T09:54:50","date_gmt":"2021-09-10T12:54:50","guid":{"rendered":"http:\/\/portalfloresnoar.com\/floresnoar\/?p=40294"},"modified":"2021-09-10T09:54:50","modified_gmt":"2021-09-10T12:54:50","slug":"silvia-garcia-o-dia-em-que-libertei-minha-mae-uma-viagem-a-chapada-dos-veadeiros","status":"publish","type":"post","link":"https:\/\/portalfloresnoar.com\/floresnoar\/silvia-garcia-o-dia-em-que-libertei-minha-mae-uma-viagem-a-chapada-dos-veadeiros\/","title":{"rendered":"[S\u00cdLVIA GARCIA] O dia em que libertei minha m\u00e3e &#8211; uma viagem \u00e0 Chapada dos Veadeiros"},"content":{"rendered":"<p><img decoding=\"async\" loading=\"lazy\" class=\"aligncenter  wp-image-40295\" src=\"http:\/\/portalfloresnoar.com\/floresnoar\/wp-content\/uploads\/2021\/09\/libertacao-mae-700x523.jpg\" alt=\"\" width=\"592\" height=\"442\" srcset=\"https:\/\/portalfloresnoar.com\/floresnoar\/wp-content\/uploads\/2021\/09\/libertacao-mae-700x523.jpg 700w, https:\/\/portalfloresnoar.com\/floresnoar\/wp-content\/uploads\/2021\/09\/libertacao-mae-300x224.jpg 300w, https:\/\/portalfloresnoar.com\/floresnoar\/wp-content\/uploads\/2021\/09\/libertacao-mae-768x574.jpg 768w, https:\/\/portalfloresnoar.com\/floresnoar\/wp-content\/uploads\/2021\/09\/libertacao-mae-160x120.jpg 160w, https:\/\/portalfloresnoar.com\/floresnoar\/wp-content\/uploads\/2021\/09\/libertacao-mae.jpg 1080w\" sizes=\"(max-width: 592px) 100vw, 592px\" \/><\/p>\n<p>|\u00a0<em>Por S\u00edlvia Garcia*\u00a0<\/em>|<\/p>\n<p>Desde que minha partiu, em 2012, ingressei na caminhada do autoconhecimento com a necessidade de me reconstruir, de encontrar motivos para permanecer aqui, encarnada.<\/p>\n<p>O buraco que ela deixou era t\u00e3o imenso e do\u00eddo que me senti sem ch\u00e3o, sem ar, sem vida.<\/p>\n<p>Muito tempo se passou e durante essa caminhada tive a gra\u00e7a de encontrar muitos irm\u00e3os e irm\u00e3s sens\u00edveis e solid\u00e1rios. Nem ouso list\u00e1-los porque sei que irei esquecer algu\u00e9m e todos foram preciosos para a minha reconstru\u00e7\u00e3o, sem exce\u00e7\u00e3o, inclusive esse canal que hoje uso para me divulgar. Foi aqui que encontrei a possibilidade de uma nova vida com diversos profissionais competentes sempre dispostos a amparar quem est\u00e1 aberto a ser amparado e continuar na sua caminhada.<\/p>\n<p>H\u00e1 dois anos o meu irm\u00e3o me convida para fazer uma viagem para libertar a minha m\u00e3e na natureza, mas eu ainda n\u00e3o estava pronta para reviver todo o processo, acompanhar a exuma\u00e7\u00e3o do corpo, pra mim, era muito puxado.<br \/>\nQuando foi agora em agosto\/2021, enfim, me senti forte e altiva para realizar esse ato t\u00e3o simb\u00f3lico e seguimos eu, meu irm\u00e3o e minha cunhada para a Chapada dos Veadeiros. Minha primeira vez por l\u00e1. Eles j\u00e1 tinham visitado, e foi fundamental seguir as instru\u00e7\u00f5es de quem j\u00e1 tem experi\u00eancia.<\/p>\n<p>A Chapada \u00e9 um lugar muito especial, seu solo fica em cima de uma enorme placa geol\u00f3gica de cristais, al\u00e9m de ser atravessado pelo famoso paralelo 14, o mesmo que passa por Machu Pichu,<\/p>\n<p>Estudiosos afirmam que a regi\u00e3o existe h\u00e1 mais de 1,4 bilh\u00f5es de anos e, curiosamente, \u00e9 a \u00e1rea com maior luminosidade vista da \u00f3rbita da terra, segundo a Nasa (Ag\u00eancia Especial Norte-Americana).<\/p>\n<p>Com todos esses elementos naturais que nos convidam \u00e0 transcend\u00eancia desse mundinho quadrado em que vivemos, \u00e9 um lugar que atrai buscadores espirituais e hol\u00edsticos do mundo inteiro.<\/p>\n<p>Devido \u00e0 quantidade abundante de cristais de quartzo e outras pedras em seu solo, a Chapada \u00e9 um dos principais centros energ\u00e9ticos do planeta.<\/p>\n<p>Esse contato do nosso corpo com os cristais promove uma descarga energ\u00e9tica fazendo com que toda a nossa energia de estresse, negativa, desanimada, nociva&#8230;seja liberada nos deixando leves, ativos e originais em nossa energia divina.<\/p>\n<p>Mas n\u00e3o tem s\u00f3 isso, tem tamb\u00e9m muitas cachoeiras, cerca de 2 mil cachoeiras catalogadas. Ah meu Deus, sinto que as Cachoeiras s\u00e3o seres vivos, grandes entidades, assim como todo o solo, as pedras, as \u00e1rvores baixas e resistentes do cerrado, as flores pequenas e delicadas que resistem ao calor escaldante do sol e mesmo assim nos presenteiam com a sua beleza.<\/p>\n<p>Nas cachoeiras, com suas \u00e1guas gelad\u00edssimas, eu morria e renascia a cada imers\u00e3o. A massagem que recebia despertava o meu corpo para a vida, tirando aquele torpor que me envolvia na rotina automatizada da cidade.<br \/>\nCada cachoeira tem a sua beleza a come\u00e7ar pelo caminho para se chegar a cada uma delas. Durante o caminho eu ia largando v\u00e1rias coisas que n\u00e3o me serviam mais e o sol forte brilhando naquele c\u00e9u azul aben\u00e7oava e iluminava as minhas ideias.<\/p>\n<p><img decoding=\"async\" loading=\"lazy\" class=\"wp-image-40296 alignleft\" src=\"http:\/\/portalfloresnoar.com\/floresnoar\/wp-content\/uploads\/2021\/09\/silvia-garcia_chapada-dos-veadeiros-524x700.jpg\" alt=\"\" width=\"317\" height=\"424\" srcset=\"https:\/\/portalfloresnoar.com\/floresnoar\/wp-content\/uploads\/2021\/09\/silvia-garcia_chapada-dos-veadeiros-524x700.jpg 524w, https:\/\/portalfloresnoar.com\/floresnoar\/wp-content\/uploads\/2021\/09\/silvia-garcia_chapada-dos-veadeiros-225x300.jpg 225w, https:\/\/portalfloresnoar.com\/floresnoar\/wp-content\/uploads\/2021\/09\/silvia-garcia_chapada-dos-veadeiros-768x1026.jpg 768w, https:\/\/portalfloresnoar.com\/floresnoar\/wp-content\/uploads\/2021\/09\/silvia-garcia_chapada-dos-veadeiros.jpg 1080w\" sizes=\"(max-width: 317px) 100vw, 317px\" \/>E quanto mais luz eu ingeria na alma, mais me encantava e me abastecia e um sil\u00eancio se apoderava de mim.<br \/>\nAinda estou envolvida por este sil\u00eancio pac\u00edfico e aconchegante e vou esticar essa sensa\u00e7\u00e3o ao m\u00e1ximo que puder.<\/p>\n<p>No segundo dia de trilhas e cachoeiras encontrei o local que sempre sonhei para libertar as cinzas da minha m\u00e3e.<br \/>\n\u00c9 um lugar digno de sua gl\u00f3ria e beleza. Foi no topo da \u201cCachoeira da Rainha\u201d, na regi\u00e3o de Cavalcante\/Go que decidimos fazer uma emocionante cerim\u00f4nia familiar e assistimos as cinzas daquele corpo que nos gerou se misturar naquela natureza exuberante.<\/p>\n<p>Essa viagem \u00e9 um marco em minha vida e mesmo ap\u00f3s duas semanas de retorno ainda estou processando tudo o que experienciei.<\/p>\n<p>Fazia tempo que n\u00e3o viajava em fam\u00edlia e isso tamb\u00e9m foi muito tocante, pois percebemos que tanto n\u00f3s como nossos irm\u00e3os mudamos e, contraditoriamente, a dist\u00e2ncia entre n\u00f3s \u00e0s vezes nos faz parecer estranhos, mas logo em seguida somos aqueles mesmos de novo. \u00c9 um pouco confuso, nem sei explicar, mas sei que o fio de afeto que nos une se fortaleceu e hoje somos maduros para enxergar a humanidade um do outro com compaix\u00e3o.<\/p>\n<p>Pois \u00e9 isso, por enquanto. N\u00e3o tem como narrar essa experi\u00eancia num s\u00f3 texto, e resumir seria um desrespeito a todas as sensa\u00e7\u00f5es que ali vivi.<\/p>\n<p>Recomendo essa viagem a quem se sentir chamado, e fico \u00e0 disposi\u00e7\u00e3o para dividir dicas pr\u00e1ticas para que a sua viagem seja o mais prazeroso poss\u00edvel, te trazendo a evolu\u00e7\u00e3o amorosa que o seu cora\u00e7\u00e3o anseia.<\/p>\n<p>M\u00e3e, eu te amo e por isso eu te liberto!<\/p>\n<p>Aho,<br \/>\nNamast\u00ea!<\/p>\n<p><b>* CONTATOS<\/b><br \/>\n<strong>WhatsApp:<\/strong>\u00a0(81) 99900.8769<br \/>\n<strong>Instagram:<\/strong><a href=\"https:\/\/www.instagram.com\/silvia.vieira.garcia\/\" target=\"_blank\" rel=\"noopener\">\u00a0@silvia.vieria.garcia<\/a><br \/>\n<strong>Local de atendimento:<\/strong>\u00a0Rua do Cupim, 259, sala 203, Gra\u00e7as, Recife\/PE<\/p>\n","protected":false},"excerpt":{"rendered":"<p>|\u00a0Por S\u00edlvia Garcia*\u00a0| Desde que minha partiu, em 2012, ingressei na caminhada do autoconhecimento com a necessidade de me reconstruir, de encontrar motivos para permanecer aqui, encarnada. O buraco que ela deixou era t\u00e3o imenso e do\u00eddo que me senti sem ch\u00e3o, sem ar, sem vida. Muito tempo se passou e durante essa caminhada tive [&hellip;]<\/p>\n","protected":false},"author":1,"featured_media":40295,"comment_status":"open","ping_status":"open","sticky":false,"template":"","format":"standard","meta":{"om_disable_all_campaigns":false,"_monsterinsights_skip_tracking":false,"_monsterinsights_sitenote_active":false,"_monsterinsights_sitenote_note":"","_monsterinsights_sitenote_category":0,"footnotes":""},"categories":[220,978],"tags":[499,1044,454,247],"acf":[],"publishpress_future_action":{"enabled":false,"date":"1969-12-31 21:00:00","action":"","terms":[],"taxonomy":"","browser_timezone_offset":0},"_links":{"self":[{"href":"https:\/\/portalfloresnoar.com\/floresnoar\/wp-json\/wp\/v2\/posts\/40294"}],"collection":[{"href":"https:\/\/portalfloresnoar.com\/floresnoar\/wp-json\/wp\/v2\/posts"}],"about":[{"href":"https:\/\/portalfloresnoar.com\/floresnoar\/wp-json\/wp\/v2\/types\/post"}],"author":[{"embeddable":true,"href":"https:\/\/portalfloresnoar.com\/floresnoar\/wp-json\/wp\/v2\/users\/1"}],"replies":[{"embeddable":true,"href":"https:\/\/portalfloresnoar.com\/floresnoar\/wp-json\/wp\/v2\/comments?post=40294"}],"version-history":[{"count":0,"href":"https:\/\/portalfloresnoar.com\/floresnoar\/wp-json\/wp\/v2\/posts\/40294\/revisions"}],"wp:featuredmedia":[{"embeddable":true,"href":"https:\/\/portalfloresnoar.com\/floresnoar\/wp-json\/wp\/v2\/media\/40295"}],"wp:attachment":[{"href":"https:\/\/portalfloresnoar.com\/floresnoar\/wp-json\/wp\/v2\/media?parent=40294"}],"wp:term":[{"taxonomy":"category","embeddable":true,"href":"https:\/\/portalfloresnoar.com\/floresnoar\/wp-json\/wp\/v2\/categories?post=40294"},{"taxonomy":"post_tag","embeddable":true,"href":"https:\/\/portalfloresnoar.com\/floresnoar\/wp-json\/wp\/v2\/tags?post=40294"}],"curies":[{"name":"wp","href":"https:\/\/api.w.org\/{rel}","templated":true}]}}