

{"id":40271,"date":"2021-05-04T11:27:13","date_gmt":"2021-05-04T14:27:13","guid":{"rendered":"http:\/\/portalfloresnoar.com\/floresnoar\/?p=40271"},"modified":"2021-10-28T17:46:25","modified_gmt":"2021-10-28T20:46:25","slug":"agenda-nucleo-de-aprofundamento-antroposofico-realiza-ii-ciclo-de-palestras","status":"publish","type":"post","link":"https:\/\/portalfloresnoar.com\/floresnoar\/agenda-nucleo-de-aprofundamento-antroposofico-realiza-ii-ciclo-de-palestras\/","title":{"rendered":"[AGENDA] N\u00facleo de Aprofundamento Antropos\u00f3fico realiza II Ciclo de Palestras"},"content":{"rendered":"<p><img decoding=\"async\" loading=\"lazy\" class=\"aligncenter wp-image-40279\" src=\"http:\/\/portalfloresnoar.com\/floresnoar\/wp-content\/uploads\/2021\/09\/antroposofia-online-700x580.jpg\" alt=\"\" width=\"563\" height=\"466\" srcset=\"https:\/\/portalfloresnoar.com\/floresnoar\/wp-content\/uploads\/2021\/09\/antroposofia-online-700x580.jpg 700w, https:\/\/portalfloresnoar.com\/floresnoar\/wp-content\/uploads\/2021\/09\/antroposofia-online-300x249.jpg 300w, https:\/\/portalfloresnoar.com\/floresnoar\/wp-content\/uploads\/2021\/09\/antroposofia-online-768x637.jpg 768w, https:\/\/portalfloresnoar.com\/floresnoar\/wp-content\/uploads\/2021\/09\/antroposofia-online.jpg 1052w\" sizes=\"(max-width: 563px) 100vw, 563px\" \/><\/p>\n<p>O\u00a0 N\u00facleo de Aprofundamento Antropos\u00f3fico (NAA) est\u00e1 realizando, nos meses de setembro e outubro de 2021, o\u00a0II Ciclo de Palestras com temas relativos \u00e0 Antroposofia e \u00e0 Pedagogia Waldorf.\u00a0O ciclo \u00e9 composto por seis palestras ao vivo, semanais, ministradas por diferentes convidados. Quem n\u00e3o puder assistir ao vivo, ter\u00e1 acesso \u00e0s grava\u00e7\u00f5es.<\/p>\n<p>&#8220;As palestras s\u00e3o voltadas para quem deseja se aprofundar no\u00a0caminho do autoconhecimento e autoeduca\u00e7\u00e3o e, a partir de si, contribuir para um mundo melhor, mais saud\u00e1vel e mais humano&#8221;, declaram as coordenadoras do NAA, Janise Paiva e Suely Portela. &#8220;Segundo\u00a0Rudolf Steiner, fil\u00f3sofo que sistematizou a Antroposofia, o\u00a0Ser livre tem consci\u00eancia de suas escolhas e da reverbera\u00e7\u00e3o social de cada simples a\u00e7\u00e3o&#8221;.<\/p>\n<p><em><strong>Confira abaixo a programa\u00e7\u00e3o!<\/strong><\/em><\/p>\n<p><img decoding=\"async\" loading=\"lazy\" class=\"aligncenter wp-image-40278\" src=\"http:\/\/portalfloresnoar.com\/floresnoar\/wp-content\/uploads\/2021\/09\/palestras-antroposofia-3-700x700.jpeg\" alt=\"\" width=\"563\" height=\"563\" srcset=\"https:\/\/portalfloresnoar.com\/floresnoar\/wp-content\/uploads\/2021\/09\/palestras-antroposofia-3-700x700.jpeg 700w, https:\/\/portalfloresnoar.com\/floresnoar\/wp-content\/uploads\/2021\/09\/palestras-antroposofia-3-150x150.jpeg 150w, https:\/\/portalfloresnoar.com\/floresnoar\/wp-content\/uploads\/2021\/09\/palestras-antroposofia-3-300x300.jpeg 300w, https:\/\/portalfloresnoar.com\/floresnoar\/wp-content\/uploads\/2021\/09\/palestras-antroposofia-3-768x768.jpeg 768w, https:\/\/portalfloresnoar.com\/floresnoar\/wp-content\/uploads\/2021\/09\/palestras-antroposofia-3-100x100.jpeg 100w, https:\/\/portalfloresnoar.com\/floresnoar\/wp-content\/uploads\/2021\/09\/palestras-antroposofia-3.jpeg 1080w\" sizes=\"(max-width: 563px) 100vw, 563px\" \/><\/p>\n<p>INVESTIMENTO<br \/>\n<strong>Palestra individual:<\/strong> R$ 35,00<br \/>\n<strong>Pacote incluindo as 6 palestras:<\/strong> R$ 210,00<\/p>\n<p><em><strong>Obs.:<\/strong> Quem n\u00e3o puder assistir \u00e0s palestras ao vivo, ter\u00e1 acesso \u00e0s grava\u00e7\u00f5es.<\/em><\/p>\n<p>INSCRI\u00c7\u00d5ES<br \/>\n<a href=\"https:\/\/nucleoapantroposofico.com.br\/segundo-ciclo-de-palestras\/\" target=\"_blank\" rel=\"noopener\">https:\/\/nucleoapantroposofico.com.br\/segundo-ciclo-de-palestras\/<\/a><\/p>\n<p>MAIS INFORMA\u00c7\u00d5ES<br \/>\n<strong>WhatsApp:<\/strong> (81) 99908-5069<br \/>\n<strong>E-mail:<\/strong> nucleoantroposofico@gmail.com<br \/>\n<strong>Instagram:<\/strong> <a href=\"https:\/\/www.instagram.com\/nucleoapantroposofico\/\" target=\"_blank\" rel=\"noopener\">@nucleoantroposofico<\/a><\/p>\n","protected":false},"excerpt":{"rendered":"<p>O\u00a0 N\u00facleo de Aprofundamento Antropos\u00f3fico (NAA) est\u00e1 realizando, nos meses de setembro e outubro de 2021, o\u00a0II Ciclo de Palestras com temas relativos \u00e0 Antroposofia e \u00e0 Pedagogia Waldorf.\u00a0O ciclo \u00e9 composto por seis palestras ao vivo, semanais, ministradas por diferentes convidados. Quem n\u00e3o puder assistir ao vivo, ter\u00e1 acesso \u00e0s grava\u00e7\u00f5es. &#8220;As palestras s\u00e3o [&hellip;]<\/p>\n","protected":false},"author":1,"featured_media":40275,"comment_status":"open","ping_status":"open","sticky":false,"template":"","format":"standard","meta":{"om_disable_all_campaigns":false,"_monsterinsights_skip_tracking":false,"_monsterinsights_sitenote_active":false,"_monsterinsights_sitenote_note":"","_monsterinsights_sitenote_category":0,"footnotes":""},"categories":[8,214],"tags":[23,577,305,115,624],"acf":[],"publishpress_future_action":{"enabled":false,"date":"1969-12-31 21:00:00","action":"","terms":[],"taxonomy":"","browser_timezone_offset":0},"_links":{"self":[{"href":"https:\/\/portalfloresnoar.com\/floresnoar\/wp-json\/wp\/v2\/posts\/40271"}],"collection":[{"href":"https:\/\/portalfloresnoar.com\/floresnoar\/wp-json\/wp\/v2\/posts"}],"about":[{"href":"https:\/\/portalfloresnoar.com\/floresnoar\/wp-json\/wp\/v2\/types\/post"}],"author":[{"embeddable":true,"href":"https:\/\/portalfloresnoar.com\/floresnoar\/wp-json\/wp\/v2\/users\/1"}],"replies":[{"embeddable":true,"href":"https:\/\/portalfloresnoar.com\/floresnoar\/wp-json\/wp\/v2\/comments?post=40271"}],"version-history":[{"count":0,"href":"https:\/\/portalfloresnoar.com\/floresnoar\/wp-json\/wp\/v2\/posts\/40271\/revisions"}],"wp:featuredmedia":[{"embeddable":true,"href":"https:\/\/portalfloresnoar.com\/floresnoar\/wp-json\/wp\/v2\/media\/40275"}],"wp:attachment":[{"href":"https:\/\/portalfloresnoar.com\/floresnoar\/wp-json\/wp\/v2\/media?parent=40271"}],"wp:term":[{"taxonomy":"category","embeddable":true,"href":"https:\/\/portalfloresnoar.com\/floresnoar\/wp-json\/wp\/v2\/categories?post=40271"},{"taxonomy":"post_tag","embeddable":true,"href":"https:\/\/portalfloresnoar.com\/floresnoar\/wp-json\/wp\/v2\/tags?post=40271"}],"curies":[{"name":"wp","href":"https:\/\/api.w.org\/{rel}","templated":true}]}}