

{"id":40259,"date":"2021-12-01T10:05:25","date_gmt":"2021-12-01T13:05:25","guid":{"rendered":"http:\/\/portalfloresnoar.com\/floresnoar\/?p=40259"},"modified":"2021-12-30T13:46:29","modified_gmt":"2021-12-30T16:46:29","slug":"agenda-terapeuta-filipa-alvarenga-oferece-atendimentos-com-abordagem-integrativa-e-multidimensional","status":"publish","type":"post","link":"https:\/\/portalfloresnoar.com\/floresnoar\/agenda-terapeuta-filipa-alvarenga-oferece-atendimentos-com-abordagem-integrativa-e-multidimensional\/","title":{"rendered":"[AGENDA] Terapeuta Filipa Alvarenga oferece atendimentos com abordagem integrativa e multidimensional"},"content":{"rendered":"<p>&nbsp;<\/p>\n<p><img decoding=\"async\" loading=\"lazy\" class=\"wp-image-40260 aligncenter\" src=\"http:\/\/portalfloresnoar.com\/floresnoar\/wp-content\/uploads\/2021\/09\/regressao-no-recife-700x316.png\" alt=\"\" width=\"506\" height=\"228\" srcset=\"https:\/\/portalfloresnoar.com\/floresnoar\/wp-content\/uploads\/2021\/09\/regressao-no-recife-700x316.png 700w, https:\/\/portalfloresnoar.com\/floresnoar\/wp-content\/uploads\/2021\/09\/regressao-no-recife-300x135.png 300w, https:\/\/portalfloresnoar.com\/floresnoar\/wp-content\/uploads\/2021\/09\/regressao-no-recife-768x346.png 768w, https:\/\/portalfloresnoar.com\/floresnoar\/wp-content\/uploads\/2021\/09\/regressao-no-recife.png 900w\" sizes=\"(max-width: 506px) 100vw, 506px\" \/><\/p>\n<p>A terapeuta Filipa Alvarenga oferece atendimentos terap\u00eauticos presenciais no Recife, e tamb\u00e9m de forma on-line, para adultos, adolescentes e crian\u00e7as,\u00a0com uma abordagem integrativa e multidimensional, conciliando diferentes t\u00e9cnicas terap\u00eauticas:\u00a0 Arteterapia, Psicoterapia Reencarnacionista\/Vidas passadas, Psicoterapia Transpessoal, Constela\u00e7\u00e3o Sist\u00eamica, Terapia Vibracional e canaliza\u00e7\u00e3o de Registros Ak\u00e1shicos.<\/p>\n<p>\u201cAcredito no ser humano como um todo, na heran\u00e7a transgeracional e na interconex\u00e3o entre os seres, a natureza e o universo. O processo terap\u00eautico rege-se pelo respeito e aceita\u00e7\u00e3o de cada pessoa como um Ser \u00fanico, estimulando o equil\u00edbrio dos planos f\u00edsico e sutis. Tudo o que necessitamos est\u00e1 dentro de n\u00f3s, o curador e s\u00e1bio internos que nos habitam, guardam, apoiam e iluminam a caminhada de cada um. Cada Ser integra luz e sombra, e nesse di\u00e1logo promove-se a cura, o autoconhecimento e a expans\u00e3o de consci\u00eancia.&#8221;<\/p>\n<p><img decoding=\"async\" loading=\"lazy\" class=\"wp-image-40261 alignleft\" src=\"http:\/\/portalfloresnoar.com\/floresnoar\/wp-content\/uploads\/2021\/09\/filipa-alvarenga-300x300.jpg\" alt=\"\" width=\"238\" height=\"238\" srcset=\"https:\/\/portalfloresnoar.com\/floresnoar\/wp-content\/uploads\/2021\/09\/filipa-alvarenga-300x300.jpg 300w, https:\/\/portalfloresnoar.com\/floresnoar\/wp-content\/uploads\/2021\/09\/filipa-alvarenga-150x150.jpg 150w, https:\/\/portalfloresnoar.com\/floresnoar\/wp-content\/uploads\/2021\/09\/filipa-alvarenga-768x768.jpg 768w, https:\/\/portalfloresnoar.com\/floresnoar\/wp-content\/uploads\/2021\/09\/filipa-alvarenga-700x700.jpg 700w, https:\/\/portalfloresnoar.com\/floresnoar\/wp-content\/uploads\/2021\/09\/filipa-alvarenga-100x100.jpg 100w, https:\/\/portalfloresnoar.com\/floresnoar\/wp-content\/uploads\/2021\/09\/filipa-alvarenga.jpg 900w\" sizes=\"(max-width: 238px) 100vw, 238px\" \/>Filipa Alvarenga \u00e9 arteterapeuta, consteladora Familiar Sist\u00eamica, canalizadora de Registros Ak\u00e1shicos e psicoterapeuta Transpessoal (em forma\u00e7\u00e3o). Tem a especializa\u00e7\u00e3o em Psicoterapia Reencarnacionista\/Vidas passadas, utilizando t\u00e9cnicas de regress\u00e3o terap\u00eautica e viagens ao inconsciente. Atua como terapeuta vibracional na harmoniza\u00e7\u00e3o e cura energ\u00e9ticas (mestre em Reiki Usui e terapeuta Qu\u00e2ntica Pleiadiana em Frequ\u00eancias de Luz) e tem experi\u00eancia em condu\u00e7\u00e3o de grupos de medita\u00e7\u00e3o guiada e c\u00edrculos de partilha. \u00c9 formada em Sociologia e P\u00f3s-graduada em Psicologia da Gravidez e Maternidade, com 20 anos de experi\u00eancia em investiga\u00e7\u00e3o e interven\u00e7\u00e3o na \u00e1rea de inclus\u00e3o social, com enfoque nas crian\u00e7as e jovens, fam\u00edlias e longevos. Debru\u00e7a-se sobre os conhecimentos da cura qu\u00e2ntica, da Psicologia Positiva, da Teoria U, da Antroposofia, da Express\u00e3o Corporal, do Sagrado Feminino, dos Sonhos e do Xamanismo.<\/p>\n<p>AGENDAMENTOS E MAIS INFORMA\u00c7\u00d5ES<br \/>\n<strong>WhatsApp:<\/strong> (81) 996437030 (Filipa Alvarenga)<br \/>\n<strong>Instagram:<\/strong> <a href=\"https:\/\/www.instagram.com\/alvarengafilipa\/\" target=\"_blank\" rel=\"noopener\">@alvarengafilipa<\/a><br \/>\n<strong>Local de atendimento presencial*:<\/strong> Espa\u00e7o Luz &#8211; Empresarial San Marino, Av. Domingos Ferreira, 2301, Boa Viagem, Recife\/PE.<\/p>\n<p><em><strong>*<\/strong>Nos atendimentos presenciais s\u00e3o cumpridos todos os protocolos de preven\u00e7\u00e3o \u00e0 Covid-19.<\/em><\/p>\n","protected":false},"excerpt":{"rendered":"<p>&nbsp; A terapeuta Filipa Alvarenga oferece atendimentos terap\u00eauticos presenciais no Recife, e tamb\u00e9m de forma on-line, para adultos, adolescentes e crian\u00e7as,\u00a0com uma abordagem integrativa e multidimensional, conciliando diferentes t\u00e9cnicas terap\u00eauticas:\u00a0 Arteterapia, Psicoterapia Reencarnacionista\/Vidas passadas, Psicoterapia Transpessoal, Constela\u00e7\u00e3o Sist\u00eamica, Terapia Vibracional e canaliza\u00e7\u00e3o de Registros Ak\u00e1shicos. \u201cAcredito no ser humano como um todo, na heran\u00e7a transgeracional [&hellip;]<\/p>\n","protected":false},"author":1,"featured_media":40262,"comment_status":"open","ping_status":"open","sticky":false,"template":"","format":"standard","meta":{"om_disable_all_campaigns":false,"_monsterinsights_skip_tracking":false,"_monsterinsights_sitenote_active":false,"_monsterinsights_sitenote_note":"","_monsterinsights_sitenote_category":0,"footnotes":""},"categories":[8,214],"tags":[34,302,389,531,148,158,707,399,1042,638,127],"acf":[],"publishpress_future_action":{"enabled":false,"date":"1969-12-31 21:00:00","action":"","terms":[],"taxonomy":"","browser_timezone_offset":0},"_links":{"self":[{"href":"https:\/\/portalfloresnoar.com\/floresnoar\/wp-json\/wp\/v2\/posts\/40259"}],"collection":[{"href":"https:\/\/portalfloresnoar.com\/floresnoar\/wp-json\/wp\/v2\/posts"}],"about":[{"href":"https:\/\/portalfloresnoar.com\/floresnoar\/wp-json\/wp\/v2\/types\/post"}],"author":[{"embeddable":true,"href":"https:\/\/portalfloresnoar.com\/floresnoar\/wp-json\/wp\/v2\/users\/1"}],"replies":[{"embeddable":true,"href":"https:\/\/portalfloresnoar.com\/floresnoar\/wp-json\/wp\/v2\/comments?post=40259"}],"version-history":[{"count":0,"href":"https:\/\/portalfloresnoar.com\/floresnoar\/wp-json\/wp\/v2\/posts\/40259\/revisions"}],"wp:featuredmedia":[{"embeddable":true,"href":"https:\/\/portalfloresnoar.com\/floresnoar\/wp-json\/wp\/v2\/media\/40262"}],"wp:attachment":[{"href":"https:\/\/portalfloresnoar.com\/floresnoar\/wp-json\/wp\/v2\/media?parent=40259"}],"wp:term":[{"taxonomy":"category","embeddable":true,"href":"https:\/\/portalfloresnoar.com\/floresnoar\/wp-json\/wp\/v2\/categories?post=40259"},{"taxonomy":"post_tag","embeddable":true,"href":"https:\/\/portalfloresnoar.com\/floresnoar\/wp-json\/wp\/v2\/tags?post=40259"}],"curies":[{"name":"wp","href":"https:\/\/api.w.org\/{rel}","templated":true}]}}