

{"id":40256,"date":"2021-09-01T08:28:18","date_gmt":"2021-09-01T11:28:18","guid":{"rendered":"http:\/\/portalfloresnoar.com\/floresnoar\/?p=40256"},"modified":"2023-08-01T09:59:20","modified_gmt":"2023-08-01T12:59:20","slug":"conto-novo-normal","status":"publish","type":"post","link":"https:\/\/portalfloresnoar.com\/floresnoar\/conto-novo-normal\/","title":{"rendered":"[CONTO] Novo normal"},"content":{"rendered":"<p>&nbsp;<\/p>\n<figure id=\"attachment_40257\" aria-describedby=\"caption-attachment-40257\" style=\"width: 520px\" class=\"wp-caption aligncenter\"><img decoding=\"async\" loading=\"lazy\" class=\"wp-image-40257\" src=\"http:\/\/portalfloresnoar.com\/floresnoar\/wp-content\/uploads\/2021\/09\/Novo-normal-_-conto-Dani-Freitas-_-Imagem-de-Ashish-Bogawat-por-Pixabay-Free-700x465.jpg\" alt=\"\" width=\"520\" height=\"346\" srcset=\"https:\/\/portalfloresnoar.com\/floresnoar\/wp-content\/uploads\/2021\/09\/Novo-normal-_-conto-Dani-Freitas-_-Imagem-de-Ashish-Bogawat-por-Pixabay-Free-700x465.jpg 700w, https:\/\/portalfloresnoar.com\/floresnoar\/wp-content\/uploads\/2021\/09\/Novo-normal-_-conto-Dani-Freitas-_-Imagem-de-Ashish-Bogawat-por-Pixabay-Free-300x199.jpg 300w, https:\/\/portalfloresnoar.com\/floresnoar\/wp-content\/uploads\/2021\/09\/Novo-normal-_-conto-Dani-Freitas-_-Imagem-de-Ashish-Bogawat-por-Pixabay-Free-768x511.jpg 768w, https:\/\/portalfloresnoar.com\/floresnoar\/wp-content\/uploads\/2021\/09\/Novo-normal-_-conto-Dani-Freitas-_-Imagem-de-Ashish-Bogawat-por-Pixabay-Free.jpg 1280w\" sizes=\"(max-width: 520px) 100vw, 520px\" \/><figcaption id=\"caption-attachment-40257\" class=\"wp-caption-text\">Imagem de <a href=\"https:\/\/pixabay.com\/pt\/users\/abogawat-4929\/?utm_source=link-attribution&amp;utm_medium=referral&amp;utm_campaign=image&amp;utm_content=49520\">Ashish Bogawat<\/a> por <a href=\"https:\/\/pixabay.com\/pt\/?utm_source=link-attribution&amp;utm_medium=referral&amp;utm_campaign=image&amp;utm_content=49520\">Pixabay<\/a><\/figcaption><\/figure>\n<p style=\"text-align: right;\"><em>&#8220;Vou deixar pra chorar depois&#8221;<\/em><br \/>\n(Bruno Lins)<\/p>\n<p><em>Por Daniella Freitas<\/em><br \/>\n<em> [ freitas27daniella@gmail.com ]<\/em><\/p>\n<p>O cantador afirmava que o tempo presente era o pren\u00fancio de um belo recome\u00e7ar e proclamava, repetidamente, que o futuro viria e seria bom. Parecia at\u00e9 provoca\u00e7\u00e3o. Ent\u00e3o n\u00e3o era para viver s\u00f3 de lembran\u00e7as?<\/p>\n<p>Deitada no sof\u00e1. Olhos fixos no teto. Ela buscava for\u00e7as para recolher as sacolas espalhadas pela sala. Era preciso higienizar e guardar as compras. A m\u00fasica chegava da rua com um volume alto. Fechou os olhos e logo cantarolou o refr\u00e3o simples que avan\u00e7ava no calend\u00e1rio e exaltava o futuro.<\/p>\n<p>Levou as sacolas para a cozinha e, com um paninho embebido em \u00e1lcool, come\u00e7ou a limpar os produtos. Os pensamentos n\u00e3o davam tr\u00e9gua. \u201cOnde voc\u00ea gostaria de estar agora?\u201d A pergunta clich\u00ea fazia todo o sentido. Ela n\u00e3o queria estar ali. Mas n\u00e3o iria chorar, n\u00e3o agora.<\/p>\n<p>Preparou a pr\u00f3pria comida, almo\u00e7ou e n\u00e3o dispensou a sobremesa. Lavou a lou\u00e7a acumulada na pia, esfregou cada cantinho encardido da cozinha e, ao ver tudo limpo, dan\u00e7ou, recordando a melodia daquele canto novo.<\/p>\n<p>O telefone tocou na hora de sempre, interrompendo a m\u00fasica. Ela n\u00e3o atendeu a chamada de v\u00eddeo da m\u00e3e. Tamb\u00e9m preferiu n\u00e3o acompanhar o notici\u00e1rio.<\/p>\n<p>Suas plantas necessitavam de mais aten\u00e7\u00e3o. Cuidou delas. Pensou em cultivar uma pequena horta na varanda. O c\u00e9u estava azul. Tanta coisa por fazer. Cuidar tamb\u00e9m de si. Alongar o corpo, hidratar o cabelo, terminar de ler o livro. N\u00e3o iria chorar, n\u00e3o agora.<br \/>\nO futuro viria e seria bom. Havia ali uma esperan\u00e7a. Enfim.<\/p>\n","protected":false},"excerpt":{"rendered":"<p>&nbsp; &#8220;Vou deixar pra chorar depois&#8221; (Bruno Lins) Por Daniella Freitas [ freitas27daniella@gmail.com ] O cantador afirmava que o tempo presente era o pren\u00fancio de um belo recome\u00e7ar e proclamava, repetidamente, que o futuro viria e seria bom. Parecia at\u00e9 provoca\u00e7\u00e3o. Ent\u00e3o n\u00e3o era para viver s\u00f3 de lembran\u00e7as? Deitada no sof\u00e1. Olhos fixos no [&hellip;]<\/p>\n","protected":false},"author":1,"featured_media":40257,"comment_status":"open","ping_status":"open","sticky":false,"template":"","format":"standard","meta":{"om_disable_all_campaigns":false,"_monsterinsights_skip_tracking":false,"_monsterinsights_sitenote_active":false,"_monsterinsights_sitenote_note":"","_monsterinsights_sitenote_category":0,"footnotes":""},"categories":[220,110,1384],"tags":[79,1386,69,1006],"acf":[],"publishpress_future_action":{"enabled":false,"date":"1969-12-31 21:00:00","action":"","terms":[],"taxonomy":"","browser_timezone_offset":0},"_links":{"self":[{"href":"https:\/\/portalfloresnoar.com\/floresnoar\/wp-json\/wp\/v2\/posts\/40256"}],"collection":[{"href":"https:\/\/portalfloresnoar.com\/floresnoar\/wp-json\/wp\/v2\/posts"}],"about":[{"href":"https:\/\/portalfloresnoar.com\/floresnoar\/wp-json\/wp\/v2\/types\/post"}],"author":[{"embeddable":true,"href":"https:\/\/portalfloresnoar.com\/floresnoar\/wp-json\/wp\/v2\/users\/1"}],"replies":[{"embeddable":true,"href":"https:\/\/portalfloresnoar.com\/floresnoar\/wp-json\/wp\/v2\/comments?post=40256"}],"version-history":[{"count":0,"href":"https:\/\/portalfloresnoar.com\/floresnoar\/wp-json\/wp\/v2\/posts\/40256\/revisions"}],"wp:featuredmedia":[{"embeddable":true,"href":"https:\/\/portalfloresnoar.com\/floresnoar\/wp-json\/wp\/v2\/media\/40257"}],"wp:attachment":[{"href":"https:\/\/portalfloresnoar.com\/floresnoar\/wp-json\/wp\/v2\/media?parent=40256"}],"wp:term":[{"taxonomy":"category","embeddable":true,"href":"https:\/\/portalfloresnoar.com\/floresnoar\/wp-json\/wp\/v2\/categories?post=40256"},{"taxonomy":"post_tag","embeddable":true,"href":"https:\/\/portalfloresnoar.com\/floresnoar\/wp-json\/wp\/v2\/tags?post=40256"}],"curies":[{"name":"wp","href":"https:\/\/api.w.org\/{rel}","templated":true}]}}