

{"id":40218,"date":"2021-07-11T11:14:55","date_gmt":"2021-07-11T14:14:55","guid":{"rendered":"http:\/\/portalfloresnoar.com\/floresnoar\/?p=40218"},"modified":"2021-10-29T09:14:01","modified_gmt":"2021-10-29T12:14:01","slug":"agenda-programa-religare-oferece-sessoes-terapeuticas-em-olinda","status":"publish","type":"post","link":"https:\/\/portalfloresnoar.com\/floresnoar\/agenda-programa-religare-oferece-sessoes-terapeuticas-em-olinda\/","title":{"rendered":"[AGENDA] Programa Religare oferece sess\u00f5es terap\u00eauticas em Olinda"},"content":{"rendered":"<p>&nbsp;<\/p>\n<p><img decoding=\"async\" loading=\"lazy\" class=\"wp-image-40219 aligncenter\" src=\"http:\/\/portalfloresnoar.com\/floresnoar\/wp-content\/uploads\/2021\/08\/cristaloterapia-em-pernambuco.jpg\" alt=\"\" width=\"492\" height=\"328\" srcset=\"https:\/\/portalfloresnoar.com\/floresnoar\/wp-content\/uploads\/2021\/08\/cristaloterapia-em-pernambuco.jpg 1100w, https:\/\/portalfloresnoar.com\/floresnoar\/wp-content\/uploads\/2021\/08\/cristaloterapia-em-pernambuco-300x200.jpg 300w, https:\/\/portalfloresnoar.com\/floresnoar\/wp-content\/uploads\/2021\/08\/cristaloterapia-em-pernambuco-768x512.jpg 768w, https:\/\/portalfloresnoar.com\/floresnoar\/wp-content\/uploads\/2021\/08\/cristaloterapia-em-pernambuco-700x466.jpg 700w\" sizes=\"(max-width: 492px) 100vw, 492px\" \/><\/p>\n<p>O projeto Harmonnizar est\u00e1 oferecendo o Programa Religare, com sess\u00f5es terap\u00eauticas integradas, indicadas para:\u00a0medo do desconhecido e da morte, excesso de negatividade, des\u00e2nimo e inadequa\u00e7\u00e3o social, pensamentos confusos e obscuros, desesperan\u00e7a e falta de f\u00e9, culpa e autocensura, libera\u00e7\u00e3o de carmas familiares, reconex\u00e3o com o divino, entre outras quest\u00f5es a serem trabalhadas para o\u00a0 equil\u00edbrio emocional, mental e energ\u00e9tico.<\/p>\n<p>Os atendimentos s\u00e3o realizados pelos terapeutas integrativos Catarina Sampaio e Josemir Silva.\u00a0As sess\u00f5es s\u00e3o presenciais e acontecem no Espa\u00e7o Tsara de Sarah, em Olinda\/PE.<\/p>\n<p>O programa re\u00fane diversas t\u00e9cnicas terap\u00eauticas, como:\u00a0 Reiki, Craniopuntura,\u00a0Florais, Cristaloterapia, Aromaterapia,\u00a0\u00c1sanas (posturas de Ioga), t\u00e9cnicas de Respira\u00e7\u00e3o, Medita\u00e7\u00e3o, recita\u00e7\u00e3o de Mantras,\u00a0Auriculoterapia, Hidromassagem nos p\u00e9s,\u00a0Eletropuntura e indica\u00e7\u00f5es de Banhos Terap\u00eauticos,<\/p>\n<p><strong>Encontro 1<\/strong><br \/>\n\u2013 Anamnese (conversa terap\u00eautica, para coleta de informa\u00e7\u00f5es acerca das raz\u00f5es que motivaram o interesse do cliente em se cuidar)<br \/>\n\u2013 Planejamento dos encontros<br \/>\n\u2013 Sess\u00f5es de Reiki<br \/>\n\u2013 Sess\u00e3o de Craniopuntura<br \/>\n<em>Obs.: Adicionalmente, ser\u00e1 entregue um frasco contendo Florais.<\/em><\/p>\n<p><strong>Encontro 2<\/strong><br \/>\n\u2013 Sess\u00e3o de Cristaloterapia + Aromaterapia<br \/>\n\u2013 Indica\u00e7\u00e3o de \u00c1sanas (posturas de Yoga)<\/p>\n<p><strong>Encontro 3<\/strong><br \/>\n\u2013 Sess\u00e3o de Geometria Sagrada com Cristais + Aromaterapia, associada a t\u00e9cnicas de Respira\u00e7\u00e3o.<\/p>\n<p><strong>Encontro 4<\/strong><br \/>\n\u2013 Sess\u00e3o de Medita\u00e7\u00e3o Guiada, aliada \u00e0 recita\u00e7\u00e3o de Mantras<br \/>\n\u2013 Sess\u00e3o de Auriculoterapia ou Hidromassagem nos p\u00e9s<br \/>\n\u2013 Indica\u00e7\u00e3o de novos \u00c1sanas<\/p>\n<p><strong>Encontro 5<\/strong><br \/>\n\u2013 Sess\u00e3o de Eletropuntura + Reiki<br \/>\n\u2013 Instru\u00e7\u00f5es sobre Banhos Terap\u00eauticos<br \/>\n\u2013 Autoescuta do paciente e entrega do Caderno para Auto-observa\u00e7\u00e3o (que ser\u00e1 entregue com informa\u00e7\u00f5es de uso).<\/p>\n<p>SOBRE OS TERAPEUTAS<br \/>\n<img decoding=\"async\" loading=\"lazy\" class=\"wp-image-39978 alignleft\" src=\"http:\/\/portalfloresnoar.com\/floresnoar\/wp-content\/uploads\/2021\/07\/cristaloterapeuta-catarina-sampaio-300x300@2x.jpg\" sizes=\"(max-width: 220px) 100vw, 220px\" srcset=\"http:\/\/portalfloresnoar.com\/floresnoar\/wp-content\/uploads\/2021\/07\/cristaloterapeuta-catarina-sampaio-300x300.jpg 300w, http:\/\/portalfloresnoar.com\/floresnoar\/wp-content\/uploads\/2021\/07\/cristaloterapeuta-catarina-sampaio-150x150.jpg 150w, http:\/\/portalfloresnoar.com\/floresnoar\/wp-content\/uploads\/2021\/07\/cristaloterapeuta-catarina-sampaio-768x768.jpg 768w, http:\/\/portalfloresnoar.com\/floresnoar\/wp-content\/uploads\/2021\/07\/cristaloterapeuta-catarina-sampaio-700x700.jpg 700w, http:\/\/portalfloresnoar.com\/floresnoar\/wp-content\/uploads\/2021\/07\/cristaloterapeuta-catarina-sampaio-100x100.jpg 100w, http:\/\/portalfloresnoar.com\/floresnoar\/wp-content\/uploads\/2021\/07\/cristaloterapeuta-catarina-sampaio.jpg 1080w\" alt=\"\" width=\"220\" height=\"220\" \/><\/p>\n<p>Catarina Sampaio \u00e9 terapeuta Hol\u00edstica e Integrativa, desde 1996. Tem forma\u00e7\u00e3o em Cristaloterapia, Cromoterapia, Aromaterapia, Terapia Floral (diversos Sistemas), Radiestesia, Geoterapia , Kirliangrafia, Reiki e Tar\u00f4. \u00c9 respons\u00e1vel pelo Espa\u00e7o Tsara de Sarah de Terapias e Estudos Hol\u00edsticos, localizado em Olinda\/PE, onde desenvolve Rodas de Cura.<\/p>\n<p>&nbsp;<\/p>\n<p>&nbsp;<\/p>\n<p><img decoding=\"async\" loading=\"lazy\" class=\"wp-image-39979 alignleft\" src=\"http:\/\/portalfloresnoar.com\/floresnoar\/wp-content\/uploads\/2021\/07\/terapeuta-josemir-silva-300x300@2x.jpg\" sizes=\"(max-width: 220px) 100vw, 220px\" srcset=\"http:\/\/portalfloresnoar.com\/floresnoar\/wp-content\/uploads\/2021\/07\/terapeuta-josemir-silva-300x300.jpg 300w, http:\/\/portalfloresnoar.com\/floresnoar\/wp-content\/uploads\/2021\/07\/terapeuta-josemir-silva-150x150.jpg 150w, http:\/\/portalfloresnoar.com\/floresnoar\/wp-content\/uploads\/2021\/07\/terapeuta-josemir-silva-768x768.jpg 768w, http:\/\/portalfloresnoar.com\/floresnoar\/wp-content\/uploads\/2021\/07\/terapeuta-josemir-silva-700x700.jpg 700w, http:\/\/portalfloresnoar.com\/floresnoar\/wp-content\/uploads\/2021\/07\/terapeuta-josemir-silva-100x100.jpg 100w, http:\/\/portalfloresnoar.com\/floresnoar\/wp-content\/uploads\/2021\/07\/terapeuta-josemir-silva.jpg 1080w\" alt=\"\" width=\"220\" height=\"220\" \/><\/p>\n<p>&nbsp;<\/p>\n<p>Josemir Silva \u00e9 terapeuta hol\u00edstico e Integrativo, desde 2005. Tem forma\u00e7\u00e3o em Aur\u00edculopuntura, Acupuntura Reflexa, Shiatsu, Do-in, Moxabust\u00e3o, Libera\u00e7\u00e3o Miofascial, Drenagem Linf\u00e1tica, Massagem Terap\u00eautica, Relaxante, Sensitive Massage , Bambuterapia e associa estas pr\u00e1ticas a medita\u00e7\u00f5es diversas durante as atividades nos tratamentos.<\/p>\n<p>&nbsp;<\/p>\n<p>SERVI\u00c7O<br \/>\n<strong>Programa RELIGARE (ALMA)<\/strong><br \/>\n<strong>Valor (incluindo cinco encontros):<\/strong>\u00a0R$ 650,00 (\u00e0 vista) ou R$ 750,00 (em 3x no cart\u00e3o)<br \/>\n<strong>Local:<\/strong>\u00a0Espa\u00e7o Tsara de Sarah de Terapias e Estudos Hol\u00edsticos- Rua do Amparo 353, localizado em Olinda\/PE.<\/p>\n<p><strong>AGENDAMENTOS E MAIS INFORMA\u00c7\u00d5ES<\/strong><br \/>\n<strong>WhatsApp:<\/strong>\u00a0(81) 98541-5184 (Josemir) | (81) 99292-2462 (Catarina)<\/p>\n","protected":false},"excerpt":{"rendered":"<p>&nbsp; O projeto Harmonnizar est\u00e1 oferecendo o Programa Religare, com sess\u00f5es terap\u00eauticas integradas, indicadas para:\u00a0medo do desconhecido e da morte, excesso de negatividade, des\u00e2nimo e inadequa\u00e7\u00e3o social, pensamentos confusos e obscuros, desesperan\u00e7a e falta de f\u00e9, culpa e autocensura, libera\u00e7\u00e3o de carmas familiares, reconex\u00e3o com o divino, entre outras quest\u00f5es a serem trabalhadas para o\u00a0 [&hellip;]<\/p>\n","protected":false},"author":1,"featured_media":40219,"comment_status":"open","ping_status":"open","sticky":false,"template":"","format":"standard","meta":{"om_disable_all_campaigns":false,"_monsterinsights_skip_tracking":false,"_monsterinsights_sitenote_active":false,"_monsterinsights_sitenote_note":"","_monsterinsights_sitenote_category":0,"footnotes":""},"categories":[8,214],"tags":[130,73,325,29,708,43,37,435,21],"acf":[],"publishpress_future_action":{"enabled":false,"date":"1969-12-31 21:00:00","action":"","terms":[],"taxonomy":"","browser_timezone_offset":0},"_links":{"self":[{"href":"https:\/\/portalfloresnoar.com\/floresnoar\/wp-json\/wp\/v2\/posts\/40218"}],"collection":[{"href":"https:\/\/portalfloresnoar.com\/floresnoar\/wp-json\/wp\/v2\/posts"}],"about":[{"href":"https:\/\/portalfloresnoar.com\/floresnoar\/wp-json\/wp\/v2\/types\/post"}],"author":[{"embeddable":true,"href":"https:\/\/portalfloresnoar.com\/floresnoar\/wp-json\/wp\/v2\/users\/1"}],"replies":[{"embeddable":true,"href":"https:\/\/portalfloresnoar.com\/floresnoar\/wp-json\/wp\/v2\/comments?post=40218"}],"version-history":[{"count":0,"href":"https:\/\/portalfloresnoar.com\/floresnoar\/wp-json\/wp\/v2\/posts\/40218\/revisions"}],"wp:featuredmedia":[{"embeddable":true,"href":"https:\/\/portalfloresnoar.com\/floresnoar\/wp-json\/wp\/v2\/media\/40219"}],"wp:attachment":[{"href":"https:\/\/portalfloresnoar.com\/floresnoar\/wp-json\/wp\/v2\/media?parent=40218"}],"wp:term":[{"taxonomy":"category","embeddable":true,"href":"https:\/\/portalfloresnoar.com\/floresnoar\/wp-json\/wp\/v2\/categories?post=40218"},{"taxonomy":"post_tag","embeddable":true,"href":"https:\/\/portalfloresnoar.com\/floresnoar\/wp-json\/wp\/v2\/tags?post=40218"}],"curies":[{"name":"wp","href":"https:\/\/api.w.org\/{rel}","templated":true}]}}