

{"id":40214,"date":"2021-04-30T09:34:26","date_gmt":"2021-04-30T12:34:26","guid":{"rendered":"http:\/\/portalfloresnoar.com\/floresnoar\/?p=40214"},"modified":"2021-08-31T19:52:10","modified_gmt":"2021-08-31T22:52:10","slug":"agenda-palestra-on-line-a-educacao-musical-no-processo-de-individuacao-dia-19","status":"publish","type":"post","link":"https:\/\/portalfloresnoar.com\/floresnoar\/agenda-palestra-on-line-a-educacao-musical-no-processo-de-individuacao-dia-19\/","title":{"rendered":"[AGENDA] Palestra on-line &#8216;A Educa\u00e7\u00e3o Musical no processo de individua\u00e7\u00e3o&#8217;, dia 1\/9"},"content":{"rendered":"<p><img decoding=\"async\" loading=\"lazy\" class=\"aligncenter wp-image-40215\" src=\"http:\/\/portalfloresnoar.com\/floresnoar\/wp-content\/uploads\/2021\/08\/educacao-musical-700x700.jpeg\" alt=\"\" width=\"497\" height=\"497\" srcset=\"https:\/\/portalfloresnoar.com\/floresnoar\/wp-content\/uploads\/2021\/08\/educacao-musical-700x700.jpeg 700w, https:\/\/portalfloresnoar.com\/floresnoar\/wp-content\/uploads\/2021\/08\/educacao-musical-150x150.jpeg 150w, https:\/\/portalfloresnoar.com\/floresnoar\/wp-content\/uploads\/2021\/08\/educacao-musical-300x300.jpeg 300w, https:\/\/portalfloresnoar.com\/floresnoar\/wp-content\/uploads\/2021\/08\/educacao-musical-768x768.jpeg 768w, https:\/\/portalfloresnoar.com\/floresnoar\/wp-content\/uploads\/2021\/08\/educacao-musical-100x100.jpeg 100w, https:\/\/portalfloresnoar.com\/floresnoar\/wp-content\/uploads\/2021\/08\/educacao-musical.jpeg 1080w\" sizes=\"(max-width: 497px) 100vw, 497px\" \/><\/p>\n<p>A professora de m\u00fasica Fl\u00e1via Betti abre neste dia 1\u00ba de setembro\u00a0o II Ciclo de Palestras do N\u00facleo de Aprofundamento Antropos\u00f3fico (NAA), com a palestra &#8216;A Educa\u00e7\u00e3o Musical no processo de individua\u00e7\u00e3o&#8217;. O encontro ser\u00e1 on-line, \u00e0s 19h30, via Zoom.<\/p>\n<p><span style=\"letter-spacing: 0em;\">A palestra abordar\u00e1 a utiliza\u00e7\u00e3o da<\/span>\u00a0m\u00fasica para harmonizar, aconchegar e despertar as crian\u00e7as e jovens. &#8220;N\u00f3s vamos cantar v\u00e1rias m\u00fasicas de Micael, e olhar em cada uma delas como acontece a evolu\u00e7\u00e3o a n\u00edvel mel\u00f3dico, harm\u00f4nico e r\u00edtmico quanto ao n\u00edvel da consci\u00eancia dos sentimentos da crian\u00e7a e do jovem no mundo&#8221;, explica Fl\u00e1via, que \u00e9\u00a0professora de m\u00fasica formada em Cantoterapia pela Escola Raphael.<\/p>\n<p>O Ciclo de Palestras promovido pelo\u00a0N\u00facleo de Aprofundamento Antropos\u00f3fico (NAA) \u00e9 uma\u00a0jornada ao vivo com palestras semanais onde s\u00e3o abordados, de forma multidisciplinar, os fundamentos da Antroposofia e Pedagogia Waldorf, estimulando e aprofundando os processos de aprendizagem para a vida.<\/p>\n<p>SERVI\u00c7O<br \/>\n<em><strong>Palestra &#8216;A Educa\u00e7\u00e3o Musical no processo de individua\u00e7\u00e3o&#8217;<\/strong><\/em><br \/>\n<strong>Data:<\/strong> 01\/09\/2021 (quarta-feira)<br \/>\n<strong>Hora:<\/strong> 19h30<br \/>\n<strong>Local:<\/strong> Plataforma de videoconfer\u00eancia on-line Zoom<br \/>\n<strong>Valor:<\/strong> R$ 35,00<br \/>\n<strong>Inscri\u00e7\u00f5es, neste link:\u00a0<\/strong><a href=\"https:\/\/sun.eduzz.com\/981572\" target=\"_blank\" rel=\"noopener\">https:\/\/sun.eduzz.com\/981572<\/a><\/p>\n<p><strong>MAIS INFORMA\u00c7\u00d5ES<\/strong><br \/>\n<strong>Fone\/WhatsApp:<\/strong>\u00a0(81) 99908.5069<br \/>\n<strong>E-mail:<\/strong>\u00a0nucleoapantroposofico@gmail.com<br \/>\n<strong>Instagram:<\/strong>\u00a0<a href=\"https:\/\/www.instagram.com\/nucleoapantroposofico\/\" target=\"_blank\" rel=\"noopener\">@nucleoapantroposofico<\/a><\/p>\n<div class=\"fb-like-wrp\"><\/div>\n","protected":false},"excerpt":{"rendered":"<p>A professora de m\u00fasica Fl\u00e1via Betti abre neste dia 1\u00ba de setembro\u00a0o II Ciclo de Palestras do N\u00facleo de Aprofundamento Antropos\u00f3fico (NAA), com a palestra &#8216;A Educa\u00e7\u00e3o Musical no processo de individua\u00e7\u00e3o&#8217;. O encontro ser\u00e1 on-line, \u00e0s 19h30, via Zoom. A palestra abordar\u00e1 a utiliza\u00e7\u00e3o da\u00a0m\u00fasica para harmonizar, aconchegar e despertar as crian\u00e7as e jovens. [&hellip;]<\/p>\n","protected":false},"author":1,"featured_media":40216,"comment_status":"open","ping_status":"open","sticky":false,"template":"","format":"standard","meta":{"om_disable_all_campaigns":false,"_monsterinsights_skip_tracking":false,"_monsterinsights_sitenote_active":false,"_monsterinsights_sitenote_note":"","_monsterinsights_sitenote_category":0,"footnotes":""},"categories":[8,214],"tags":[1041,314,577,31,115,624],"acf":[],"publishpress_future_action":{"enabled":false,"date":"1969-12-31 21:00:00","action":"","terms":[],"taxonomy":"","browser_timezone_offset":0},"_links":{"self":[{"href":"https:\/\/portalfloresnoar.com\/floresnoar\/wp-json\/wp\/v2\/posts\/40214"}],"collection":[{"href":"https:\/\/portalfloresnoar.com\/floresnoar\/wp-json\/wp\/v2\/posts"}],"about":[{"href":"https:\/\/portalfloresnoar.com\/floresnoar\/wp-json\/wp\/v2\/types\/post"}],"author":[{"embeddable":true,"href":"https:\/\/portalfloresnoar.com\/floresnoar\/wp-json\/wp\/v2\/users\/1"}],"replies":[{"embeddable":true,"href":"https:\/\/portalfloresnoar.com\/floresnoar\/wp-json\/wp\/v2\/comments?post=40214"}],"version-history":[{"count":0,"href":"https:\/\/portalfloresnoar.com\/floresnoar\/wp-json\/wp\/v2\/posts\/40214\/revisions"}],"wp:featuredmedia":[{"embeddable":true,"href":"https:\/\/portalfloresnoar.com\/floresnoar\/wp-json\/wp\/v2\/media\/40216"}],"wp:attachment":[{"href":"https:\/\/portalfloresnoar.com\/floresnoar\/wp-json\/wp\/v2\/media?parent=40214"}],"wp:term":[{"taxonomy":"category","embeddable":true,"href":"https:\/\/portalfloresnoar.com\/floresnoar\/wp-json\/wp\/v2\/categories?post=40214"},{"taxonomy":"post_tag","embeddable":true,"href":"https:\/\/portalfloresnoar.com\/floresnoar\/wp-json\/wp\/v2\/tags?post=40214"}],"curies":[{"name":"wp","href":"https:\/\/api.w.org\/{rel}","templated":true}]}}