

{"id":40207,"date":"2021-08-25T09:20:47","date_gmt":"2021-08-25T12:20:47","guid":{"rendered":"http:\/\/portalfloresnoar.com\/floresnoar\/?p=40207"},"modified":"2021-08-25T09:21:33","modified_gmt":"2021-08-25T12:21:33","slug":"carcara-tarot-cavaleiros-do-tarot-e-suas-potencias","status":"publish","type":"post","link":"https:\/\/portalfloresnoar.com\/floresnoar\/carcara-tarot-cavaleiros-do-tarot-e-suas-potencias\/","title":{"rendered":"[CARCAR\u00c1 TAROT] Os Cavaleiros do Tarot e suas pot\u00eancias"},"content":{"rendered":"<figure id=\"attachment_40210\" aria-describedby=\"caption-attachment-40210\" style=\"width: 505px\" class=\"wp-caption aligncenter\"><img decoding=\"async\" loading=\"lazy\" class=\"wp-image-40210\" src=\"http:\/\/portalfloresnoar.com\/floresnoar\/wp-content\/uploads\/2021\/08\/cavaleiros-tar\u00f4-700x360.png\" alt=\"\" width=\"505\" height=\"260\" srcset=\"https:\/\/portalfloresnoar.com\/floresnoar\/wp-content\/uploads\/2021\/08\/cavaleiros-tar\u00f4.png 700w, https:\/\/portalfloresnoar.com\/floresnoar\/wp-content\/uploads\/2021\/08\/cavaleiros-tar\u00f4-300x154.png 300w\" sizes=\"(max-width: 505px) 100vw, 505px\" \/><figcaption id=\"caption-attachment-40210\" class=\"wp-caption-text\">Cavaleiros do Tarot (baralho de Waite-Smith)<\/figcaption><\/figure>\n<p>| <em>Por Sabrina Carvalho*<\/em> |<\/p>\n<p><span style=\"font-weight: 400;\">A jornada do Tarot, assim como suas l\u00e2minas individualmente, nos fornecem o espelhamento do nosso eu no mundo e nas situa\u00e7\u00f5es em que nos envolvemos. A jornada em si revela nossa rela\u00e7\u00e3o c\u00edclica com a vida e cada carta revela em que ponto desse ciclo n\u00f3s estamos passando. As combina\u00e7\u00f5es e a pr\u00f3pria aleatoriedade dos jogos espelham perfeitamente nossos desafios e nossas vit\u00f3rias, assim como nossas pot\u00eancias.\u00a0\u00a0<\/span><\/p>\n<p><span style=\"font-weight: 400;\">Enquanto o valete nos conecta com nossos potenciais, ou seja, aquilo que n\u00f3s podemos desenvolver, o cavaleiro nos tr\u00e1s nossas pot\u00eancias a serem postas em pr\u00e1tica na nossa vida. E ao contr\u00e1rio da Rainha e do Rei, o cavaleiro n\u00e3o traz em si a energia dos g\u00eaneros feminino e masculino, mas revela que ao contr\u00e1rio da maturidade j\u00e1 estabelecida pela realeza da corte, se manifesta a pot\u00eancia do eu, a juventude avan\u00e7ada e aprimorada que prepara essa maturidade para o posterior. A for\u00e7a do Rei e da Rainha passam pelo cavaleiro: a obstina\u00e7\u00e3o em dominar seu elemento faz com que elxs cheguem em seu \u00e1pice do poder elemental. Cada cavaleiro possui um cavalo, que em sua postura revela o movimento que seu elemento traz consigo.\u00a0<\/span><\/p>\n<p><span style=\"font-weight: 400;\">O cavalo do Cavaleiro de Ouros (na carta desenhada por P\u00e2mela no tarot Rider-Waite-Smith), o cavalo negro parado fala do movimento do elemento terra, lento, fechado, cuja presen\u00e7a e n\u00e3o andan\u00e7a significam a concentra\u00e7\u00e3o do cavaleiro em nutrir o aqui e o agora, para dar ra\u00edzes s\u00f3lidas e frutos a serem colhidos. O apego ao fazer e ao materializar se utilizam do cavalo n\u00e3o para correr l\u00e9guas, mas sim para ajudar a arar a terra, transportar insumos para a alimenta\u00e7\u00e3o dos nossos sonhos. Ele n\u00e3o precisa ir a lugar algum, sua miss\u00e3o est\u00e1 \u00e0 sua frente e o que precisa ser feito faz do cavaleiro um \u00f3timo realizador. Devagar se vai ao longe!<\/span><\/p>\n<p><span style=\"font-weight: 400;\">O Cavaleiro de Espadas corre com a velocidade do vento, anunciando, comunicando e, principalmente, lutando pela verdade. A rapidez da mente, o poder de transforma\u00e7\u00e3o das palavras e a objetividade s\u00e3o os pontos fortes do portador do elemento ar. Seu cavalo veloz leva consigo as verdades, a l\u00f3gica e, por ser t\u00e3o conectado com essas verdades, pode ser bastante cortante com suas l\u00e2minas comunicativas. A frieza de suas palavras e a capacidade de focar na miss\u00e3o faz desse cavaleiro um \u00f3timo guerreiro que conquista, defende e combate o que quer que seja.<\/span><\/p>\n<p><span style=\"font-weight: 400;\">\u00a0O belo Cavaleiro de Copas adorna seu cavalo e seu caminho. Ele busca um trajeto para que possa contemplar com seu cavalo as belas paisagens, significados, insights, ideias, inspira\u00e7\u00f5es\u2026 Quem nunca sonhou um dia? Quem nunca idealizou a partir dos seus sonhos um mundo melhor, uma rela\u00e7\u00e3o melhor? Satisfa\u00e7\u00e3o, apaixonamento e criatividade s\u00e3o o conte\u00fado das ta\u00e7as cheias desse cavaleiro, que n\u00e3o economiza utopias nem vislumbres. Seu cavalo saltitante quer flutuar mais que cavalgar, n\u00e3o quer correr nem brigar, como diria Tim Maia: s\u00f3 se quer amar.<\/span><\/p>\n<p><span style=\"font-weight: 400;\">E para encerrar temos o mestre da expans\u00e3o! O Cavaleiro de Paus \u00e9 pura transmuta\u00e7\u00e3o, transforma\u00e7\u00e3o, realiza\u00e7\u00e3o, e, por que n\u00e3o, tes\u00e3o. Tes\u00e3o de viver, paix\u00e3o pela vida! \u00c9 para al\u00e9m do sonhar, \u00e9 o realizar, o colocar toda nossa for\u00e7a de pot\u00eancia para finalmente conseguir o que se quer. E por ser ansioso, afobado, tamb\u00e9m disp\u00f5es de muita velocidade para o que for. Nada consegue barrar a vontade de pot\u00eancia do cavaleiro de fogo, cujo seu poder maior \u00e9 o seu querer.\u00a0<\/span><\/p>\n<figure id=\"attachment_31988\" class=\"wp-caption alignleft\" style=\"width: 207px;\"><img decoding=\"async\" loading=\"lazy\" class=\"wp-image-31988\" src=\"http:\/\/portalfloresnoar.com\/floresnoar\/wp-content\/uploads\/2018\/01\/tarologa-Sabrina-Carvalho.jpg\" sizes=\"(max-width: 219px) 100vw, 219px\" srcset=\"http:\/\/portalfloresnoar.com\/floresnoar\/wp-content\/uploads\/2018\/01\/tarologa-Sabrina-Carvalho.jpg 298w, http:\/\/portalfloresnoar.com\/floresnoar\/wp-content\/uploads\/2018\/01\/tarologa-Sabrina-Carvalho-229x300.jpg 229w\" alt=\"\" width=\"207\" height=\"271\" \/><figcaption class=\"wp-caption-text\">Foto: Mar\u00edlia Pinheiro<\/figcaption><\/figure>\n<p>&nbsp;<\/p>\n<p><em>* Sabrina Carvalho \u00e9 tar\u00f3loga, criadora da\u00a0<a href=\"https:\/\/www.instagram.com\/carcaratarot\/\" target=\"_blank\" rel=\"noopener\">Carcar\u00e1 \u2013 Escola de Tarot<\/a>, pesquisadora e\u00a0<a href=\"https:\/\/portalfloresnoar.com\/floresnoar\/categoria\/colunas\/sabraccadabra\/\" target=\"_blank\" rel=\"noopener\">escritora\/colunista do Portal Flores no Ar<\/a>. Realiza leituras com foco em autoconhecimento, autoempoderamento e transforma\u00e7\u00e3o. Tamb\u00e9m ministra aulas de inicia\u00e7\u00e3o aos Arcanos Maiores e Menores.<\/em><\/p>\n<p>CONTATOS<br \/>\n<strong>Fone\/ WhatsApp:<\/strong>\u00a0(81) 99634.5003<br \/>\n<strong>E-mail:<\/strong>\u00a0carcaratarot@gmail.com<br \/>\n<strong>Instagram:<\/strong>\u00a0<a href=\"https:\/\/www.instagram.com\/carcaratarot\/\" target=\"_blank\" rel=\"noopener\">@carcaratarot<\/a><\/p>\n","protected":false},"excerpt":{"rendered":"<p>| Por Sabrina Carvalho* | A jornada do Tarot, assim como suas l\u00e2minas individualmente, nos fornecem o espelhamento do nosso eu no mundo e nas situa\u00e7\u00f5es em que nos envolvemos. A jornada em si revela nossa rela\u00e7\u00e3o c\u00edclica com a vida e cada carta revela em que ponto desse ciclo n\u00f3s estamos passando. As combina\u00e7\u00f5es [&hellip;]<\/p>\n","protected":false},"author":1,"featured_media":40209,"comment_status":"open","ping_status":"open","sticky":false,"template":"","format":"standard","meta":{"om_disable_all_campaigns":false,"_monsterinsights_skip_tracking":false,"_monsterinsights_sitenote_active":false,"_monsterinsights_sitenote_note":"","_monsterinsights_sitenote_category":0,"footnotes":""},"categories":[1035,220],"tags":[573,499,296,86],"acf":[],"publishpress_future_action":{"enabled":false,"date":"1969-12-31 21:00:00","action":"","terms":[],"taxonomy":"","browser_timezone_offset":0},"_links":{"self":[{"href":"https:\/\/portalfloresnoar.com\/floresnoar\/wp-json\/wp\/v2\/posts\/40207"}],"collection":[{"href":"https:\/\/portalfloresnoar.com\/floresnoar\/wp-json\/wp\/v2\/posts"}],"about":[{"href":"https:\/\/portalfloresnoar.com\/floresnoar\/wp-json\/wp\/v2\/types\/post"}],"author":[{"embeddable":true,"href":"https:\/\/portalfloresnoar.com\/floresnoar\/wp-json\/wp\/v2\/users\/1"}],"replies":[{"embeddable":true,"href":"https:\/\/portalfloresnoar.com\/floresnoar\/wp-json\/wp\/v2\/comments?post=40207"}],"version-history":[{"count":0,"href":"https:\/\/portalfloresnoar.com\/floresnoar\/wp-json\/wp\/v2\/posts\/40207\/revisions"}],"wp:featuredmedia":[{"embeddable":true,"href":"https:\/\/portalfloresnoar.com\/floresnoar\/wp-json\/wp\/v2\/media\/40209"}],"wp:attachment":[{"href":"https:\/\/portalfloresnoar.com\/floresnoar\/wp-json\/wp\/v2\/media?parent=40207"}],"wp:term":[{"taxonomy":"category","embeddable":true,"href":"https:\/\/portalfloresnoar.com\/floresnoar\/wp-json\/wp\/v2\/categories?post=40207"},{"taxonomy":"post_tag","embeddable":true,"href":"https:\/\/portalfloresnoar.com\/floresnoar\/wp-json\/wp\/v2\/tags?post=40207"}],"curies":[{"name":"wp","href":"https:\/\/api.w.org\/{rel}","templated":true}]}}