

{"id":40199,"date":"2021-08-24T10:05:58","date_gmt":"2021-08-24T13:05:58","guid":{"rendered":"http:\/\/portalfloresnoar.com\/floresnoar\/?p=40199"},"modified":"2021-08-24T10:24:56","modified_gmt":"2021-08-24T13:24:56","slug":"agenda-programa-motivus-oferece-sessoes-terapeuticas-com-foco-no-relaxamento-e-equilibrio-mental","status":"publish","type":"post","link":"https:\/\/portalfloresnoar.com\/floresnoar\/agenda-programa-motivus-oferece-sessoes-terapeuticas-com-foco-no-relaxamento-e-equilibrio-mental\/","title":{"rendered":"[AGENDA] &#8216;Programa Motivus&#8217; oferece sess\u00f5es terap\u00eauticas, em Olinda, com foco no relaxamento e equil\u00edbrio mental"},"content":{"rendered":"<p><img decoding=\"async\" loading=\"lazy\" class=\" wp-image-39982 alignleft\" src=\"http:\/\/portalfloresnoar.com\/floresnoar\/wp-content\/uploads\/2021\/07\/terapias-em-Olinda-15-300x200.jpg\" alt=\"\" width=\"307\" height=\"205\" srcset=\"https:\/\/portalfloresnoar.com\/floresnoar\/wp-content\/uploads\/2021\/07\/terapias-em-Olinda-15-300x200.jpg 300w, https:\/\/portalfloresnoar.com\/floresnoar\/wp-content\/uploads\/2021\/07\/terapias-em-Olinda-15-768x512.jpg 768w, https:\/\/portalfloresnoar.com\/floresnoar\/wp-content\/uploads\/2021\/07\/terapias-em-Olinda-15-700x467.jpg 700w, https:\/\/portalfloresnoar.com\/floresnoar\/wp-content\/uploads\/2021\/07\/terapias-em-Olinda-15.jpg 1080w\" sizes=\"(max-width: 307px) 100vw, 307px\" \/>Os terapeutas integrativos Catarina Sampaio e Josemir Silva, do projeto Harmonnizar, est\u00e3o oferecendo o Programa Motivus (Mente), com foco no relaxamento, redu\u00e7\u00e3o do estresse, e equil\u00edbrio e clareza mental.\u00a0<span style=\"letter-spacing: 0em;\">O programa \u00e9 composto por\u00a0cinco sess\u00f5es de terapias integradas, realizadas, atrav\u00e9s de agendamento, no Espa\u00e7o Tsara de Sarah, em Olinda\/PE.<\/span><\/p>\n<p><img decoding=\"async\" loading=\"lazy\" class=\" wp-image-40009 alignright\" src=\"http:\/\/portalfloresnoar.com\/floresnoar\/wp-content\/uploads\/2021\/07\/cromoterapia-recife-300x171.jpg\" alt=\"\" width=\"254\" height=\"145\" srcset=\"https:\/\/portalfloresnoar.com\/floresnoar\/wp-content\/uploads\/2021\/07\/cromoterapia-recife-300x171.jpg 300w, https:\/\/portalfloresnoar.com\/floresnoar\/wp-content\/uploads\/2021\/07\/cromoterapia-recife-768x437.jpg 768w, https:\/\/portalfloresnoar.com\/floresnoar\/wp-content\/uploads\/2021\/07\/cromoterapia-recife-700x398.jpg 700w, https:\/\/portalfloresnoar.com\/floresnoar\/wp-content\/uploads\/2021\/07\/cromoterapia-recife.jpg 900w\" sizes=\"(max-width: 254px) 100vw, 254px\" \/><\/p>\n<p>O programa re\u00fane diversas t\u00e9cnicas terap\u00eauticas, como:\u00a0 Cristaloterapia, Cromoterapia, Reiki,\u00a0Florais, Acupuntura, \u00c1sanas (posturas de Ioga), Pedras Quentes, Medita\u00e7\u00e3o, T\u00e9cnicas de Respira\u00e7\u00e3o, Alinhamento dos Chakras,\u00a0 Auriculoterapia,\u00a0Hidromassagem e Banhos Terap\u00eauticos.<\/p>\n<p><strong>Indica\u00e7\u00f5es:<\/strong>\u00a0Enxaqueca, S\u00edndrome do Intestino Irritado, Alergias alimentares, respirat\u00f3rias e\/ou de pele, Gastrite, Impot\u00eancia sexual, entre outras.<\/p>\n<p><strong>Encontro 1<\/strong><br \/>\n\u2013 Anamnese\u00a0(conversa terap\u00eautica, para coleta de informa\u00e7\u00f5es acerca das raz\u00f5es que motivaram o interesse do cliente em se cuidar)<br \/>\n\u2013 Planejamento dos encontros<br \/>\n\u2013 Sess\u00f5es de Reiki + Cristaloterapia + Cromoterapia<br \/>\n<em>Obs.: Adicionalmente, ser\u00e1 entregue um frasco contendo Florais.<\/em><\/p>\n<p><strong>Encontro 2<\/strong><br \/>\n\u2013 Sess\u00e3o de Acupuntura + Reiki<br \/>\n\u2013 Indica\u00e7\u00e3o de \u00c1sanas (posturas de Yoga)<\/p>\n<p><strong>Encontro 3<\/strong><br \/>\n\u2013 Sess\u00e3o de Pedras Quentes + T\u00e9cnicas de Respira\u00e7\u00e3o + Medita\u00e7\u00e3o guiada<\/p>\n<p><strong>Encontro 4<\/strong><br \/>\n\u2013 Sess\u00e3o de Alinhamento de Chakras com Cristais + sess\u00e3o de Auriculoterapia ou Hidromassagem nos p\u00e9s<br \/>\n\u2013 Indica\u00e7\u00e3o de novos \u00c1sanas<\/p>\n<p><strong>Encontro 5<\/strong><br \/>\n\u2013 Sess\u00e3o de Cromoterapia + Reiki<br \/>\n\u2013 Instru\u00e7\u00f5es para os Banhos Terap\u00eauticos<br \/>\n\u2013 Autoescuta e caderno de auto-observa\u00e7\u00e3o (que ser\u00e1 entregue com informa\u00e7\u00f5es de uso).<\/p>\n<p>SOBRE OS TERAPEUTAS<br \/>\n<img decoding=\"async\" loading=\"lazy\" class=\"wp-image-39978 alignleft\" src=\"http:\/\/portalfloresnoar.com\/floresnoar\/wp-content\/uploads\/2021\/07\/cristaloterapeuta-catarina-sampaio-300x300@2x.jpg\" sizes=\"(max-width: 220px) 100vw, 220px\" srcset=\"http:\/\/portalfloresnoar.com\/floresnoar\/wp-content\/uploads\/2021\/07\/cristaloterapeuta-catarina-sampaio-300x300.jpg 300w, http:\/\/portalfloresnoar.com\/floresnoar\/wp-content\/uploads\/2021\/07\/cristaloterapeuta-catarina-sampaio-150x150.jpg 150w, http:\/\/portalfloresnoar.com\/floresnoar\/wp-content\/uploads\/2021\/07\/cristaloterapeuta-catarina-sampaio-768x768.jpg 768w, http:\/\/portalfloresnoar.com\/floresnoar\/wp-content\/uploads\/2021\/07\/cristaloterapeuta-catarina-sampaio-700x700.jpg 700w, http:\/\/portalfloresnoar.com\/floresnoar\/wp-content\/uploads\/2021\/07\/cristaloterapeuta-catarina-sampaio-100x100.jpg 100w, http:\/\/portalfloresnoar.com\/floresnoar\/wp-content\/uploads\/2021\/07\/cristaloterapeuta-catarina-sampaio.jpg 1080w\" alt=\"\" width=\"220\" height=\"220\" \/><\/p>\n<p>Catarina Sampaio \u00e9 terapeuta Hol\u00edstica e Integrativa, desde 1996. Tem forma\u00e7\u00e3o em Cristaloterapia, Cromoterapia, Aromaterapia, Terapia Floral (diversos Sistemas), Radiestesia, Geoterapia , Kirliangrafia, Reiki e Tar\u00f4. \u00c9 respons\u00e1vel pelo Espa\u00e7o Tsara de Sarah de Terapias e Estudos Hol\u00edsticos, localizado em Olinda\/PE, onde desenvolve Rodas de Cura.<\/p>\n<p>&nbsp;<\/p>\n<p>&nbsp;<\/p>\n<p><img decoding=\"async\" loading=\"lazy\" class=\"wp-image-39979 alignleft\" src=\"http:\/\/portalfloresnoar.com\/floresnoar\/wp-content\/uploads\/2021\/07\/terapeuta-josemir-silva-300x300@2x.jpg\" sizes=\"(max-width: 220px) 100vw, 220px\" srcset=\"http:\/\/portalfloresnoar.com\/floresnoar\/wp-content\/uploads\/2021\/07\/terapeuta-josemir-silva-300x300.jpg 300w, http:\/\/portalfloresnoar.com\/floresnoar\/wp-content\/uploads\/2021\/07\/terapeuta-josemir-silva-150x150.jpg 150w, http:\/\/portalfloresnoar.com\/floresnoar\/wp-content\/uploads\/2021\/07\/terapeuta-josemir-silva-768x768.jpg 768w, http:\/\/portalfloresnoar.com\/floresnoar\/wp-content\/uploads\/2021\/07\/terapeuta-josemir-silva-700x700.jpg 700w, http:\/\/portalfloresnoar.com\/floresnoar\/wp-content\/uploads\/2021\/07\/terapeuta-josemir-silva-100x100.jpg 100w, http:\/\/portalfloresnoar.com\/floresnoar\/wp-content\/uploads\/2021\/07\/terapeuta-josemir-silva.jpg 1080w\" alt=\"\" width=\"220\" height=\"220\" \/><\/p>\n<p>&nbsp;<\/p>\n<p>Josemir Silva \u00e9 terapeuta hol\u00edstico e Integrativo, desde 2005. Tem forma\u00e7\u00e3o em Aur\u00edculopuntura, Acupuntura Reflexa, Shiatsu, Do-in, Moxabust\u00e3o, Libera\u00e7\u00e3o Miofascial, Drenagem Linf\u00e1tica, Massagem Terap\u00eautica, Relaxante, Sensitive Massage , Bambuterapia e associa estas pr\u00e1ticas a medita\u00e7\u00f5es diversas durante as atividades nos tratamentos.<\/p>\n<p>SERVI\u00c7O<br \/>\n<strong>Programa Motivus (Mente)<\/strong><br \/>\n<strong>Valor (incluindo cinco encontros):<\/strong>\u00a0R$ 650,00 (\u00e0 vista) ou R$ 750,00 (em 3x no cart\u00e3o)<br \/>\n<strong>Local:<\/strong>\u00a0Espa\u00e7o Tsara de Sarah de Terapias e Estudos Hol\u00edsticos- Rua do Amparo 353, localizado em Olinda\/PE.<\/p>\n<p><strong>AGENDAMENTOS E MAIS INFORMA\u00c7\u00d5ES<\/strong><br \/>\n<strong>WhatsApp:<\/strong>\u00a0(81) 98541-5184 (Josemir) | (81) 99292-2462 (Catarina)<\/p>\n","protected":false},"excerpt":{"rendered":"<p>Os terapeutas integrativos Catarina Sampaio e Josemir Silva, do projeto Harmonnizar, est\u00e3o oferecendo o Programa Motivus (Mente), com foco no relaxamento, redu\u00e7\u00e3o do estresse, e equil\u00edbrio e clareza mental.\u00a0O programa \u00e9 composto por\u00a0cinco sess\u00f5es de terapias integradas, realizadas, atrav\u00e9s de agendamento, no Espa\u00e7o Tsara de Sarah, em Olinda\/PE. O programa re\u00fane diversas t\u00e9cnicas terap\u00eauticas, como:\u00a0 [&hellip;]<\/p>\n","protected":false},"author":1,"featured_media":39982,"comment_status":"open","ping_status":"open","sticky":false,"template":"","format":"standard","meta":{"om_disable_all_campaigns":false,"_monsterinsights_skip_tracking":false,"_monsterinsights_sitenote_active":false,"_monsterinsights_sitenote_note":"","_monsterinsights_sitenote_category":0,"footnotes":""},"categories":[8,224,214],"tags":[130,325,644,105,708,135,1040,43,37,435,21],"acf":[],"publishpress_future_action":{"enabled":false,"date":"1969-12-31 21:00:00","action":"","terms":[],"taxonomy":"","browser_timezone_offset":0},"_links":{"self":[{"href":"https:\/\/portalfloresnoar.com\/floresnoar\/wp-json\/wp\/v2\/posts\/40199"}],"collection":[{"href":"https:\/\/portalfloresnoar.com\/floresnoar\/wp-json\/wp\/v2\/posts"}],"about":[{"href":"https:\/\/portalfloresnoar.com\/floresnoar\/wp-json\/wp\/v2\/types\/post"}],"author":[{"embeddable":true,"href":"https:\/\/portalfloresnoar.com\/floresnoar\/wp-json\/wp\/v2\/users\/1"}],"replies":[{"embeddable":true,"href":"https:\/\/portalfloresnoar.com\/floresnoar\/wp-json\/wp\/v2\/comments?post=40199"}],"version-history":[{"count":0,"href":"https:\/\/portalfloresnoar.com\/floresnoar\/wp-json\/wp\/v2\/posts\/40199\/revisions"}],"wp:featuredmedia":[{"embeddable":true,"href":"https:\/\/portalfloresnoar.com\/floresnoar\/wp-json\/wp\/v2\/media\/39982"}],"wp:attachment":[{"href":"https:\/\/portalfloresnoar.com\/floresnoar\/wp-json\/wp\/v2\/media?parent=40199"}],"wp:term":[{"taxonomy":"category","embeddable":true,"href":"https:\/\/portalfloresnoar.com\/floresnoar\/wp-json\/wp\/v2\/categories?post=40199"},{"taxonomy":"post_tag","embeddable":true,"href":"https:\/\/portalfloresnoar.com\/floresnoar\/wp-json\/wp\/v2\/tags?post=40199"}],"curies":[{"name":"wp","href":"https:\/\/api.w.org\/{rel}","templated":true}]}}