

{"id":40189,"date":"2021-08-16T12:01:53","date_gmt":"2021-08-16T15:01:53","guid":{"rendered":"http:\/\/portalfloresnoar.com\/floresnoar\/?p=40189"},"modified":"2021-10-14T16:33:39","modified_gmt":"2021-10-14T19:33:39","slug":"agenda-programa-relaxare-promove-sessoes-terapeuticas-para-equilibrio-energetico-corporal","status":"publish","type":"post","link":"https:\/\/portalfloresnoar.com\/floresnoar\/agenda-programa-relaxare-promove-sessoes-terapeuticas-para-equilibrio-energetico-corporal\/","title":{"rendered":"[AGENDA] Programa &#8216;Relaxare&#8217; promove sess\u00f5es terap\u00eauticas com foco no equil\u00edbrio energ\u00e9tico e bem-estar"},"content":{"rendered":"<p><img decoding=\"async\" loading=\"lazy\" class=\"wp-image-39985 aligncenter\" src=\"http:\/\/portalfloresnoar.com\/floresnoar\/wp-content\/uploads\/2021\/07\/terapias-em-Olinda-23-700x467.jpg\" alt=\"\" width=\"500\" height=\"333\" srcset=\"https:\/\/portalfloresnoar.com\/floresnoar\/wp-content\/uploads\/2021\/07\/terapias-em-Olinda-23-700x467.jpg 700w, https:\/\/portalfloresnoar.com\/floresnoar\/wp-content\/uploads\/2021\/07\/terapias-em-Olinda-23-300x200.jpg 300w, https:\/\/portalfloresnoar.com\/floresnoar\/wp-content\/uploads\/2021\/07\/terapias-em-Olinda-23-768x512.jpg 768w, https:\/\/portalfloresnoar.com\/floresnoar\/wp-content\/uploads\/2021\/07\/terapias-em-Olinda-23.jpg 1080w\" sizes=\"(max-width: 500px) 100vw, 500px\" \/><\/p>\n<p>Os terapeutas integrativos Catarina Sampaio e Josemir Silva, do projeto Harmonnizar, est\u00e3o oferecendo o Programa Relaxare, composto por cinco sess\u00f5es de terapias integradas, com foco no equil\u00edbrio energ\u00e9tico e bem-estar. As sess\u00f5es s\u00e3o presenciais e acontecem no Espa\u00e7o Tsara de Sarah, em Olinda\/PE.<\/p>\n<p>O programa re\u00fane diversas t\u00e9cnicas terap\u00eauticas, como:\u00a0 Reiki,\u00a0Chakroterapia, Banhos Energ\u00e9ticos, Florais,\u00a0Massagem Relaxante, Hidroterapia, Acupuntura,\u00a0Pedras Quentes, Aromaterapia,\u00a0\u00c1sanas (posturas de Ioga),\u00a0Shiatsu, Do-In,\u00a0Auriculoterapia,\u00a0Hidromassagem, Bambuterapia,\u00a0Libera\u00e7\u00e3o Miofascial e\u00a0Reflexologia Podal.<\/p>\n<p><strong>Indica\u00e7\u00f5es:<\/strong>\u00a0estresse, ansiedade, cansa\u00e7o f\u00edsico, mental, ins\u00f4nia, dores musculares, dist\u00farbios do sono , entre outros inc\u00f4modos sentidos nos corpo f\u00edsico.<\/p>\n<p><strong>Benef\u00edcios:\u00a0<\/strong>relaxamento, redu\u00e7\u00e3o do estresse, equil\u00edbrio energ\u00e9tico em todo o corpo.<\/p>\n<p><strong>Encontro 1<\/strong><br \/>\n\u2013 Anamnese\u00a0(conversa terap\u00eautica, para coleta de informa\u00e7\u00f5es acerca das raz\u00f5es que motivaram o interesse do cliente em se cuidar)<br \/>\n\u2013 Planejamento dos encontros<br \/>\n\u2013 Sess\u00f5es de Reiki + Instru\u00e7\u00f5es para Chakroterapia (ou Banhos Energ\u00e9ticos)<br \/>\n<em>Obs.: A (o) cliente poder\u00e1 tamb\u00e9m receber um frasco contendo Florais (a depender do caso).<\/em><\/p>\n<p><strong>Encontro 2<\/strong><br \/>\n\u2013 Sess\u00e3o de massagem Relaxante + Acupuntura<br \/>\n\u2013 Escalda-p\u00e9s<br \/>\n\u2013 Indica\u00e7\u00f5es de \u00c1sanas (posturas de Ioga)<\/p>\n<p><strong>Encontro 3<\/strong><br \/>\n\u2013 Sess\u00e3o de Pedras Quentes + Aromaterapia<\/p>\n<p><strong>Encontro 4<\/strong><br \/>\n\u2013 Sess\u00e3o de Shiatsu ou Do-In + Sess\u00e3o de Auriculoterapia ou Hidromassagem nos p\u00e9s<br \/>\n\u2013 Indica\u00e7\u00f5es de novos \u00c1sanas<\/p>\n<p><strong>Encontro 5<\/strong><br \/>\n\u2013 Sess\u00e3o de Pedras Quentes ou Bambuterapia + Reflexologia Podal<br \/>\n\u2013 Sess\u00e3o de Libera\u00e7\u00e3o Miofascial<br \/>\n\u2013 Entrega do Caderno de auto-observa\u00e7\u00e3o + instru\u00e7\u00f5es de uso<\/p>\n<p>SOBRE OS TERAPEUTAS<br \/>\n<img decoding=\"async\" loading=\"lazy\" class=\"wp-image-39978 alignleft\" src=\"http:\/\/portalfloresnoar.com\/floresnoar\/wp-content\/uploads\/2021\/07\/cristaloterapeuta-catarina-sampaio-300x300@2x.jpg\" sizes=\"(max-width: 220px) 100vw, 220px\" srcset=\"http:\/\/portalfloresnoar.com\/floresnoar\/wp-content\/uploads\/2021\/07\/cristaloterapeuta-catarina-sampaio-300x300.jpg 300w, http:\/\/portalfloresnoar.com\/floresnoar\/wp-content\/uploads\/2021\/07\/cristaloterapeuta-catarina-sampaio-150x150.jpg 150w, http:\/\/portalfloresnoar.com\/floresnoar\/wp-content\/uploads\/2021\/07\/cristaloterapeuta-catarina-sampaio-768x768.jpg 768w, http:\/\/portalfloresnoar.com\/floresnoar\/wp-content\/uploads\/2021\/07\/cristaloterapeuta-catarina-sampaio-700x700.jpg 700w, http:\/\/portalfloresnoar.com\/floresnoar\/wp-content\/uploads\/2021\/07\/cristaloterapeuta-catarina-sampaio-100x100.jpg 100w, http:\/\/portalfloresnoar.com\/floresnoar\/wp-content\/uploads\/2021\/07\/cristaloterapeuta-catarina-sampaio.jpg 1080w\" alt=\"\" width=\"220\" height=\"220\" \/><\/p>\n<p>Catarina Sampaio \u00e9 terapeuta Hol\u00edstica e Integrativa, desde 1996. Tem forma\u00e7\u00e3o em Cristaloterapia, Cromoterapia, Aromaterapia, Terapia Floral (diversos Sistemas), Radiestesia, Geoterapia , Kirliangrafia, Reiki e Tar\u00f4. \u00c9 respons\u00e1vel pelo Espa\u00e7o Tsara de Sarah de Terapias e Estudos Hol\u00edsticos, localizado em Olinda\/PE, onde desenvolve Rodas de Cura.<\/p>\n<p>&nbsp;<\/p>\n<p>&nbsp;<\/p>\n<p><img decoding=\"async\" loading=\"lazy\" class=\"wp-image-39979 alignleft\" src=\"http:\/\/portalfloresnoar.com\/floresnoar\/wp-content\/uploads\/2021\/07\/terapeuta-josemir-silva-300x300@2x.jpg\" sizes=\"(max-width: 220px) 100vw, 220px\" srcset=\"http:\/\/portalfloresnoar.com\/floresnoar\/wp-content\/uploads\/2021\/07\/terapeuta-josemir-silva-300x300.jpg 300w, http:\/\/portalfloresnoar.com\/floresnoar\/wp-content\/uploads\/2021\/07\/terapeuta-josemir-silva-150x150.jpg 150w, http:\/\/portalfloresnoar.com\/floresnoar\/wp-content\/uploads\/2021\/07\/terapeuta-josemir-silva-768x768.jpg 768w, http:\/\/portalfloresnoar.com\/floresnoar\/wp-content\/uploads\/2021\/07\/terapeuta-josemir-silva-700x700.jpg 700w, http:\/\/portalfloresnoar.com\/floresnoar\/wp-content\/uploads\/2021\/07\/terapeuta-josemir-silva-100x100.jpg 100w, http:\/\/portalfloresnoar.com\/floresnoar\/wp-content\/uploads\/2021\/07\/terapeuta-josemir-silva.jpg 1080w\" alt=\"\" width=\"220\" height=\"220\" \/><\/p>\n<p>&nbsp;<\/p>\n<p>Josemir Silva \u00e9 terapeuta hol\u00edstico e Integrativo, desde 2005. Tem forma\u00e7\u00e3o em Aur\u00edculopuntura, Acupuntura Reflexa, Shiatsu, Do-in, Moxabust\u00e3o, Libera\u00e7\u00e3o Miofascial, Drenagem Linf\u00e1tica, Massagem Terap\u00eautica, Relaxante, Sensitive Massage , Bambuterapia e associa estas pr\u00e1ticas a medita\u00e7\u00f5es diversas durante as atividades nos tratamentos.<\/p>\n<p>SERVI\u00c7O<br \/>\n<strong>Programa Relaxare<\/strong><br \/>\n<strong>Valor (incluindo cinco encontros):<\/strong>\u00a0R$ 650,00 (\u00e0 vista) ou R$ 750,00 (em 3x no cart\u00e3o)<br \/>\n<strong>Local:<\/strong>\u00a0Espa\u00e7o Tsara de Sarah de Terapias e Estudos Hol\u00edsticos- Rua do Amparo 353, localizado em Olinda\/PE.<\/p>\n<p><strong>AGENDAMENTOS E MAIS INFORMA\u00c7\u00d5ES<\/strong><br \/>\n<strong>WhatsApp:<\/strong>\u00a0(81) 98541-5184 (Josemir) | (81) 99292-2462 (Catarina)<\/p>\n","protected":false},"excerpt":{"rendered":"<p>Os terapeutas integrativos Catarina Sampaio e Josemir Silva, do projeto Harmonnizar, est\u00e3o oferecendo o Programa Relaxare, composto por cinco sess\u00f5es de terapias integradas, com foco no equil\u00edbrio energ\u00e9tico e bem-estar. As sess\u00f5es s\u00e3o presenciais e acontecem no Espa\u00e7o Tsara de Sarah, em Olinda\/PE. O programa re\u00fane diversas t\u00e9cnicas terap\u00eauticas, como:\u00a0 Reiki,\u00a0Chakroterapia, Banhos Energ\u00e9ticos, Florais,\u00a0Massagem Relaxante, [&hellip;]<\/p>\n","protected":false},"author":1,"featured_media":39985,"comment_status":"open","ping_status":"open","sticky":false,"template":"","format":"standard","meta":{"om_disable_all_campaigns":false,"_monsterinsights_skip_tracking":false,"_monsterinsights_sitenote_active":false,"_monsterinsights_sitenote_note":"","_monsterinsights_sitenote_category":0,"footnotes":""},"categories":[8,214],"tags":[130,73,325,644,645,84,70,1038,82,646,37,429,127,21],"acf":[],"publishpress_future_action":{"enabled":false,"date":"1969-12-31 21:00:00","action":"","terms":[],"taxonomy":"","browser_timezone_offset":0},"_links":{"self":[{"href":"https:\/\/portalfloresnoar.com\/floresnoar\/wp-json\/wp\/v2\/posts\/40189"}],"collection":[{"href":"https:\/\/portalfloresnoar.com\/floresnoar\/wp-json\/wp\/v2\/posts"}],"about":[{"href":"https:\/\/portalfloresnoar.com\/floresnoar\/wp-json\/wp\/v2\/types\/post"}],"author":[{"embeddable":true,"href":"https:\/\/portalfloresnoar.com\/floresnoar\/wp-json\/wp\/v2\/users\/1"}],"replies":[{"embeddable":true,"href":"https:\/\/portalfloresnoar.com\/floresnoar\/wp-json\/wp\/v2\/comments?post=40189"}],"version-history":[{"count":0,"href":"https:\/\/portalfloresnoar.com\/floresnoar\/wp-json\/wp\/v2\/posts\/40189\/revisions"}],"wp:featuredmedia":[{"embeddable":true,"href":"https:\/\/portalfloresnoar.com\/floresnoar\/wp-json\/wp\/v2\/media\/39985"}],"wp:attachment":[{"href":"https:\/\/portalfloresnoar.com\/floresnoar\/wp-json\/wp\/v2\/media?parent=40189"}],"wp:term":[{"taxonomy":"category","embeddable":true,"href":"https:\/\/portalfloresnoar.com\/floresnoar\/wp-json\/wp\/v2\/categories?post=40189"},{"taxonomy":"post_tag","embeddable":true,"href":"https:\/\/portalfloresnoar.com\/floresnoar\/wp-json\/wp\/v2\/tags?post=40189"}],"curies":[{"name":"wp","href":"https:\/\/api.w.org\/{rel}","templated":true}]}}