

{"id":40180,"date":"2021-03-16T19:24:20","date_gmt":"2021-03-16T22:24:20","guid":{"rendered":"http:\/\/portalfloresnoar.com\/floresnoar\/?p=40180"},"modified":"2021-08-31T10:55:29","modified_gmt":"2021-08-31T13:55:29","slug":"agenda-semana-da-psicologia-antroposofica-promove-palestras-on-line-de-23-a-278","status":"publish","type":"post","link":"https:\/\/portalfloresnoar.com\/floresnoar\/agenda-semana-da-psicologia-antroposofica-promove-palestras-on-line-de-23-a-278\/","title":{"rendered":"[AGENDA] Semana da Psicologia Antropos\u00f3fica contar\u00e1 com palestras on-line de 23 a 27\/8"},"content":{"rendered":"<p><img decoding=\"async\" loading=\"lazy\" class=\"aligncenter wp-image-40181\" src=\"http:\/\/portalfloresnoar.com\/floresnoar\/wp-content\/uploads\/2021\/08\/psicologia-antroposofica-700x700.jpeg\" alt=\"\" width=\"484\" height=\"484\" srcset=\"https:\/\/portalfloresnoar.com\/floresnoar\/wp-content\/uploads\/2021\/08\/psicologia-antroposofica-700x700.jpeg 700w, https:\/\/portalfloresnoar.com\/floresnoar\/wp-content\/uploads\/2021\/08\/psicologia-antroposofica-150x150.jpeg 150w, https:\/\/portalfloresnoar.com\/floresnoar\/wp-content\/uploads\/2021\/08\/psicologia-antroposofica-300x300.jpeg 300w, https:\/\/portalfloresnoar.com\/floresnoar\/wp-content\/uploads\/2021\/08\/psicologia-antroposofica-768x768.jpeg 768w, https:\/\/portalfloresnoar.com\/floresnoar\/wp-content\/uploads\/2021\/08\/psicologia-antroposofica-100x100.jpeg 100w, https:\/\/portalfloresnoar.com\/floresnoar\/wp-content\/uploads\/2021\/08\/psicologia-antroposofica.jpeg 1080w\" sizes=\"(max-width: 484px) 100vw, 484px\" \/><\/p>\n<p>O N\u00facleo de Aprofundamento Antropos\u00f3fico (NAA) promove de 23 a 27 de agosto de 2021 a Semana da Psicologia Antropos\u00f3fica. Ser\u00e1 um circuito on-line de cinco palestras com profissionais de renome nacional com expertise na Psicologia ampliada pela ci\u00eancia espiritual de Rudolf Steiner. Os encontros ser\u00e3o sempre \u00e0s 19h30, e possibilitar\u00e3o momentos de reflex\u00e3o, aprendizado, troca de experi\u00eancias e fortalecimento da comunidade antropos\u00f3fica.<\/p>\n<p>Segundo a Antroposofia (ci\u00eancia espiritual sistematizada pelo austr\u00edaco Rudolf Steiner), os seres vivos, elementos e mat\u00e9rias de toda a Terra fazem parte de um grande e harmonioso conjunto que respira em um cosmo vivo. De acordo com Steiner, o ser humano \u00e9 uma imagem condensada do cosmo dentro de si mesmo, sendo um ser an\u00edmico, f\u00edsico e espiritual e compartilhando semelhan\u00e7as com os reinos mineral, vegetal e animal, mas tamb\u00e9m se distinguindo deles pela presen\u00e7a da sua autoconsci\u00eancia.<\/p>\n<p>&#8220;O ser humano, sendo um cidad\u00e3o do Universo, precisa compreender a natureza que o cerca para compreender a si pr\u00f3prio. E \u00e0 medida que cresce a busca das pessoas pela ess\u00eancia, espiritualidade e autoconhecimento, cresce tamb\u00e9m a demanda por terapeutas que valorizam a individualidade e ritmo de cada pessoa, considerando e integrando a dimens\u00e3o f\u00edsica, an\u00edmica e espiritual humana atrav\u00e9s da Psicologia Antropos\u00f3fica&#8221;, declaram as coordenadoras do N\u00facleo de Aprofundamento Antropos\u00f3fico, Janise Paiva e Suely Portela.<\/p>\n<p>O prop\u00f3sito do evento \u00e9 apresentar o papel da Psicologia Antropos\u00f3fica na atualidade e oferecer ferramentas e repert\u00f3rios da Antroposofia para profissionais, estudantes e pessoas movidas pela busca do autoconhecimento, de forma a entender todas as magnitudes que se interpenetram e constroem o organismo articulado que \u00e9 o Ser Humano Integral. &#8220;Na Semana da Psicologia Antropos\u00f3fica os participantes ter\u00e3o a oportunidade de agregar conhecimentos, ampliar concep\u00e7\u00f5es de si, do seu lugar no mundo e do outro, trocar experi\u00eancias e colher frutos que promover\u00e3o o desenvolvimento pessoal e profissional.&#8221;<\/p>\n<p>A Psicologia Antropos\u00f3fica convida o terapeuta a construir a imagem integral do ser humano, levando em considera\u00e7\u00e3o a vida que se processa no equil\u00edbrio entre o corpo f\u00edsico, emocional e espiritual de sua natureza. Tem como concep\u00e7\u00e3o a salutog\u00eanese e a vis\u00e3o de homem e de mundo em di\u00e1logo do que acontece dentro e fora. A sua atua\u00e7\u00e3o \u00e9 promover rela\u00e7\u00e3o terapeuta-paciente atrav\u00e9s da \u00f3tica conceitual e espiritual da Antroposofia de Rudolf Steiner, com teorias da personalidade, de desenvolvimento e m\u00e9todos de observa\u00e7\u00e3o, onde o ser humano \u00e9 visto como tendo pleno potencial para o seu auto desenvolvimento e supera\u00e7\u00e3o das dificuldades inerentes \u00e0s diferentes fases da vida.<\/p>\n<p>&#8220;Com a vis\u00e3o ampliada pela Antroposofia, o terapeuta pode tornar-se um profissional atento e sens\u00edvel \u00e0s necessidades do seu paciente, auxiliando-o a olhar para si com todo potencial poss\u00edvel de sabedoria individual, para superar as dores an\u00edmicas e complexidades pessoais, assim como perceber a autonomia e o autocuidado como elementos centrais do processo terap\u00eautico e da busca pelo equil\u00edbrio da sa\u00fade mental&#8221;, explicam as coordenadoras do NAA.<\/p>\n<p><strong>PROGRAMA\u00c7\u00c3O DA SEMANA DA PSICOLOGIA ANTROPOS\u00d3FICA<\/strong><\/p>\n<p><strong>DATA:<\/strong> de 23 a 27 de agosto de 2021<br \/>\n<strong>HORA:<\/strong> 19h30<\/p>\n<p><strong>23\/8 (segunda-feira) &#8211; <em>&#8216;Por uma nova psicologia do desenvolvimento&#8217;<\/em><\/strong><br \/>\n<em>Palestrante: <strong>Josef Yaari<\/strong><\/em> &#8211; psic\u00f3logo; pedagogo, terapeuta Familiar e de Casais (UNIFESP), psicodramatista, constelador Sist\u00eamico, consultor Biogr\u00e1fico Multidisciplinar, bacharel em Farm\u00e1cia e Bioqu\u00edmica; Mestre em Ci\u00eancias Ambientais e Doutor em Ci\u00eancias na \u00e1rea de Epistemologia e Psicologia Social, no Instituto de Psicologia da USP; P\u00f3s-doutorando no departamento de Medicina Coletiva da Faculdade de Ci\u00eancias M\u00e9dicas da UNICAMP; Fundador do Col\u00e9gio Waldorf Micael (SP) e do Instituto Veredas ProL\u00edbera.<\/p>\n<p><strong>24\/8 (ter\u00e7a-feira) &#8211; <em>&#8216;Madre Cristina &#8211; C\u00e9lia Sodr\u00e9 D\u00f3ris &#8211; &#8220;A Madre Coragem&#8221;&#8216;<\/em><\/strong><br \/>\n<em>Palestrante: <strong>Beatriz Dias Braga Lorencini<\/strong><\/em> &#8211; psic\u00f3loga; coordenadora e docente do Curso Psicologia e Antroposofia do Instituto Sedes Sapientiae; psicodramatista; membro participante da Rede de Combate \u00e0 Manipula\u00e7\u00e3o da Subjetividade; Integrante do CNRVV \u2013 Centro de Refer\u00eancias \u00e0s V\u00edtimas de Viol\u00eancia; Coordenadora da \u00c1rea da Preven\u00e7\u00e3o do CNRVV que congrega o Projeto PIAR \u201cem ninho\u201d Virtual.<\/p>\n<p><strong>25\/8 (quarta-feira) &#8211; <em>&#8216;A Psicologia em di\u00e1logo com a cosmovis\u00e3o de Goethe&#8217;<\/em><\/strong><br \/>\n<em>Palestrante: <strong>Paula Franciulli<\/strong><\/em> &#8211; psic\u00f3loga com Especializa\u00e7\u00e3o em Antroposofia pelo Goetheanum em Dornach, na Su\u00ed\u00e7a (2005-2006); p\u00f3s-gradua\u00e7\u00e3o em Psicologia Cl\u00ednica e Antroposofia (FCMSCSP); Mestre em Psicologia Experimental (USP); Docente do Instituto Sedes Sapientiae; professora do curso de Pedagogia da Faculdade Rudolf Steiner.<\/p>\n<p><strong>26\/8 (quinta-feira) &#8211; <em>&#8216;Como usar as hist\u00f3rias terap\u00eauticas? O poder das narrativas&#8217;<\/em><\/strong><br \/>\nP<em>alestrante: <strong>Ana Fl\u00e1via Basso<\/strong><\/em> &#8211; psic\u00f3loga pela UFSCar; especialista em Desenvolvimento Humano pela UnB, educadora Waldorf; Euritmista; Contadora de hist\u00f3rias.<\/p>\n<p><strong>27\/8 (sexta-feira) &#8211; <em>&#8216;Conceitos b\u00e1sicos da Psicologia Antropos\u00f3fica&#8217;<\/em><\/strong><br \/>\n<em>Palestrante: Patr\u00edcia Gimael<\/em> &#8211; psic\u00f3loga com forma\u00e7\u00e3o Junguiana, ampliada pela Antroposofia; aconselhadora Biogr\u00e1fica.<\/p>\n<p><strong>P\u00daBLICO-ALVO<\/strong><br \/>\nPsic\u00f3logos, profissionais de sa\u00fade, profissionais ampliados pela Antroposofia, estudantes e todas pessoas movidas pela busca do autoconhecimento.<\/p>\n<p><strong>INVESTIMENTO<\/strong><br \/>\nR$ 212,00, \u00e0 vista (ou em 12x de R$ 21,20)<\/p>\n<p><strong>INSCRI\u00c7\u00d5ES E MAIS INFORMA\u00c7\u00d5ES ATRAV\u00c9S DESTE LINK:<\/strong> <a href=\"https:\/\/nucleoapantroposofico.com.br\/semana-da-psicologia-antroposofica\/\" target=\"_blank\" rel=\"noopener\">https:\/\/nucleoapantroposofico.com.br\/semana-da-psicologia-antroposofica\/<\/a><\/p>\n<p><strong>CONTATOS<\/strong><br \/>\n<strong>WhatsApp:<\/strong> (81) 9630-9917<br \/>\n<strong>E-mail:<\/strong> nucleoapantroposofico@gmail.com<br \/>\n<strong>Instagram:<\/strong> <a href=\"https:\/\/www.instagram.com\/nucleoapantroposofico\/\" target=\"_blank\" rel=\"noopener\">@nucleoapantroposofico<\/a><\/p>\n","protected":false},"excerpt":{"rendered":"<p>O N\u00facleo de Aprofundamento Antropos\u00f3fico (NAA) promove de 23 a 27 de agosto de 2021 a Semana da Psicologia Antropos\u00f3fica. Ser\u00e1 um circuito on-line de cinco palestras com profissionais de renome nacional com expertise na Psicologia ampliada pela ci\u00eancia espiritual de Rudolf Steiner. Os encontros ser\u00e3o sempre \u00e0s 19h30, e possibilitar\u00e3o momentos de reflex\u00e3o, aprendizado, [&hellip;]<\/p>\n","protected":false},"author":1,"featured_media":40183,"comment_status":"open","ping_status":"open","sticky":false,"template":"","format":"standard","meta":{"om_disable_all_campaigns":false,"_monsterinsights_skip_tracking":false,"_monsterinsights_sitenote_active":false,"_monsterinsights_sitenote_note":"","_monsterinsights_sitenote_category":0,"footnotes":""},"categories":[8,214],"tags":[23,577,115,81,624],"acf":[],"publishpress_future_action":{"enabled":false,"date":"1969-12-31 21:00:00","action":"","terms":[],"taxonomy":"","browser_timezone_offset":0},"_links":{"self":[{"href":"https:\/\/portalfloresnoar.com\/floresnoar\/wp-json\/wp\/v2\/posts\/40180"}],"collection":[{"href":"https:\/\/portalfloresnoar.com\/floresnoar\/wp-json\/wp\/v2\/posts"}],"about":[{"href":"https:\/\/portalfloresnoar.com\/floresnoar\/wp-json\/wp\/v2\/types\/post"}],"author":[{"embeddable":true,"href":"https:\/\/portalfloresnoar.com\/floresnoar\/wp-json\/wp\/v2\/users\/1"}],"replies":[{"embeddable":true,"href":"https:\/\/portalfloresnoar.com\/floresnoar\/wp-json\/wp\/v2\/comments?post=40180"}],"version-history":[{"count":0,"href":"https:\/\/portalfloresnoar.com\/floresnoar\/wp-json\/wp\/v2\/posts\/40180\/revisions"}],"wp:featuredmedia":[{"embeddable":true,"href":"https:\/\/portalfloresnoar.com\/floresnoar\/wp-json\/wp\/v2\/media\/40183"}],"wp:attachment":[{"href":"https:\/\/portalfloresnoar.com\/floresnoar\/wp-json\/wp\/v2\/media?parent=40180"}],"wp:term":[{"taxonomy":"category","embeddable":true,"href":"https:\/\/portalfloresnoar.com\/floresnoar\/wp-json\/wp\/v2\/categories?post=40180"},{"taxonomy":"post_tag","embeddable":true,"href":"https:\/\/portalfloresnoar.com\/floresnoar\/wp-json\/wp\/v2\/tags?post=40180"}],"curies":[{"name":"wp","href":"https:\/\/api.w.org\/{rel}","templated":true}]}}