

{"id":40174,"date":"2021-08-11T15:07:18","date_gmt":"2021-08-11T18:07:18","guid":{"rendered":"http:\/\/portalfloresnoar.com\/floresnoar\/?p=40174"},"modified":"2021-08-11T15:13:28","modified_gmt":"2021-08-11T18:13:28","slug":"plataforma-interativa-estimula-cadeia-produtiva-do-audiovisual-em-pernambuco","status":"publish","type":"post","link":"https:\/\/portalfloresnoar.com\/floresnoar\/plataforma-interativa-estimula-cadeia-produtiva-do-audiovisual-em-pernambuco\/","title":{"rendered":"Plataforma interativa estimula cadeia produtiva do audiovisual em Pernambuco"},"content":{"rendered":"<figure id=\"attachment_40175\" aria-describedby=\"caption-attachment-40175\" style=\"width: 664px\" class=\"wp-caption aligncenter\"><img decoding=\"async\" loading=\"lazy\" class=\"wp-image-40175 size-full\" src=\"http:\/\/portalfloresnoar.com\/floresnoar\/wp-content\/uploads\/2021\/08\/Audiovisual.ong_.br_.png\" alt=\"\" width=\"664\" height=\"418\" srcset=\"https:\/\/portalfloresnoar.com\/floresnoar\/wp-content\/uploads\/2021\/08\/Audiovisual.ong_.br_.png 664w, https:\/\/portalfloresnoar.com\/floresnoar\/wp-content\/uploads\/2021\/08\/Audiovisual.ong_.br_-300x189.png 300w\" sizes=\"(max-width: 664px) 100vw, 664px\" \/><figcaption id=\"caption-attachment-40175\" class=\"wp-caption-text\">Luiz Manuel e Alexandre Salom\u00e3o, do olindense Coletivo Caverna, s\u00e3o tamb\u00e9m idealizadores da plataforma Audiovisual.ong.br<\/figcaption><\/figure>\n<p><span style=\"letter-spacing: 0em;\">A fim de estimular a cadeia produtiva de audiovisual promovendo interc\u00e2mbio entre profissionais e produtoras, acaba de ser lan\u00e7ada a plataforma <\/span><a style=\"letter-spacing: 0em;\" href=\"https:\/\/www.audiovisual.ong.br\/\" target=\"_blank\" rel=\"noopener\">Audiovisual.ong.br<\/a><span style=\"letter-spacing: 0em;\">. A ideia \u00e9 multiplicar possibilidades na produ\u00e7\u00e3o de conte\u00fados art\u00edsticos e sua circula\u00e7\u00e3o em plataformas digitais, ampliando o debate sobre melhoria do espa\u00e7o cidad\u00e3o, inclus\u00e3o digital, produ\u00e7\u00e3o de conte\u00fado autoral, mem\u00f3ria, hist\u00f3ria e circula\u00e7\u00e3o de obras democraticamente.<\/span><\/p>\n<p>Concebida a partir de uma parceria entre os artistas Alexandre Salom\u00e3o, Luiz Manuel e Z\u00e9 Diniz a inova\u00e7\u00e3o agrega p\u00fablicos e servi\u00e7os essenciais com funcionalidades, ferramentas da web 3.0 e customiza\u00e7\u00e3o via WordPress. A pesquisa para implementa\u00e7\u00e3o da plataforma teve sua fase inicial dedicada \u00e0s redes de audiovisual na Mesorregia\u0303o Metropolitana do Recife, com a realiza\u00e7\u00e3o de uma resid\u00eancia virtual no in\u00edcio deste ano. A experi\u00eancia permitiu aprofundar conhecimentos sobre as atividades do setor e criar estrat\u00e9gias de a\u00e7\u00e3o coletiva, aproximando os atores em torno de produ\u00e7\u00f5es colaborativas, autogestionadas e sustent\u00e1veis.<\/p>\n<p>&#8220;Trata-se de uma ferramenta social criada para gerar engajamento entre profissionais. \u00c9 uma maneira que encontramos de enfatizar as produ\u00e7\u00f5es e o tempo para se produzir a partir dos di\u00e1logos com pessoas que est\u00e3o precisando de incentivos, mas n\u00e3o sabem como abrir seus processos de cria\u00e7\u00e3o e nem abrir suas limita\u00e7\u00f5es, mas que podem se encontrar com outras pessoas dispostas a se comprometer coletivamente com seu projeto&#8221;, explica Alexandre Salom\u00e3o, idealizador da iniciativa.<\/p>\n<p>Para utilizar a plataforma Audiovisual.ong.br basta criar um perfil (pessoal ou de produtora). Desta forma, \u00e9 poss\u00edvel tanto solicitar quanto oferecer servi\u00e7os e parcerias (remunerados ou n\u00e3o), encontrando fot\u00f3grafos, editores, assistentes, finalizadores e fornecedores de todo tipo de servi\u00e7o dentro do campo do audiovisual. Todos os servi\u00e7os s\u00e3o gratuitos.<\/p>\n<p>&#8220;Lan\u00e7ar esta plataforma \u00e9 pensar no futuro atrav\u00e9s de uma a\u00e7\u00e3o junto aos projetos Monumentos Virtuais, Periferia Comunica Periferia e Canal Criativo para intensificar o Coletivo Caverna como uma plataforma de comunica\u00e7\u00e3o independente a partir da periferia de Olinda&#8221;, comenta Luiz Manuel, integrante do coletivo art\u00edstico olindense Caverna e um dos idealizadores do projeto.<\/p>\n<p>Apesar de ter sido concebida sem fins comerciais, a Audiovisual.ong.br j\u00e1 revela potencial para alinhar-se \u00e0 tend\u00eancia internacional de <em>art techs<\/em>, em que startups t\u00eam se dedicado \u00e0 forma\u00e7\u00e3o de redes disruptivas, gerando pontes diretas entre artistas e demais atores do mercado, como curadores, colecionadores e investidores.<\/p>\n<p>&#8220;A audiovisual.ong.br contribui com a luta por &#8216;territ\u00f3rio virtual&#8217; que hoje j\u00e1 equivale a um tipo de luta fundi\u00e1ria. N\u00e3o pode haver redes sociais e streaming apenas para os grandes conglomerados de comunica\u00e7\u00e3o. Ao contr\u00e1rio do que se pensa, a internet aumentou a concentra\u00e7\u00e3o de renda e isso \u00e9 muito s\u00e9rio porque sempre se fala de &#8216;democratiza\u00e7\u00e3o dos meios de produ\u00e7\u00e3o&#8217; com essa dita quarta revolu\u00e7\u00e3o industrial&#8221;, conclui Luiz Manuel.<\/p>\n<p>A plataforma audiovisual.ong.br foi criada com incentivo do 11\u00b0 Edital do Funcultura Audiovisual.<\/p>\n<p><a href=\"https:\/\/www.audiovisual.ong.br\/\" target=\"_blank\" rel=\"noopener\">www.audiovisual.ong.br<\/a><\/p>\n","protected":false},"excerpt":{"rendered":"<p>A fim de estimular a cadeia produtiva de audiovisual promovendo interc\u00e2mbio entre profissionais e produtoras, acaba de ser lan\u00e7ada a plataforma Audiovisual.ong.br. A ideia \u00e9 multiplicar possibilidades na produ\u00e7\u00e3o de conte\u00fados art\u00edsticos e sua circula\u00e7\u00e3o em plataformas digitais, ampliando o debate sobre melhoria do espa\u00e7o cidad\u00e3o, inclus\u00e3o digital, produ\u00e7\u00e3o de conte\u00fado autoral, mem\u00f3ria, hist\u00f3ria e [&hellip;]<\/p>\n","protected":false},"author":1,"featured_media":40175,"comment_status":"open","ping_status":"open","sticky":false,"template":"","format":"standard","meta":{"om_disable_all_campaigns":false,"_monsterinsights_skip_tracking":false,"_monsterinsights_sitenote_active":false,"_monsterinsights_sitenote_note":"","_monsterinsights_sitenote_category":0,"footnotes":""},"categories":[9],"tags":[44,121,63],"acf":[],"publishpress_future_action":{"enabled":false,"date":"1969-12-31 21:00:00","action":"","terms":[],"taxonomy":"","browser_timezone_offset":0},"_links":{"self":[{"href":"https:\/\/portalfloresnoar.com\/floresnoar\/wp-json\/wp\/v2\/posts\/40174"}],"collection":[{"href":"https:\/\/portalfloresnoar.com\/floresnoar\/wp-json\/wp\/v2\/posts"}],"about":[{"href":"https:\/\/portalfloresnoar.com\/floresnoar\/wp-json\/wp\/v2\/types\/post"}],"author":[{"embeddable":true,"href":"https:\/\/portalfloresnoar.com\/floresnoar\/wp-json\/wp\/v2\/users\/1"}],"replies":[{"embeddable":true,"href":"https:\/\/portalfloresnoar.com\/floresnoar\/wp-json\/wp\/v2\/comments?post=40174"}],"version-history":[{"count":0,"href":"https:\/\/portalfloresnoar.com\/floresnoar\/wp-json\/wp\/v2\/posts\/40174\/revisions"}],"wp:featuredmedia":[{"embeddable":true,"href":"https:\/\/portalfloresnoar.com\/floresnoar\/wp-json\/wp\/v2\/media\/40175"}],"wp:attachment":[{"href":"https:\/\/portalfloresnoar.com\/floresnoar\/wp-json\/wp\/v2\/media?parent=40174"}],"wp:term":[{"taxonomy":"category","embeddable":true,"href":"https:\/\/portalfloresnoar.com\/floresnoar\/wp-json\/wp\/v2\/categories?post=40174"},{"taxonomy":"post_tag","embeddable":true,"href":"https:\/\/portalfloresnoar.com\/floresnoar\/wp-json\/wp\/v2\/tags?post=40174"}],"curies":[{"name":"wp","href":"https:\/\/api.w.org\/{rel}","templated":true}]}}