

{"id":40156,"date":"2021-08-06T10:48:57","date_gmt":"2021-08-06T13:48:57","guid":{"rendered":"http:\/\/portalfloresnoar.com\/floresnoar\/?p=40156"},"modified":"2022-02-22T12:42:13","modified_gmt":"2022-02-22T15:42:13","slug":"canto-de-lu-a-relacao-com-as-midias-digitais","status":"publish","type":"post","link":"https:\/\/portalfloresnoar.com\/floresnoar\/canto-de-lu-a-relacao-com-as-midias-digitais\/","title":{"rendered":"[CANTO DE LU] A rela\u00e7\u00e3o com as m\u00eddias digitais"},"content":{"rendered":"<figure id=\"attachment_40157\" aria-describedby=\"caption-attachment-40157\" style=\"width: 663px\" class=\"wp-caption aligncenter\"><img decoding=\"async\" loading=\"lazy\" class=\"wp-image-40157 \" src=\"http:\/\/portalfloresnoar.com\/floresnoar\/wp-content\/uploads\/2021\/08\/como-usar-as-midias-digitais_foto-flores-no-ar-700x524.png\" alt=\"\" width=\"663\" height=\"496\" srcset=\"https:\/\/portalfloresnoar.com\/floresnoar\/wp-content\/uploads\/2021\/08\/como-usar-as-midias-digitais_foto-flores-no-ar-700x524.png 700w, https:\/\/portalfloresnoar.com\/floresnoar\/wp-content\/uploads\/2021\/08\/como-usar-as-midias-digitais_foto-flores-no-ar-300x225.png 300w, https:\/\/portalfloresnoar.com\/floresnoar\/wp-content\/uploads\/2021\/08\/como-usar-as-midias-digitais_foto-flores-no-ar-160x120.png 160w, https:\/\/portalfloresnoar.com\/floresnoar\/wp-content\/uploads\/2021\/08\/como-usar-as-midias-digitais_foto-flores-no-ar.png 720w\" sizes=\"(max-width: 663px) 100vw, 663px\" \/><figcaption id=\"caption-attachment-40157\" class=\"wp-caption-text\">Foto: Banco de Imagens Flores no Ar<\/figcaption><\/figure>\n<p>|<em> Por Lu Rabelo*<\/em> |<\/p>\n<p>Tem dia que d\u00e1 um tilt em mim e n\u00e3o aguento nem olhar pras redes sociais. E no meu caso isso \u00e9 muito doido, porque h\u00e1 12 anos trabalho no virtual e as redes sociais sempre foram o meu principal instrumento de compartilhamento das postagens do Portal Flores no Ar. Se eu estou cansada, \u00e9 claro que muita gente tamb\u00e9m est\u00e1. Ainda mais com esse boom digital ocorrido ap\u00f3s a pandemia, com ofertas insistentes de cursos, oficinas, viv\u00eancias, lives&#8230;<\/p>\n<p>Sou comunicadora e n\u00e3o tenho, nem quero, fugir do meu of\u00edcio. Nunca segui f\u00f3rmulas de marketing digital convencional, que tantas vezes s\u00e3o apelativas e agressivas. Muito pelo contr\u00e1rio. No Flores no Ar, meu foco principal s\u00e3o as postagens aqui no site , que \u00e9 um Portal que preza por not\u00edcias com conte\u00fado claro e de qualidade. Acredito que o que divulgamos \u00e9 de fato importante para propiciar bem-estar, consci\u00eancia, qualidade de vida e um mundo mais justo e amoroso.<\/p>\n<p>Quando o Flores no Ar nasceu, na m\u00eddia quase n\u00e3o se falava em Terapias Integrativas, Autoconhecimento, Or\u00e1culos&#8230; Foi inclusive por isso que ele foi criado, pois era dif\u00edcil emplacar alguma not\u00edcia dessas \u00e1reas nos ve\u00edculos de comunica\u00e7\u00e3o tradicionais.<\/p>\n<p>Como militante pelo direito \u00e0 comunica\u00e7\u00e3o, reconhe\u00e7o e agrade\u00e7o o avan\u00e7o das m\u00eddias digitais, onde podemos atuar n\u00e3o s\u00f3 como meros receptores de informa\u00e7\u00e3o (como era antigamente) e sim como agentes de comunica\u00e7\u00e3o. E, o melhor, de forma multim\u00eddia! A quest\u00e3o aqui \u00e9 como utilizarmos as m\u00eddias a nosso favor, ao inv\u00e9s de sermos comandadas por elas.<\/p>\n<p>Tenho conversado muito com minhas parceiras sobre a import\u00e2ncia de uma comunica\u00e7\u00e3o aut\u00eantica e criativa. O foco n\u00e3o deve ser ter mais seguidores ou curtidas, e sim se comunicarem com verdade, beleza e clareza, para que assim consigam atrair pessoas que de fato possam e queiram se beneficiar com os servi\u00e7os e produtos oferecidos. A cria\u00e7\u00e3o de conte\u00fado deve estar focada mais na qualidade do que na quantidade. E quando preparamos um post com vontade e dedica\u00e7\u00e3o, ficamos satisfeitas, tendo ou n\u00e3o curtidas. Acompanho alguns perfis muito bons que, ao inv\u00e9s de me tirarem energia, me inspiram.<\/p>\n<p>Outra coisa que n\u00e3o se pode perder de vista, \u00e9 que existem v\u00e1rios meios de comunica\u00e7\u00e3o, para al\u00e9m das redes sociais, e que devem tamb\u00e9m ser utilizados.<\/p>\n<p>Nos \u00faltimos meses tenho feito reuni\u00f5es sistem\u00e1ticas com as parceiras do Flores no Ar para encontrarmos juntas solu\u00e7\u00f5es criativas de comunica\u00e7\u00e3o. A partir desses encontros, que t\u00eam sido muito ricos e mutuamente fortalecedores, nasceu a ideia de oferecer a \u2018Consultoria em Comunica\u00e7\u00e3o Flores no Ar\u2019. Mais informa\u00e7\u00f5es, neste link:\u00a0<a href=\"http:\/\/portalfloresnoar.com\/floresnoar\/flores-no-ar-oferece-consultoria-em-comunicacao-para-terapeutas-e-oraculistas\/\" target=\"_blank\" rel=\"noopener\">http:\/\/portalfloresnoar.com\/floresnoar\/flores-no-ar-oferece-consultoria-em-comunicacao-para-terapeutas-e-oraculistas\/<\/a><\/p>\n<p><em>*\u00a0 Lu Rabelo\u00a0\u00e9\u00a0<a href=\"https:\/\/www.facebook.com\/cantadeiralu\" target=\"_blank\" rel=\"noopener\">cantadeira<\/a>, <a href=\"https:\/\/www.instagram.com\/jardimarteterapeutico\/\" target=\"_blank\" rel=\"noopener\">arteterapeuta<\/a>, jornalista e editora do <a href=\"http:\/\/portalfloresnoar.com\/\" target=\"_blank\" rel=\"noopener\">Portal Flores no Ar.<\/a><\/em><\/p>\n","protected":false},"excerpt":{"rendered":"<p>| Por Lu Rabelo* | Tem dia que d\u00e1 um tilt em mim e n\u00e3o aguento nem olhar pras redes sociais. E no meu caso isso \u00e9 muito doido, porque h\u00e1 12 anos trabalho no virtual e as redes sociais sempre foram o meu principal instrumento de compartilhamento das postagens do Portal Flores no Ar. [&hellip;]<\/p>\n","protected":false},"author":1,"featured_media":40158,"comment_status":"open","ping_status":"open","sticky":false,"template":"","format":"standard","meta":{"om_disable_all_campaigns":false,"_monsterinsights_skip_tracking":false,"_monsterinsights_sitenote_active":false,"_monsterinsights_sitenote_note":"","_monsterinsights_sitenote_category":0,"footnotes":""},"categories":[227,220],"tags":[499,49,257,653,505],"acf":[],"publishpress_future_action":{"enabled":false,"date":"1969-12-31 21:00:00","action":"","terms":[],"taxonomy":"","browser_timezone_offset":0},"_links":{"self":[{"href":"https:\/\/portalfloresnoar.com\/floresnoar\/wp-json\/wp\/v2\/posts\/40156"}],"collection":[{"href":"https:\/\/portalfloresnoar.com\/floresnoar\/wp-json\/wp\/v2\/posts"}],"about":[{"href":"https:\/\/portalfloresnoar.com\/floresnoar\/wp-json\/wp\/v2\/types\/post"}],"author":[{"embeddable":true,"href":"https:\/\/portalfloresnoar.com\/floresnoar\/wp-json\/wp\/v2\/users\/1"}],"replies":[{"embeddable":true,"href":"https:\/\/portalfloresnoar.com\/floresnoar\/wp-json\/wp\/v2\/comments?post=40156"}],"version-history":[{"count":0,"href":"https:\/\/portalfloresnoar.com\/floresnoar\/wp-json\/wp\/v2\/posts\/40156\/revisions"}],"wp:featuredmedia":[{"embeddable":true,"href":"https:\/\/portalfloresnoar.com\/floresnoar\/wp-json\/wp\/v2\/media\/40158"}],"wp:attachment":[{"href":"https:\/\/portalfloresnoar.com\/floresnoar\/wp-json\/wp\/v2\/media?parent=40156"}],"wp:term":[{"taxonomy":"category","embeddable":true,"href":"https:\/\/portalfloresnoar.com\/floresnoar\/wp-json\/wp\/v2\/categories?post=40156"},{"taxonomy":"post_tag","embeddable":true,"href":"https:\/\/portalfloresnoar.com\/floresnoar\/wp-json\/wp\/v2\/tags?post=40156"}],"curies":[{"name":"wp","href":"https:\/\/api.w.org\/{rel}","templated":true}]}}