

{"id":40143,"date":"2021-03-05T10:44:02","date_gmt":"2021-03-05T13:44:02","guid":{"rendered":"http:\/\/portalfloresnoar.com\/floresnoar\/?p=40143"},"modified":"2021-08-19T21:22:23","modified_gmt":"2021-08-20T00:22:23","slug":"agenda-roda-de-mulheres-on-line-soltando-a-voz-com-mayra-waquim-tem-inicio-no-dia-178","status":"publish","type":"post","link":"https:\/\/portalfloresnoar.com\/floresnoar\/agenda-roda-de-mulheres-on-line-soltando-a-voz-com-mayra-waquim-tem-inicio-no-dia-178\/","title":{"rendered":"[AGENDA] Roda de Mulheres on-line \u2018Soltando a voz\u2019, com Mayra Waquim, tem in\u00edcio no dia 17\/8"},"content":{"rendered":"<p><img decoding=\"async\" loading=\"lazy\" class=\"aligncenter size-full wp-image-40144\" src=\"http:\/\/portalfloresnoar.com\/floresnoar\/wp-content\/uploads\/2021\/08\/vivencia-online-de-canto.jpg\" alt=\"\" width=\"600\" height=\"600\" srcset=\"https:\/\/portalfloresnoar.com\/floresnoar\/wp-content\/uploads\/2021\/08\/vivencia-online-de-canto.jpg 600w, https:\/\/portalfloresnoar.com\/floresnoar\/wp-content\/uploads\/2021\/08\/vivencia-online-de-canto-150x150.jpg 150w, https:\/\/portalfloresnoar.com\/floresnoar\/wp-content\/uploads\/2021\/08\/vivencia-online-de-canto-300x300.jpg 300w, https:\/\/portalfloresnoar.com\/floresnoar\/wp-content\/uploads\/2021\/08\/vivencia-online-de-canto-100x100.jpg 100w\" sizes=\"(max-width: 600px) 100vw, 600px\" \/><\/p>\n<p>A cantadeira Mayra Waquim inicia no dia 17 de agosto de 2021 mais uma roda de mulheres on-line \u2018Soltando a voz \u2013 uma experi\u00eancia sonoro-afetiva\u2019. A roda \u00e9 composta por quatro encontros, realizados semanalmente, nas ter\u00e7as-feiras, das 19h \u00e0s 20h30.<\/p>\n<p>\u2018Soltando a Voz\u2019 \u00e9 uma viv\u00eancia para mulheres que t\u00eam o desejo de conhecer com mais profundidade a sua voz, de estar em contato com suas sonoridades, de cantar sem censuras, sem amarras, com liberdade, exercitando a auto aceita\u00e7\u00e3o. N\u00e3o importa quantas vezes voc\u00ea tenha ouvido que sua voz \u00e9 desafinada, ou fraca para cantar. Nesta roda vamos reconhecer nossas vozes, aprender a cuidar delas, entender suas nuances como um caminho m\u00e1gico de transforma\u00e7\u00e3o de medos, inseguran\u00e7as, conceitos e preconceitos que, muitas vezes, nos s\u00e3o transmitidos desde a inf\u00e2ncia. Quantas de nossas ancestrais foram silenciadas, interrompidas, impedidas de falar e de cantar suas alegrias e dores, vit\u00f3rias e fracassos, amores e desamores. Por isso, soltar a voz \u00e9 um ato revolucion\u00e1rio num mundo que ainda resiste \u00e0s diferen\u00e7as, que ainda nos oprime e nos exige obedi\u00eancia\u201d, explica Mayra.<\/p>\n<p>Ela conta que \u201ca viv\u00eancia surgiu a partir de minha necessidade de express\u00e3o atrav\u00e9s do canto, da vocaliza\u00e7\u00e3o das palavras, do reconhecimento do potencial dos sons que saem de mim, que s\u00e3o minha produ\u00e7\u00e3o \u00edntima, genu\u00edna e intransfer\u00edvel. O reconhecimento da pot\u00eancia vocal, dos timbres, a aceita\u00e7\u00e3o da voz como um instrumento de mudan\u00e7a interior e exterior faz com que n\u00f3s mulheres nos reconhe\u00e7amos em nosso poder e sutileza, for\u00e7a e delicadeza e nos apropriemos de nossos lugares de fala, lugares de canto, individualmente e, sobretudo, coletivamente.\u201d<\/p>\n<p>Em depoimento, ap\u00f3s participar de uma das rodas, Rayra Martins relata: \u201cTodas est\u00e1vamos enfrentando muitas coisas e, fomos acolhidas umas pelas outras. Dava pra ver a alegria no rosto de cada uma. Todas nos entregamos a essa puls\u00e3o que vem de dentro de n\u00f3s, ainda que virtualmente. Que a gente siga cada vez mais \u00edntimas de nossas vozes, de nossas vidas, e, com isso, mais afastadas dos julgamentos alheios que nos calaram por tanto tempo\u201d.<\/p>\n<p>SOBRE A FACILITADORA<br \/>\nMayra Waquim \u00e9 atriz, palha\u00e7a, cantadeira, professora, m\u00e3e. Sempre percorreu caminhos que a levaram a estar cara-a-cara a voz. O cantar, desde muito cedo, \u00e9 presen\u00e7a marcante em sua vida tendo na fam\u00edlia iniciado as primeiras experi\u00eancias. O encontro com o teatro fez com que o aprendizado dos cuidados com a voz e t\u00e9cnica vocal para a fala e o canto fosse desenvolvido e esta porta a levou a cantar com Renata Rosa e Maciel Salu, artistas que possibilitaram sua descoberta como cantadeira. E, assim, est\u00e1 sempre se renovando nesses mais de 20 anos de jornada art\u00edstica, tendo a voz como marca forte de seus trabalhos no teatro e na palha\u00e7aria.<\/p>\n<p>OBJETIVOS DA RODA DE MULHERES \u2018SOLTANDO A VOZ\u2019<br \/>\n\u2013 Conduzir a reconex\u00e3o das mulheres com seus corpos e suas vozes faladas e cantadas;<br \/>\n\u2013 Promover o empoderamento feminino atrav\u00e9s da descoberta das pot\u00eancias da voz falada e cantada;<br \/>\n\u2013 Proporcionar uma amplia\u00e7\u00e3o da percep\u00e7\u00e3o relacionada \u00e0 respira\u00e7\u00e3o, consci\u00eancia f\u00edsica e postural corporal;<br \/>\n\u2013 Desenvolver o conhecimento da rela\u00e7\u00e3o corpo\/ voz;<br \/>\n\u2013 Estimular o reconhecimento da voz de cada mulher e a aceita\u00e7\u00e3o das mesmas;<br \/>\n\u2013 Transmitir no\u00e7\u00f5es de fisiologia do aparelho fonador para a maior conscientiza\u00e7\u00e3o dos mecanismos vocais;<br \/>\n\u2013 Potencializar no\u00e7\u00f5es de timbre, volume, intensidade e tempo;<br \/>\n\u2013 Transmitir no\u00e7\u00f5es acerca dos ressonadores do corpo que potencializam a emiss\u00e3o da voz.<\/p>\n<p>BENEF\u00cdCIOS\u00a0DA RODA DE MULHERES \u2018SOLTANDO A VOZ\u2019<br \/>\n\u2013 Desatar n\u00f3s relacionados a traumas ou a qualquer experi\u00eancia negativa que lan\u00e7ou a mulher num lugar de timidez, vergonha, n\u00e3o aceita\u00e7\u00e3o de sua voz;<br \/>\n\u2013 Trazer consci\u00eancia sobre o funcionamento da voz cantada e sua rela\u00e7\u00e3o com a respira\u00e7\u00e3o;<br \/>\n\u2013 Empoderar as mulheres abrindo um espa\u00e7o seguro e acolhedor para que soltem suas vozes e cantem em alto e bom tom.<\/p>\n<p>PROGRAMA\u00c7\u00c3O DOS ENCONTROS<br \/>\n<strong>Aula 1:<\/strong>\u00a0Sensibiliza\u00e7\u00e3o da voz com partilha de hist\u00f3rias relacionadas \u00e0 viv\u00eancia com nossas vozes, consci\u00eancia da respira\u00e7\u00e3o atrav\u00e9s de exerc\u00edcios, primeiros contatos com a voz cantada e pr\u00e1tica de canto.<br \/>\n<strong>Aula 2:<\/strong>\u00a0Explorando os caminhos da voz cantada a partir de conhecimentos relacionados \u00e0 fisiologia da voz, de exerc\u00edcios de aquecimento e conscientiza\u00e7\u00e3o vocal e da pr\u00e1tica de canto.<br \/>\n<strong>Aula 3:<\/strong>\u00a0Compartilhamento de t\u00e9cnicas vocais e pr\u00e1tica de canto.<br \/>\n<strong>Aula 4:<\/strong>\u00a0Compartilhamento de t\u00e9cnicas vocais e pr\u00e1tica de canto.<\/p>\n<p>SERVI\u00c7O<br \/>\n<strong>Roda de Mulheres on-line \u2018Soltando a voz \u2013 uma experi\u00eancia sonoro-afetiva\u2019<\/strong><br \/>\n<strong>Data:\u00a0 <\/strong>17, 24 e 31 de agosto e 7 de setembro de 2021<strong>\u00a0<\/strong>(quatro ter\u00e7as-feiras)<br \/>\n<strong>Hora:\u00a0<\/strong>19h \u00e0s 20h30<br \/>\n<strong>Local:<\/strong>\u00a0Zoom<\/p>\n<p><strong>Valor<\/strong><br \/>\nComo energia de troca s\u00e3o propostas tr\u00eas op\u00e7\u00f5es a seguir. Escolha a mais adequada e justa para voc\u00ea neste momento.<br \/>\n&#x1f319;<strong>Lua<\/strong>\u00a0\u2013 90,00<br \/>\n\u2b50<strong>Estrelas<\/strong>\u00a0\u2013 108,00<br \/>\n\u2728<strong>C\u00e9u Estrelado<\/strong>\u00a0\u2013 135,00<\/p>\n<p>INSCRI\u00c7\u00d5ES E MAIS INFORMA\u00c7\u00d5ES<br \/>\n<strong>Whatsapp:<\/strong>\u00a0(81) 99975.0154 Mayra Waquim<br \/>\n<strong>E-mail:<\/strong>\u00a0mwaquim@gmail.com<br \/>\n<strong>Instagram:<\/strong>\u00a0<a href=\"https:\/\/www.instagram.com\/mayra.waquim\/\" target=\"_blank\" rel=\"noopener\">@mayra.waquim<\/a><\/p>\n","protected":false},"excerpt":{"rendered":"<p>A cantadeira Mayra Waquim inicia no dia 17 de agosto de 2021 mais uma roda de mulheres on-line \u2018Soltando a voz \u2013 uma experi\u00eancia sonoro-afetiva\u2019. A roda \u00e9 composta por quatro encontros, realizados semanalmente, nas ter\u00e7as-feiras, das 19h \u00e0s 20h30. \u2018Soltando a Voz\u2019 \u00e9 uma viv\u00eancia para mulheres que t\u00eam o desejo de conhecer com [&hellip;]<\/p>\n","protected":false},"author":1,"featured_media":40145,"comment_status":"open","ping_status":"open","sticky":false,"template":"","format":"standard","meta":{"om_disable_all_campaigns":false,"_monsterinsights_skip_tracking":false,"_monsterinsights_sitenote_active":false,"_monsterinsights_sitenote_note":"","_monsterinsights_sitenote_category":0,"footnotes":""},"categories":[8,214],"tags":[136,314,244,304,971,303],"acf":[],"publishpress_future_action":{"enabled":false,"date":"1969-12-31 21:00:00","action":"","terms":[],"taxonomy":"","browser_timezone_offset":0},"_links":{"self":[{"href":"https:\/\/portalfloresnoar.com\/floresnoar\/wp-json\/wp\/v2\/posts\/40143"}],"collection":[{"href":"https:\/\/portalfloresnoar.com\/floresnoar\/wp-json\/wp\/v2\/posts"}],"about":[{"href":"https:\/\/portalfloresnoar.com\/floresnoar\/wp-json\/wp\/v2\/types\/post"}],"author":[{"embeddable":true,"href":"https:\/\/portalfloresnoar.com\/floresnoar\/wp-json\/wp\/v2\/users\/1"}],"replies":[{"embeddable":true,"href":"https:\/\/portalfloresnoar.com\/floresnoar\/wp-json\/wp\/v2\/comments?post=40143"}],"version-history":[{"count":0,"href":"https:\/\/portalfloresnoar.com\/floresnoar\/wp-json\/wp\/v2\/posts\/40143\/revisions"}],"wp:featuredmedia":[{"embeddable":true,"href":"https:\/\/portalfloresnoar.com\/floresnoar\/wp-json\/wp\/v2\/media\/40145"}],"wp:attachment":[{"href":"https:\/\/portalfloresnoar.com\/floresnoar\/wp-json\/wp\/v2\/media?parent=40143"}],"wp:term":[{"taxonomy":"category","embeddable":true,"href":"https:\/\/portalfloresnoar.com\/floresnoar\/wp-json\/wp\/v2\/categories?post=40143"},{"taxonomy":"post_tag","embeddable":true,"href":"https:\/\/portalfloresnoar.com\/floresnoar\/wp-json\/wp\/v2\/tags?post=40143"}],"curies":[{"name":"wp","href":"https:\/\/api.w.org\/{rel}","templated":true}]}}