

{"id":4011,"date":"2013-04-11T07:45:42","date_gmt":"2013-04-11T10:45:42","guid":{"rendered":"http:\/\/portalfloresnoar.com\/floresnoar\/?p=4011"},"modified":"2013-09-25T09:16:48","modified_gmt":"2013-09-25T12:16:48","slug":"inscricoes-para-o-simposio-de-saude-quantica-com-desconto-de-52","status":"publish","type":"post","link":"https:\/\/portalfloresnoar.com\/floresnoar\/inscricoes-para-o-simposio-de-saude-quantica-com-desconto-de-52\/","title":{"rendered":"Inscri\u00e7\u00f5es para o Simp\u00f3sio de Sa\u00fade Qu\u00e2ntica com desconto de 10% at\u00e9 10 de setembro"},"content":{"rendered":"<p style=\"text-align: center;\"><img decoding=\"async\" loading=\"lazy\" class=\"aligncenter\" alt=\"CARTAZ A4 III SIMP\u00d3SIO E FEIRA\" src=\"http:\/\/portalfloresnoar.com\/floresnoar\/wp-content\/uploads\/2013\/05\/CARTAZ-A4-III-SIMP\u00d3SIO-E-FEIRA-.jpg\" width=\"684\" height=\"967\" \/><\/p>\n<p>O III Simp\u00f3sio de Sa\u00fade Qu\u00e2ntica e Qualidade de Vida acontecer\u00e1 na cidade de S\u00e3o Paulo &#8211; SP, no Centro de Conven\u00e7\u00f5es Anhembi, nos dias 13, 14 e 15 de setembro de 2013.<\/p>\n<p>Ap\u00f3s o sucesso do I e II Simp\u00f3sio de Sa\u00fade Qu\u00e2ntica e Qualidade de Vida que aconteceram em 2009 e 2011 na cidade de Recife, com a presen\u00e7a de 900 e 1500 participantes respectivamente, a cidade de S\u00e3o Paulo sediar\u00e1 a terceira edi\u00e7\u00e3o desse grande evento que tem como intuito propagar um novo paradigma na sa\u00fade capaz de contemplar o ser humano em\u00a0todas as suas dimens\u00f5es: material, mental, emocional e espiritual.<\/p>\n<p>Cientistas de v\u00e1rias partes do mundo com trabalhos respeit\u00e1veis e com reconhecimentoInternacional estar\u00e3o em S\u00e3o Paulo em 2013 trazendo as evid\u00eancias de um novo paradigma cient\u00edfico.<\/p>\n<p>Amit Goswami, Masaru Emoto, Lair Ribeiro, Gabriel Cousens, Raul Marino Jr, Alberto Peribanez, Jonh Veltheim, Irv\u00eania Prada, La\u00e9rcio Fonseca, Philippe Bobola, Fernando Bignardi, Robert Happ\u00e9, Uma Krishnamurty, Peggy Phoenix Dubro, Wallace Liimaa, Romeu Carillo, Francisco Di Biasi, Julian Barnard e Adalberto Barreto, entre outros, s\u00e3o nomes confirmados.<\/p>\n<p>De maneira integrada e paralelamente \u00e0s atividades do Simp\u00f3sio ser\u00e3o realizados os seguintes eventos: a Feira EXPOQUANTUM (www.expoquantum.com.br), a qual ter\u00e1 stands com vendas de produtos e servi\u00e7os, ofertando tamb\u00e9m palestras relacionadas aos objetivos do Simp\u00f3sio; e a apresenta\u00e7\u00e3o de \u201cPosters\u201d com resultados cient\u00edficos pr\u00e1ticos que comprovam a efic\u00e1cia do modelo de Sa\u00fade Integral Multidimensional;<\/p>\n<p><span style=\"color: #ff0000;\"><strong>Inscri\u00e7\u00e3o:<\/strong><\/span><\/p>\n<p>A inscri\u00e7\u00e3o no Simp\u00f3sio tamb\u00e9m possibilita atendimentos gratuitos em Terapias Qu\u00e2nticas \u2013 Energ\u00e9ticas e a participa\u00e7\u00e3o gratuita na IV EXPOQUANTUM \u2013 Feira de Sa\u00fade Qu\u00e2ntica, Qualidade de Vida e Tecnologias Sustent\u00e1veis- que acontecer\u00e1 nos dias 14 e 15 de setembro de 2013, no Pavilh\u00e3o de Eventos do Anhembi, das 10h \u00e0s 22h, paralelamente ao Simp\u00f3sio.<\/p>\n<p>Aproveite para come\u00e7ar 2013 com esse presente especial para voc\u00ea e pessoas queridas do seu c\u00edrculo de amizades, realizando a sua inscri\u00e7\u00e3o no maior evento de Sa\u00fade Qu\u00e2ntica do planeta!<\/p>\n<p><strong>Fa\u00e7a a sua inscri\u00e7\u00e3o antecipada com \u00a010% de desconto<\/strong> *:\u00a0De R$1.024,00 por R$ 925,00 !!<\/p>\n<p>\u00c0 vista: R$ 925,00<\/p>\n<p>Parcelado: 2X R$ 470,00 (1\u00aa parcela at\u00e9 20 de agosto e 2\u00aa parcela at\u00e9 10 de setembro)<br \/>\nCart\u00e3o de Cr\u00e9dito: Parcelado em 12 vezes no PagSeguro.<\/p>\n<p><em id=\"__mceDel\"> *Desconto v\u00e1lido at\u00e9 10 de setembro de 2013. A partir de 11 de setembro o valor da inscri\u00e7\u00e3o \u00e9 R$ 1.024,00.<\/em><\/p>\n<p>&nbsp;<\/p>\n<h3 style=\"text-align: center;\"><span style=\"color: #ff0000;\"><strong>INSCRI\u00c7\u00d5ES<\/strong> &#8211; <strong><a href=\" http:\/\/www.tecnologiasinternet.com.br\/SaudeQuantica\/inscricao.php?local=06\" target=\"_blank\"><span style=\"color: #ff0000;\">CLIQUE AQUI<\/span><\/a>!<\/strong><\/span><\/h3>\n<p>&nbsp;<\/p>\n<p style=\"text-align: center;\">\n","protected":false},"excerpt":{"rendered":"<p>O III Simp\u00f3sio de Sa\u00fade Qu\u00e2ntica e Qualidade de Vida acontecer\u00e1 na cidade de S\u00e3o Paulo &#8211; SP, no Centro de Conven\u00e7\u00f5es Anhembi, nos dias 13, 14 e 15 de setembro de 2013. Ap\u00f3s o sucesso do I e II Simp\u00f3sio de Sa\u00fade Qu\u00e2ntica e Qualidade de Vida que aconteceram em 2009 e 2011 na [&hellip;]<\/p>\n","protected":false},"author":1,"featured_media":5759,"comment_status":"open","ping_status":"open","sticky":false,"template":"","format":"standard","meta":{"om_disable_all_campaigns":false,"_monsterinsights_skip_tracking":false,"_monsterinsights_sitenote_active":false,"_monsterinsights_sitenote_note":"","_monsterinsights_sitenote_category":0,"footnotes":""},"categories":[9],"tags":[25],"acf":[],"publishpress_future_action":{"enabled":false,"date":"1969-12-31 21:00:00","action":"","terms":[],"taxonomy":"","browser_timezone_offset":0},"_links":{"self":[{"href":"https:\/\/portalfloresnoar.com\/floresnoar\/wp-json\/wp\/v2\/posts\/4011"}],"collection":[{"href":"https:\/\/portalfloresnoar.com\/floresnoar\/wp-json\/wp\/v2\/posts"}],"about":[{"href":"https:\/\/portalfloresnoar.com\/floresnoar\/wp-json\/wp\/v2\/types\/post"}],"author":[{"embeddable":true,"href":"https:\/\/portalfloresnoar.com\/floresnoar\/wp-json\/wp\/v2\/users\/1"}],"replies":[{"embeddable":true,"href":"https:\/\/portalfloresnoar.com\/floresnoar\/wp-json\/wp\/v2\/comments?post=4011"}],"version-history":[{"count":0,"href":"https:\/\/portalfloresnoar.com\/floresnoar\/wp-json\/wp\/v2\/posts\/4011\/revisions"}],"wp:featuredmedia":[{"embeddable":true,"href":"https:\/\/portalfloresnoar.com\/floresnoar\/wp-json\/wp\/v2\/media\/5759"}],"wp:attachment":[{"href":"https:\/\/portalfloresnoar.com\/floresnoar\/wp-json\/wp\/v2\/media?parent=4011"}],"wp:term":[{"taxonomy":"category","embeddable":true,"href":"https:\/\/portalfloresnoar.com\/floresnoar\/wp-json\/wp\/v2\/categories?post=4011"},{"taxonomy":"post_tag","embeddable":true,"href":"https:\/\/portalfloresnoar.com\/floresnoar\/wp-json\/wp\/v2\/tags?post=4011"}],"curies":[{"name":"wp","href":"https:\/\/api.w.org\/{rel}","templated":true}]}}