

{"id":40091,"date":"2022-02-05T05:48:58","date_gmt":"2022-02-05T08:48:58","guid":{"rendered":"http:\/\/portalfloresnoar.com\/floresnoar\/?p=40091"},"modified":"2022-04-24T20:24:03","modified_gmt":"2022-04-24T23:24:03","slug":"agenda-aulas-on-line-de-canto-natural-com-ana-diniz-2","status":"publish","type":"post","link":"https:\/\/portalfloresnoar.com\/floresnoar\/agenda-aulas-on-line-de-canto-natural-com-ana-diniz-2\/","title":{"rendered":"[AGENDA] Aulas On-line de Canto Natural, com Ana Diniz"},"content":{"rendered":"<figure id=\"attachment_40108\" aria-describedby=\"caption-attachment-40108\" style=\"width: 308px\" class=\"wp-caption alignleft\"><img decoding=\"async\" loading=\"lazy\" class=\"wp-image-40108\" src=\"http:\/\/portalfloresnoar.com\/floresnoar\/wp-content\/uploads\/2021\/07\/ana-diniz-1-700x700.jpeg\" alt=\"\" width=\"308\" height=\"308\" srcset=\"https:\/\/portalfloresnoar.com\/floresnoar\/wp-content\/uploads\/2021\/07\/ana-diniz-1-700x700.jpeg 700w, https:\/\/portalfloresnoar.com\/floresnoar\/wp-content\/uploads\/2021\/07\/ana-diniz-1-150x150.jpeg 150w, https:\/\/portalfloresnoar.com\/floresnoar\/wp-content\/uploads\/2021\/07\/ana-diniz-1-300x300.jpeg 300w, https:\/\/portalfloresnoar.com\/floresnoar\/wp-content\/uploads\/2021\/07\/ana-diniz-1-768x768.jpeg 768w, https:\/\/portalfloresnoar.com\/floresnoar\/wp-content\/uploads\/2021\/07\/ana-diniz-1-100x100.jpeg 100w, https:\/\/portalfloresnoar.com\/floresnoar\/wp-content\/uploads\/2021\/07\/ana-diniz-1.jpeg 1599w\" sizes=\"(max-width: 308px) 100vw, 308px\" \/><figcaption id=\"caption-attachment-40108\" class=\"wp-caption-text\">Ana Diniz \u00e9 coquista e mestra de Maracatu. Possui dois cds autorais e tem experi\u00eancia de 30 anos de palco, entre dan\u00e7a, m\u00fasica, teatro.<\/figcaption><\/figure>\n<p>A cantora e compositora Ana Diniz est\u00e1 oferecendo aulas on-line de Canto Natural. Nas aulas, a express\u00e3o do canto natural \u00e9 facilitada a partir de exerc\u00edcios b\u00e1sicos para o aquecimento vocal e despertar da musculatura do aparelho fonador, possibilitando a descoberta da voz natural, a compreens\u00e3o de alguns elementos da m\u00fasica e a conex\u00e3o do canto com a alma. Cada aula tem dura\u00e7\u00e3o de uma hora.<\/p>\n<p>&#8220;A m\u00fasica e o canto s\u00e3o essenciais na nossa vida, nos alimenta, nos cura e nos liberta. As aulas de Canto Natural t\u00eam como miss\u00e3o auxiliar os participantes a encontrarem o seu corpo, a sua voz, o seu canto, a sua identidade, a sua alegria de cantar. Descobrindo partes adormecidas e tensionadas trabalhamos na conscientiza\u00e7\u00e3o e libera\u00e7\u00e3o do canal de express\u00e3o vocal, aquilo que est\u00e1 preso na garganta e precisa ser liberado&#8221;, declara Ana Diniz, acrescentando que &#8220;a busca da voz natural \u00e9 a busca da pr\u00f3pria identidade&#8221;.<\/p>\n<p>A artista explica que a experi\u00eancia com o Canto Natural tem sido um resgate e um empoderamento n\u00e3o s\u00f3 para o canto como para o ser por inteiro. &#8220;Ocorre uma liberta\u00e7\u00e3o de padr\u00f5es, de traumas, de cr\u00edticas e de auto boicotes, indo al\u00e9m das quest\u00f5es t\u00e9cnicas, al\u00e9m do despertar do aparelho fonador e dos conhecimentos musicais&#8221;.<\/p>\n<p>SERVI\u00c7O<br \/>\n<strong>Aulas On-line de Canto Natural, com Ana Diniz<\/strong><br \/>\n<strong>Dura\u00e7\u00e3o de cada aula:<\/strong> 1 hora<br \/>\n<strong>Investimento:\u00a0<\/strong>Aula avulsa: R$ 45,00 cada aula |\u00a0Pacote com 4 aulas: R$ 150,00<\/p>\n<p><strong>Inscri\u00e7\u00f5es e mais informa\u00e7\u00f5es:<\/strong> (73) 99957-3808<\/p>\n<p><iframe loading=\"lazy\" title=\"YouTube video player\" src=\"https:\/\/www.youtube.com\/embed\/ymD_TL0m8k0\" width=\"560\" height=\"315\" frameborder=\"0\" allowfullscreen=\"allowfullscreen\"><\/iframe><\/p>\n","protected":false},"excerpt":{"rendered":"<p>A cantora e compositora Ana Diniz est\u00e1 oferecendo aulas on-line de Canto Natural. Nas aulas, a express\u00e3o do canto natural \u00e9 facilitada a partir de exerc\u00edcios b\u00e1sicos para o aquecimento vocal e despertar da musculatura do aparelho fonador, possibilitando a descoberta da voz natural, a compreens\u00e3o de alguns elementos da m\u00fasica e a conex\u00e3o do [&hellip;]<\/p>\n","protected":false},"author":1,"featured_media":40107,"comment_status":"open","ping_status":"open","sticky":false,"template":"","format":"standard","meta":{"om_disable_all_campaigns":false,"_monsterinsights_skip_tracking":false,"_monsterinsights_sitenote_active":false,"_monsterinsights_sitenote_note":"","_monsterinsights_sitenote_category":0,"footnotes":""},"categories":[8,214],"tags":[345,942,314,244,303],"acf":[],"publishpress_future_action":{"enabled":false,"date":"1969-12-31 21:00:00","action":"","terms":[],"taxonomy":"","browser_timezone_offset":0},"_links":{"self":[{"href":"https:\/\/portalfloresnoar.com\/floresnoar\/wp-json\/wp\/v2\/posts\/40091"}],"collection":[{"href":"https:\/\/portalfloresnoar.com\/floresnoar\/wp-json\/wp\/v2\/posts"}],"about":[{"href":"https:\/\/portalfloresnoar.com\/floresnoar\/wp-json\/wp\/v2\/types\/post"}],"author":[{"embeddable":true,"href":"https:\/\/portalfloresnoar.com\/floresnoar\/wp-json\/wp\/v2\/users\/1"}],"replies":[{"embeddable":true,"href":"https:\/\/portalfloresnoar.com\/floresnoar\/wp-json\/wp\/v2\/comments?post=40091"}],"version-history":[{"count":0,"href":"https:\/\/portalfloresnoar.com\/floresnoar\/wp-json\/wp\/v2\/posts\/40091\/revisions"}],"wp:featuredmedia":[{"embeddable":true,"href":"https:\/\/portalfloresnoar.com\/floresnoar\/wp-json\/wp\/v2\/media\/40107"}],"wp:attachment":[{"href":"https:\/\/portalfloresnoar.com\/floresnoar\/wp-json\/wp\/v2\/media?parent=40091"}],"wp:term":[{"taxonomy":"category","embeddable":true,"href":"https:\/\/portalfloresnoar.com\/floresnoar\/wp-json\/wp\/v2\/categories?post=40091"},{"taxonomy":"post_tag","embeddable":true,"href":"https:\/\/portalfloresnoar.com\/floresnoar\/wp-json\/wp\/v2\/tags?post=40091"}],"curies":[{"name":"wp","href":"https:\/\/api.w.org\/{rel}","templated":true}]}}