

{"id":40055,"date":"2021-07-23T19:04:56","date_gmt":"2021-07-23T22:04:56","guid":{"rendered":"http:\/\/portalfloresnoar.com\/floresnoar\/?p=40055"},"modified":"2021-07-23T19:04:56","modified_gmt":"2021-07-23T22:04:56","slug":"silvia-garcia-banhos-ritualisticos-e-medicinais","status":"publish","type":"post","link":"https:\/\/portalfloresnoar.com\/floresnoar\/silvia-garcia-banhos-ritualisticos-e-medicinais\/","title":{"rendered":"[S\u00cdLVIA GARCIA] Banhos ritual\u00edsticos e medicinais"},"content":{"rendered":"<p><img decoding=\"async\" loading=\"lazy\" class=\"aligncenter  wp-image-40082\" src=\"http:\/\/portalfloresnoar.com\/floresnoar\/wp-content\/uploads\/2021\/07\/banhos-ritualisticos-e-medicinais-700x510.jpg\" alt=\"\" width=\"629\" height=\"458\" srcset=\"https:\/\/portalfloresnoar.com\/floresnoar\/wp-content\/uploads\/2021\/07\/banhos-ritualisticos-e-medicinais-700x510.jpg 700w, https:\/\/portalfloresnoar.com\/floresnoar\/wp-content\/uploads\/2021\/07\/banhos-ritualisticos-e-medicinais-300x218.jpg 300w, https:\/\/portalfloresnoar.com\/floresnoar\/wp-content\/uploads\/2021\/07\/banhos-ritualisticos-e-medicinais-768x559.jpg 768w, https:\/\/portalfloresnoar.com\/floresnoar\/wp-content\/uploads\/2021\/07\/banhos-ritualisticos-e-medicinais.jpg 1100w\" sizes=\"(max-width: 629px) 100vw, 629px\" \/><\/p>\n<p>|\u00a0<em>Por S\u00edlvia Garcia*\u00a0<\/em>|<\/p>\n<p>Os banhos medicinais s\u00e3o praticados desde 3.000 anos A.C.<\/p>\n<p>Na civiliza\u00e7\u00e3o eg\u00edpcia encontramos os primeiros relatos do uso dos banhos ritual\u00edsticos, feitos com inten\u00e7\u00e3o espiritual.<\/p>\n<p>Documentos datados de 3.000 anos A.C. mostram que os sacerdotes e a hierarquia da fam\u00edlia dos fara\u00f3s tomavam banhos para purificar o corpo e o esp\u00edrito, e assim se sentiam dignos de ascenderem ao mundo espiritual.<\/p>\n<p>Ali\u00e1s, a civiliza\u00e7\u00e3o eg\u00edpcia antiga vivia quase que totalmente para os saberes da espiritualidade e da vida p\u00f3s morte.<\/p>\n<p>Os sacerdotes eram orientados a tomar cerca de 3 banhos por dia para poderem exercer as suas atividades nos templos.<\/p>\n<p>Para especialistas essa rotina protegia-os de pragas e epidemias.<\/p>\n<p>Os romanos, por influ\u00eancia dos gregos, tamb\u00e9m adotaram o h\u00e1bito dos banhos e, com eles, a constru\u00e7\u00e3o de termas que eram edif\u00edcios com v\u00e1rios sal\u00f5es, com vesti\u00e1rios, saunas e diversas piscinas, alguns com restaurantes, bibliotecas e jardins, um verdadeiro <em>resort<\/em> do mundo antigo.<\/p>\n<p>O h\u00e1bito do banho, assim como qualquer outro h\u00e1bito de higiene, \u00e9 peculiar para cada civiliza\u00e7\u00e3o e momento hist\u00f3rico.<\/p>\n<p>O papa Greg\u00f3rio (pontificado de 590 a 604) proibiu os banhos di\u00e1rios por enxergar maldade e pecado nesse h\u00e1bito, e os sanitaristas da \u00e9poca entenderam que os banhos, por abrirem os poros da nossa pele, expunham as pessoas a doen\u00e7as e epidemias, entendimento totalmente contr\u00e1rio \u00e0 realidade.<\/p>\n<p>N\u00f3s aqui no Brasil, temos o h\u00e1bito dos banhos di\u00e1rios em decorr\u00eancia da heran\u00e7a ind\u00edgena e da nossa temperatura mais quente, mas quando vivemos em outra cultura somos criticados e vigiados, pois a \u00e1gua \u00e9 um recurso muito caro em outros pa\u00edses.<\/p>\n<p><strong>Banhos Ritual\u00edsticos<\/strong><\/p>\n<p>O Banho Ritual\u00edstico t\u00eam como objetivo primeiro a purifica\u00e7\u00e3o do corpo, das emo\u00e7\u00f5es e das energias que nos envolvem. Feito isso, nos tornamos dignos de nos aproximar de Deus, das Deusas e das esferas espirituais mais elevadas.<\/p>\n<p>S\u00f3 o elemento \u00e1gua, por si, j\u00e1 \u00e9 um elemento de grande poder mag\u00edstico, porque quando entramos em contato com a \u00e1gua voltamos \u00e0 placenta de onde iniciamos a nossa vida e permanecemos durante 9 meses.<\/p>\n<p>Ali \u00e9 feita uma regress\u00e3o uterina e quando estamos no \u00fatero da nossa m\u00e3e ainda estamos fortemente ligados ao mundo espiritual, pois ainda n\u00e3o aterramos. \u00c9 um momento de prepara\u00e7\u00e3o de transi\u00e7\u00e3o.<\/p>\n<p>Todos os banhos s\u00e3o &#8216;terap\u00eauticos&#8217;, porque nesse momento a sensa\u00e7\u00e3o de prazer e relaxamento permite ao corpo o equil\u00edbrio para a renova\u00e7\u00e3o celular, desintoxica\u00e7\u00e3o, drenagem linf\u00e1tica, alivio da tens\u00e3o mental, da press\u00e3o arterial, problemas de pele e muitos outros benef\u00edcios.<\/p>\n<p>Por tudo isso, o Banho \u00e9 Sagrado!<\/p>\n<p><b>CONTATOS<\/b><br \/>\n<strong>WhatsApp:<\/strong>\u00a0(81) 99900.8769<br \/>\n<strong>Instagram:<\/strong><a href=\"https:\/\/www.instagram.com\/silvia.vieira.garcia\/\" target=\"_blank\" rel=\"noopener\">\u00a0@silvia.vieria.garcia<\/a><br \/>\n<strong>Local de atendimento:<\/strong>\u00a0Rua do Cupim, 259, sala 203, Gra\u00e7as, Recife\/PE<\/p>\n","protected":false},"excerpt":{"rendered":"<p>|\u00a0Por S\u00edlvia Garcia*\u00a0| Os banhos medicinais s\u00e3o praticados desde 3.000 anos A.C. Na civiliza\u00e7\u00e3o eg\u00edpcia encontramos os primeiros relatos do uso dos banhos ritual\u00edsticos, feitos com inten\u00e7\u00e3o espiritual. Documentos datados de 3.000 anos A.C. mostram que os sacerdotes e a hierarquia da fam\u00edlia dos fara\u00f3s tomavam banhos para purificar o corpo e o esp\u00edrito, e [&hellip;]<\/p>\n","protected":false},"author":1,"featured_media":40083,"comment_status":"open","ping_status":"open","sticky":false,"template":"","format":"standard","meta":{"om_disable_all_campaigns":false,"_monsterinsights_skip_tracking":false,"_monsterinsights_sitenote_active":false,"_monsterinsights_sitenote_note":"","_monsterinsights_sitenote_category":0,"footnotes":""},"categories":[220,978],"tags":[499,962],"acf":[],"publishpress_future_action":{"enabled":false,"date":"1969-12-31 21:00:00","action":"","terms":[],"taxonomy":"","browser_timezone_offset":0},"_links":{"self":[{"href":"https:\/\/portalfloresnoar.com\/floresnoar\/wp-json\/wp\/v2\/posts\/40055"}],"collection":[{"href":"https:\/\/portalfloresnoar.com\/floresnoar\/wp-json\/wp\/v2\/posts"}],"about":[{"href":"https:\/\/portalfloresnoar.com\/floresnoar\/wp-json\/wp\/v2\/types\/post"}],"author":[{"embeddable":true,"href":"https:\/\/portalfloresnoar.com\/floresnoar\/wp-json\/wp\/v2\/users\/1"}],"replies":[{"embeddable":true,"href":"https:\/\/portalfloresnoar.com\/floresnoar\/wp-json\/wp\/v2\/comments?post=40055"}],"version-history":[{"count":0,"href":"https:\/\/portalfloresnoar.com\/floresnoar\/wp-json\/wp\/v2\/posts\/40055\/revisions"}],"wp:featuredmedia":[{"embeddable":true,"href":"https:\/\/portalfloresnoar.com\/floresnoar\/wp-json\/wp\/v2\/media\/40083"}],"wp:attachment":[{"href":"https:\/\/portalfloresnoar.com\/floresnoar\/wp-json\/wp\/v2\/media?parent=40055"}],"wp:term":[{"taxonomy":"category","embeddable":true,"href":"https:\/\/portalfloresnoar.com\/floresnoar\/wp-json\/wp\/v2\/categories?post=40055"},{"taxonomy":"post_tag","embeddable":true,"href":"https:\/\/portalfloresnoar.com\/floresnoar\/wp-json\/wp\/v2\/tags?post=40055"}],"curies":[{"name":"wp","href":"https:\/\/api.w.org\/{rel}","templated":true}]}}