

{"id":40048,"date":"2021-03-22T10:46:37","date_gmt":"2021-03-22T13:46:37","guid":{"rendered":"http:\/\/portalfloresnoar.com\/floresnoar\/?p=40048"},"modified":"2021-07-30T13:03:05","modified_gmt":"2021-07-30T16:03:05","slug":"agenda-meditacao-antroposofica-e-tema-de-palestra-on-line-dia-287","status":"publish","type":"post","link":"https:\/\/portalfloresnoar.com\/floresnoar\/agenda-meditacao-antroposofica-e-tema-de-palestra-on-line-dia-287\/","title":{"rendered":"[AGENDA] Medita\u00e7\u00e3o Antropos\u00f3fica \u00e9 tema de palestra on-line, dia 28\/7"},"content":{"rendered":"<p><img decoding=\"async\" loading=\"lazy\" class=\" wp-image-40049 aligncenter\" src=\"http:\/\/portalfloresnoar.com\/floresnoar\/wp-content\/uploads\/2021\/07\/meditacao-antroposofica-700x389.png\" alt=\"\" width=\"515\" height=\"287\" srcset=\"https:\/\/portalfloresnoar.com\/floresnoar\/wp-content\/uploads\/2021\/07\/meditacao-antroposofica-700x389.png 700w, https:\/\/portalfloresnoar.com\/floresnoar\/wp-content\/uploads\/2021\/07\/meditacao-antroposofica-300x167.png 300w, https:\/\/portalfloresnoar.com\/floresnoar\/wp-content\/uploads\/2021\/07\/meditacao-antroposofica.png 720w\" sizes=\"(max-width: 515px) 100vw, 515px\" \/><\/p>\n<p>O N\u00facleo de Aprofundamento Antropos\u00f3fico (NAA) promove no dia 28 de julho de 2021 (quarta-feira), \u00e0s 19h30, a palestra on-line &#8216;Antorposofia, medita\u00e7\u00e3o e os desafios dos nossos dias&#8217;, com o m\u00e9dico Deblai Sebben.<\/p>\n<p>Segundo a Antroposofia, vivemos atualmente na \u00c9poca da Alma da Consci\u00eancia, onde nosso papel como seres humanos \u00e9 ampliarmos nossa consci\u00eancia individual, trilhando um caminho de reconex\u00e3o com a Natureza. &#8220;A medita\u00e7\u00e3o, ent\u00e3o, entra como uma pr\u00e1tica indispens\u00e1vel diante das transforma\u00e7\u00f5es constantes do mundo, ajudando a humanidade a desenvolver habilidades para lidar com os desafios pessoais e coletivos&#8221;, explicam Janise Paiva e Suely Portela, coordenadoras do N\u00facleo e Aprofundamento Antropos\u00f3fico.<\/p>\n<p>Na palestra, Deblai Sebben falar\u00e1 sobre como viver com mais calma e consci\u00eancia diante das turbul\u00eancias da vida atrav\u00e9s da medita\u00e7\u00e3o antropos\u00f3fica. Sebben \u00e9 m\u00e9dico, com vis\u00e3o ampliada pela Medicina Antropos\u00f3fica, secret\u00e1rio geral da Sociedade Antropos\u00f3fica no Brasil e praticante de medita\u00e7\u00e3o.<\/p>\n<p>O encontro faz parte do I Ciclo de Palestras do NAA, que visa permear de forma multidisciplinar os fundamentos da Antroposofia e da Pedagogia Waldorf, estimulando processos de aprendizagem. Todas as palestras do Ciclo s\u00e3o gravadas e disponibilizadas para quem n\u00e3o conseguir assistir ao vivo.<\/p>\n<p>De acordo com as coordenadoras do NAA, o ciclo nasceu com a proposta de permear de forma multidisciplinar os fundamentos da Antroposofia e Pedagogia Waldorf, estimulando processos de aprendizagem para a vida e para a educa\u00e7\u00e3o que se entrela\u00e7am e tecem o mundo.<\/p>\n<p>SERVI\u00c7O<br \/>\n<strong>Palestra &#8216;Antorposofia, medita\u00e7\u00e3o e os desafios dos nossos dias&#8217;, com Derblai Sebben<\/strong><br \/>\n<strong>Data:<\/strong> 28\/07\/2021 (quarta-feira)<br \/>\n<strong>Hora:<\/strong> 19h30<br \/>\n<strong>Local:<\/strong> Zoom<br \/>\n<strong>Valor:<\/strong> R$ 62,00 a palestra individual (ou R$ 220,00 o Ciclo de Palestras, incluindo as 4 palestras que ir\u00e3o acontecer.)<br \/>\n<strong>Inscri\u00e7\u00f5es:<\/strong> <a href=\"https:\/\/evento.blinket.com.br\/ciclo-de-platestras\" target=\"_blank\" rel=\"noopener\">https:\/\/evento.blinket.com.br\/ciclo-de-platestras<\/a><\/p>\n<p>MAIS INFORMA\u00c7\u00d5ES<br \/>\n<strong>E-mail:<\/strong> nucleoapantroposofico@gmail.com<br \/>\n<strong>Instagram:<\/strong> <a href=\"https:\/\/www.instagram.com\/nucleoapantroposofico\/\" target=\"_blank\" rel=\"noopener\">@nucleoapantroposofico<\/a><br \/>\n<strong>WhatsApp:<\/strong> (81) 99630-9917<\/p>\n","protected":false},"excerpt":{"rendered":"<p>O N\u00facleo de Aprofundamento Antropos\u00f3fico (NAA) promove no dia 28 de julho de 2021 (quarta-feira), \u00e0s 19h30, a palestra on-line &#8216;Antorposofia, medita\u00e7\u00e3o e os desafios dos nossos dias&#8217;, com o m\u00e9dico Deblai Sebben. Segundo a Antroposofia, vivemos atualmente na \u00c9poca da Alma da Consci\u00eancia, onde nosso papel como seres humanos \u00e9 ampliarmos nossa consci\u00eancia individual, [&hellip;]<\/p>\n","protected":false},"author":1,"featured_media":40049,"comment_status":"open","ping_status":"open","sticky":false,"template":"","format":"standard","meta":{"om_disable_all_campaigns":false,"_monsterinsights_skip_tracking":false,"_monsterinsights_sitenote_active":false,"_monsterinsights_sitenote_note":"","_monsterinsights_sitenote_category":0,"footnotes":""},"categories":[8,214],"tags":[23,577,305,115,624],"acf":[],"publishpress_future_action":{"enabled":false,"date":"1969-12-31 21:00:00","action":"","terms":[],"taxonomy":"","browser_timezone_offset":0},"_links":{"self":[{"href":"https:\/\/portalfloresnoar.com\/floresnoar\/wp-json\/wp\/v2\/posts\/40048"}],"collection":[{"href":"https:\/\/portalfloresnoar.com\/floresnoar\/wp-json\/wp\/v2\/posts"}],"about":[{"href":"https:\/\/portalfloresnoar.com\/floresnoar\/wp-json\/wp\/v2\/types\/post"}],"author":[{"embeddable":true,"href":"https:\/\/portalfloresnoar.com\/floresnoar\/wp-json\/wp\/v2\/users\/1"}],"replies":[{"embeddable":true,"href":"https:\/\/portalfloresnoar.com\/floresnoar\/wp-json\/wp\/v2\/comments?post=40048"}],"version-history":[{"count":0,"href":"https:\/\/portalfloresnoar.com\/floresnoar\/wp-json\/wp\/v2\/posts\/40048\/revisions"}],"wp:featuredmedia":[{"embeddable":true,"href":"https:\/\/portalfloresnoar.com\/floresnoar\/wp-json\/wp\/v2\/media\/40049"}],"wp:attachment":[{"href":"https:\/\/portalfloresnoar.com\/floresnoar\/wp-json\/wp\/v2\/media?parent=40048"}],"wp:term":[{"taxonomy":"category","embeddable":true,"href":"https:\/\/portalfloresnoar.com\/floresnoar\/wp-json\/wp\/v2\/categories?post=40048"},{"taxonomy":"post_tag","embeddable":true,"href":"https:\/\/portalfloresnoar.com\/floresnoar\/wp-json\/wp\/v2\/tags?post=40048"}],"curies":[{"name":"wp","href":"https:\/\/api.w.org\/{rel}","templated":true}]}}