

{"id":40036,"date":"2021-04-01T16:37:04","date_gmt":"2021-04-01T19:37:04","guid":{"rendered":"http:\/\/portalfloresnoar.com\/floresnoar\/?p=40036"},"modified":"2021-08-15T21:45:44","modified_gmt":"2021-08-16T00:45:44","slug":"agenda-yoga-e-eneagrama-sao-o-foco-do-grupo-o-poder-oculto-dos-banhos-no-mes-de-agosto","status":"publish","type":"post","link":"https:\/\/portalfloresnoar.com\/floresnoar\/agenda-yoga-e-eneagrama-sao-o-foco-do-grupo-o-poder-oculto-dos-banhos-no-mes-de-agosto\/","title":{"rendered":"[AGENDA] Yoga e Eneagrama s\u00e3o o foco do Grupo &#8216;O poder oculto dos banhos&#8217; no m\u00eas de agosto"},"content":{"rendered":"<p><img decoding=\"async\" loading=\"lazy\" class=\"wp-image-40038 aligncenter\" src=\"http:\/\/portalfloresnoar.com\/floresnoar\/wp-content\/uploads\/2021\/07\/yoga-e-eneagrama-1-700x700.jpg\" alt=\"\" width=\"490\" height=\"490\" srcset=\"https:\/\/portalfloresnoar.com\/floresnoar\/wp-content\/uploads\/2021\/07\/yoga-e-eneagrama-1-700x700.jpg 700w, https:\/\/portalfloresnoar.com\/floresnoar\/wp-content\/uploads\/2021\/07\/yoga-e-eneagrama-1-150x150.jpg 150w, https:\/\/portalfloresnoar.com\/floresnoar\/wp-content\/uploads\/2021\/07\/yoga-e-eneagrama-1-300x300.jpg 300w, https:\/\/portalfloresnoar.com\/floresnoar\/wp-content\/uploads\/2021\/07\/yoga-e-eneagrama-1-768x768.jpg 768w, https:\/\/portalfloresnoar.com\/floresnoar\/wp-content\/uploads\/2021\/07\/yoga-e-eneagrama-1-100x100.jpg 100w, https:\/\/portalfloresnoar.com\/floresnoar\/wp-content\/uploads\/2021\/07\/yoga-e-eneagrama-1.jpg 1080w\" sizes=\"(max-width: 490px) 100vw, 490px\" \/><\/p>\n<p>Neste m\u00eas de agosto, o Grupo de Viv\u00eancias, Partilhas e Autoconhecimento &#8216;O Poder Oculto dos Banhos&#8217; recebe a yogaterapeuta e instrutora de Eneagrama Yelw Fel\u00edcio. Ela conduzir\u00e1, a partir do dia 9\/8,\u00a0 quatro encontros on-line sobre os princ\u00edpios do Yoga e do Eneagrama, nas segundas-feiras de agosto, sempre \u00e0s 20h.<\/p>\n<p>&#8220;Somos um grupo amoroso e acolhedor, comprometido com o autoconhecimento de maneira leve e criativa.\u00a0Em nossos encontros no grupo crescemos muito ao ouvir com acolhimento e empatia as partilhas. Somos espelhos uma das outras e durante as viv\u00eancias oferecemos trabalhos energ\u00e9ticos e sist\u00eamicos que potencializam a profunda transforma\u00e7\u00e3o que ocorre em cada uma de n\u00f3s. Tudo isso regado a muitos banhos de ervas, porque s\u00e3o elas que abrem o nosso portal de comunica\u00e7\u00e3o, promovendo a transcend\u00eancia para esferas mais elevadas&#8221;, declara S\u00edlvia Garcia, coordenadora do Grupo \u2018O Poder Oculto dos Banhos\u2019.<\/p>\n<p>PROGRAMA\u00c7\u00c3O DOS ENCONTROS<\/p>\n<p><strong>Encontro 1<\/strong> &#8211; Leis Matem\u00e1ticas, leis que regem o funcionamento do Universo x funcionamento do seu pr\u00f3prio universo interior.<\/p>\n<p><strong>Encontro 2<\/strong> &#8211;\u00a0 Centros de Intelig\u00eancia: caminhos para integrar as dimens\u00f5es do Ser:<br \/>\no Centro f\u00edsico, cuidar do fazer<br \/>\no Centro emocional, cuidar do conviver<br \/>\no Centro mental, cuidar do aprender<\/p>\n<p><strong>Encontro 3<\/strong> &#8211; A caracter\u00edstica b\u00e1sica da Energia \u00e9 pulsa\u00e7\u00e3o. Conhecendo os padr\u00f5es de energia: retra\u00e7\u00e3o\/recolhimento; contens\u00e3o\/contra\u00e7\u00e3o; expans\u00e3o\/explos\u00e3o, e suas rela\u00e7\u00f5es com a personalidade.<\/p>\n<p><strong>Encontro 4<\/strong> &#8211; Espa\u00e7o de sil\u00eancio, onde a semente \u00e9 germinada&#8230; \u00c9 no sil\u00eancio onde podemos integrar e absorver todas as experi\u00eancias vivenciadas ao longo desses encontros.<\/p>\n<p>TERAPEUTA QUE CONDUZIR\u00c1 OS ENCONTROS NO M\u00caS DE AGOSTO\/2021:<br \/>\n<strong>Yelw Felicio<\/strong> \u00e9 formada em Administra\u00e7\u00e3o de Empresas, \u00e9 Yogaterapeuta, ensina Yoga h\u00e1 18 anos para o p\u00fablico em geral e tamb\u00e9m para gestantes, apoiando mulheres a vivenciar de forma integral a gesta\u00e7\u00e3o, o parto, o nascimento e o puerp\u00e9rio. \u00c9 especializada em Educa\u00e7\u00e3o Som\u00e1tica, m\u00e9todos para o desenvolvimento do Ser atrav\u00e9s da consci\u00eancia corporal. \u00c9 instrutora de Eneagrama, unindo a sua experi\u00eancia como Yogaterapeuta, onde todas as dimens\u00f5es do ser: corpo\/mente\/emo\u00e7\u00f5es\/espirito se inter-relacionam e necessitam ser integradas e equilibradas.<\/p>\n<p>SERVI\u00c7O<br \/>\n<strong>O Poder Oculto dos Banhos \u2013 Grupo On-line de Viv\u00eancias, Partilhas e Autoconhecimento<\/strong><br \/>\n<strong>Quando:<\/strong>\u00a0segundas-feiras<br \/>\n<strong>Hora:<\/strong>\u00a020h<br \/>\n<strong>Local:<\/strong>\u00a0Plataforma on-line de videoconfer\u00eancia<br \/>\n<strong>Mensalidade:<\/strong>\u00a0R$ 100,00 (4 encontros)<\/p>\n<p>INSCRI\u00c7\u00d5ES E MAIS INFORMA\u00c7\u00d5ES<br \/>\n<strong>WhatsApp:<\/strong>\u00a0(81) 99900.8769<br \/>\n<strong>Instagram:<\/strong>\u00a0<a href=\"https:\/\/www.instagram.com\/silvia.vieira.garcia\/\" target=\"_blank\" rel=\"noopener\">@silvia.vieira.garcia<\/a><\/p>\n","protected":false},"excerpt":{"rendered":"<p>Neste m\u00eas de agosto, o Grupo de Viv\u00eancias, Partilhas e Autoconhecimento &#8216;O Poder Oculto dos Banhos&#8217; recebe a yogaterapeuta e instrutora de Eneagrama Yelw Fel\u00edcio. Ela conduzir\u00e1, a partir do dia 9\/8,\u00a0 quatro encontros on-line sobre os princ\u00edpios do Yoga e do Eneagrama, nas segundas-feiras de agosto, sempre \u00e0s 20h. &#8220;Somos um grupo amoroso e [&hellip;]<\/p>\n","protected":false},"author":1,"featured_media":40039,"comment_status":"open","ping_status":"open","sticky":false,"template":"","format":"standard","meta":{"om_disable_all_campaigns":false,"_monsterinsights_skip_tracking":false,"_monsterinsights_sitenote_active":false,"_monsterinsights_sitenote_note":"","_monsterinsights_sitenote_category":0,"footnotes":""},"categories":[8,214],"tags":[862,75,326,137,43,971,21],"acf":[],"publishpress_future_action":{"enabled":false,"date":"1969-12-31 21:00:00","action":"","terms":[],"taxonomy":"","browser_timezone_offset":0},"_links":{"self":[{"href":"https:\/\/portalfloresnoar.com\/floresnoar\/wp-json\/wp\/v2\/posts\/40036"}],"collection":[{"href":"https:\/\/portalfloresnoar.com\/floresnoar\/wp-json\/wp\/v2\/posts"}],"about":[{"href":"https:\/\/portalfloresnoar.com\/floresnoar\/wp-json\/wp\/v2\/types\/post"}],"author":[{"embeddable":true,"href":"https:\/\/portalfloresnoar.com\/floresnoar\/wp-json\/wp\/v2\/users\/1"}],"replies":[{"embeddable":true,"href":"https:\/\/portalfloresnoar.com\/floresnoar\/wp-json\/wp\/v2\/comments?post=40036"}],"version-history":[{"count":0,"href":"https:\/\/portalfloresnoar.com\/floresnoar\/wp-json\/wp\/v2\/posts\/40036\/revisions"}],"wp:featuredmedia":[{"embeddable":true,"href":"https:\/\/portalfloresnoar.com\/floresnoar\/wp-json\/wp\/v2\/media\/40039"}],"wp:attachment":[{"href":"https:\/\/portalfloresnoar.com\/floresnoar\/wp-json\/wp\/v2\/media?parent=40036"}],"wp:term":[{"taxonomy":"category","embeddable":true,"href":"https:\/\/portalfloresnoar.com\/floresnoar\/wp-json\/wp\/v2\/categories?post=40036"},{"taxonomy":"post_tag","embeddable":true,"href":"https:\/\/portalfloresnoar.com\/floresnoar\/wp-json\/wp\/v2\/tags?post=40036"}],"curies":[{"name":"wp","href":"https:\/\/api.w.org\/{rel}","templated":true}]}}