

{"id":40020,"date":"2021-07-19T13:39:14","date_gmt":"2021-07-19T16:39:14","guid":{"rendered":"http:\/\/portalfloresnoar.com\/floresnoar\/?p=40020"},"modified":"2021-07-19T13:47:46","modified_gmt":"2021-07-19T16:47:46","slug":"silvia-garcia-feng-shui-decoracao-o-quarto-dos-filhos","status":"publish","type":"post","link":"https:\/\/portalfloresnoar.com\/floresnoar\/silvia-garcia-feng-shui-decoracao-o-quarto-dos-filhos\/","title":{"rendered":"[S\u00cdLVIA GARCIA] Feng Shui \u2018De&#8217;Cora\u00e7\u00e3o\u2019 \u2013 O Quarto dos Filhos"},"content":{"rendered":"<p><img decoding=\"async\" loading=\"lazy\" class=\"aligncenter wp-image-40022\" src=\"http:\/\/portalfloresnoar.com\/floresnoar\/wp-content\/uploads\/2021\/07\/O-Quarto-dos-Filhos.png\" alt=\"\" width=\"570\" height=\"570\" srcset=\"https:\/\/portalfloresnoar.com\/floresnoar\/wp-content\/uploads\/2021\/07\/O-Quarto-dos-Filhos.png 700w, https:\/\/portalfloresnoar.com\/floresnoar\/wp-content\/uploads\/2021\/07\/O-Quarto-dos-Filhos-150x150.png 150w, https:\/\/portalfloresnoar.com\/floresnoar\/wp-content\/uploads\/2021\/07\/O-Quarto-dos-Filhos-300x300.png 300w, https:\/\/portalfloresnoar.com\/floresnoar\/wp-content\/uploads\/2021\/07\/O-Quarto-dos-Filhos-100x100.png 100w\" sizes=\"(max-width: 570px) 100vw, 570px\" \/><\/p>\n<p>|\u00a0<em>Por S\u00edlvia Garcia*\u00a0<\/em>|<\/p>\n<p>O nosso quarto \u00e9 um local de extrema intimidade com n\u00f3s mesmos e tamb\u00e9m com os outros, quando estamos acompanhados.<\/p>\n<p>\u00c9 no quarto que temos total liberdade de pensar, sentir e agir dentro dos nossos instintos mais \u00edntimos. Mesmo quando dividimos o quarto com algu\u00e9m, normalmente com nossos irm\u00e3os, companheiros\/as, colegas de quarto, temos alguns momentos sozinhos e nesses momentos somos livres pra deixar acontecer o que nossa intimidade requer.<\/p>\n<p>E tudo isso \u00e9 pra dizer que, no quarto dos nossos filhos\/as habita a sua verdadeira identidade.<\/p>\n<p>Gosto muito de um filme italiano, de 2001, dirigido por Nanni Moretti, &#8216;O quarto do Filho&#8217;.<br \/>\nTem uma cena nesse filme que me marcou, \u00e9 quando o pai entra no quarto do filho falecido e encontra uma foto que este filho mandou para uma namorada. O pai l\u00ea a mensagem do filho para a namorada e ali ele conhece o seu filho fora do c\u00edrculo familiar e percebe que n\u00e3o conhecia o seu filho de verdade e que estava distante do que o filho sentia, seus desejos, medos e anseios.\u00c9 um filme muito delicado que eu recomendo.<\/p>\n<p>Mas o que isso tem a ver com Feng Shui?<\/p>\n<p>Pra mim tudo, porque Feng Shui \u00e9 a express\u00e3o natural de cores, aromas, disposi\u00e7\u00f5es do mobili\u00e1rio&#8230;tudo isso \u00e9 para sermos plenos e felizes dentro dos ambientes onde vivemos e convivemos com outras pessoas.<\/p>\n<p>Portanto, mesmo que o adolescente insista com cores escuras no seu quarto, tente explicar que isso n\u00e3o \u00e9 bom, porque atrai energias que influenciam o seu humor, sono, sonhos, pensamentos, sentimentos e atitudes&#8230;tudo isso \u00e9 atingido diretamente.<\/p>\n<p>Evite posters que incitem a viol\u00eancia ou o erotismo vulgar. Figuras de caveiras, macabras, enfim, objetos que remetem a pensamentos sinistros.<\/p>\n<p>Isso n\u00e3o \u00e9 moralismo, \u00e9 cuidado. Existem muitos esp\u00edritos sedentos e carentes, querendo se satisfazer de seus v\u00edcios, e os nossos adolescentes s\u00e3o presas f\u00e1ceis. Perceba como os adolescentes gostam de filme de terror. \u00c9 uma curiosidade m\u00f3rbida, infelizmente comum a esta fase, mas depois percebemos que estamos poluindo a nossa mente de p\u00e2nico e cren\u00e7as de medo que nos deixam ref\u00e9ns dentro de pontos de vistas limitantes e promovendo sonhos perturbadores.<\/p>\n<p>O quarto dos nossos filhos, precisa ser limpo com frequ\u00eancia, mesmo que a revelia. N\u00e3o espere que um adolescente cheio de horm\u00f4nios, com a sexualidade a flor da pele, cheio de d\u00favidas sobre a sua auto estima, concorde com voc\u00ea.<\/p>\n<p>Nesse momento, precisamos exercer a nossa autoridade divina que nos foi atribu\u00edda quando nos tornamos pais e m\u00e3es.<\/p>\n<p><em><strong>Seguem aqui algumas dicas para estimular a sa\u00fade mental, f\u00edsica, emocional e espiritual dos nossos adolescentes:<\/strong><\/em><\/p>\n<p>&#8211; Evite aparelhos eletr\u00f4nicos dentro do quarto: televis\u00e3o, laptop, celular, roteador&#8230;todos eles, mesmo desligados, emitem ondas vibracionais que impactam as nossas ondas cerebrais prejudicando a qualidade do nosso sono. Sendo ainda mais direta, energias mal qualificadas como miasmas e larvas astrais exercem influ\u00eancia sobre a nossa mente, pois se comunicam conosco e manipulam o nosso racioc\u00ednio e sugam toda a nossa energia. Esses fatores exercem influ\u00eancia direta no comportamento cognitivo e na oscila\u00e7\u00e3o de humor.<\/p>\n<p>&#8211; Cores fortes nas paredes, deixa-nos em estado de alerta, n\u00e3o permitindo o relaxamento e, sem o relaxamento necess\u00e1rio para dormir, o nosso corpo n\u00e3o se recomp\u00f5e. Resultado: estresse, estafa, cansa\u00e7o constante, perda de mem\u00f3ria, baixo rendimento escolar, entre outros efeitos. Entre em consenso com o seu adolescente e escolha cores suaves.<\/p>\n<p>&#8211; Roupas sujas, al\u00e9m de exalar mal cheiro e tornar o ambiente muito desagrad\u00e1vel, estimulam a falta de higiene, que n\u00e3o para por a\u00ed, e o adolescente pode se tornar um adulto negligente com a sua higiene pessoal e com uma organiza\u00e7\u00e3o m\u00ednima.<\/p>\n<p>&#8211; Evite arm\u00e1rios ou prateleiras em cima da cama, cama embutida no arm\u00e1rio, traz uma sensa\u00e7\u00e3o de sufocamento.<\/p>\n<p>-Evite tamb\u00e9m muitos livros no quarto, livros e documentos no quarto est\u00e3o sempre a nos lembrar das obriga\u00e7\u00f5es, cobran\u00e7as, responsabilidades, mesmo que sejam livros do seu agrado, sua presen\u00e7a causa um sufocamento energ\u00e9tico e traz uma sensa\u00e7\u00e3o de acumula\u00e7\u00e3o.<\/p>\n<p>&#8211; Outros danos quando um quarto est\u00e1 sujo e desorganizado: falta de criatividade, sensa\u00e7\u00e3o de escassez fechando as possibilidades de novas oportunidades.<\/p>\n<p>Uma dica de banho e ch\u00e1 para adolescentes \u00e9 \u201cMalva\u201d, limpa e equilibra todos os chacras, cria conex\u00e3o com energias de esferas espirituais, ajuda a tomar decis\u00f5es, a respeitar hierarquias, eliminar medos, cria sentimento de justi\u00e7a, a colabora na aceita\u00e7\u00e3o das dificuldades da vida e mudan\u00e7as de atitude, al\u00e9m de limpar miasmas que causam dor e desconforto f\u00edsico.<\/p>\n<p>\u00b4Dica de Ouro\u2019 \u2013 N\u00e3o exagere no conforto do quarto do seu filho\/a. Tendo tudo dentro do quarto, porque sair do quarto e interagir com a fam\u00edlia? Isso \u00e9 um convite ao isolamento e a procrastina\u00e7\u00e3o, al\u00e9m de mima-lo com os excessos.<\/p>\n<p><em>* Silvia Garcia, terapeuta Integrativa Sist\u00eamica e idealizadora do\u00a0<a href=\"http:\/\/portalfloresnoar.com\/floresnoar\/agenda-programa-caminhantes-reune-diversas-tecnicas-terapeuticas-em-4-sessoes-on-line\/\" target=\"_blank\" rel=\"noopener\">Programa Caminhantes<\/a>, \u00e9 terapeuta Cone Hindu (Metodologia Emilyn Hasbeni), Thetahealer, praticante de Barras de Access e Processos Corporais de Access, Leitora de Aura e Registros Ak\u00e1shicos, Rebalancing (Massagem Profunda), formada pela Osho Bahia e Reikiana. Estudiosa encantada por Fitoterapia, Florais, Aromaterapia, Ci\u00eancias Hol\u00edsticas e Sabedoria Xam\u00e2nica.<\/em><\/p>\n<p><b>CONTATOS<\/b><br \/>\n<strong>WhatsApp:<\/strong>\u00a0(81) 99900.8769<br \/>\n<strong>Instagram:<\/strong><a href=\"https:\/\/www.instagram.com\/silvia.vieira.garcia\/\" target=\"_blank\" rel=\"noopener\">\u00a0@silvia.vieria.garcia<\/a><br \/>\n<strong>Local de atendimento:<\/strong>\u00a0Rua do Cupim, 259, sala 203, Gra\u00e7as, Recife\/PE<\/p>\n<h3>CONFIRA OS OUTROS ARTIGOS DA S\u00c9RIE &#8220;FENG SHUI DE&#8217;CORA\u00c7\u00c3O&#8221; <strong><a href=\"http:\/\/portalfloresnoar.com\/floresnoar\/categoria\/colunas\/silvia-garcia\/\" target=\"_blank\" rel=\"noopener\">NA COLUNA DE S\u00cdLVIA GARCIA<\/a>!<\/strong><\/h3>\n","protected":false},"excerpt":{"rendered":"<p>|\u00a0Por S\u00edlvia Garcia*\u00a0| O nosso quarto \u00e9 um local de extrema intimidade com n\u00f3s mesmos e tamb\u00e9m com os outros, quando estamos acompanhados. \u00c9 no quarto que temos total liberdade de pensar, sentir e agir dentro dos nossos instintos mais \u00edntimos. Mesmo quando dividimos o quarto com algu\u00e9m, normalmente com nossos irm\u00e3os, companheiros\/as, colegas de [&hellip;]<\/p>\n","protected":false},"author":1,"featured_media":40021,"comment_status":"open","ping_status":"open","sticky":false,"template":"","format":"standard","meta":{"om_disable_all_campaigns":false,"_monsterinsights_skip_tracking":false,"_monsterinsights_sitenote_active":false,"_monsterinsights_sitenote_note":"","_monsterinsights_sitenote_category":0,"footnotes":""},"categories":[220,978],"tags":[369,499,143,1033],"acf":[],"publishpress_future_action":{"enabled":false,"date":"1969-12-31 21:00:00","action":"","terms":[],"taxonomy":"","browser_timezone_offset":0},"_links":{"self":[{"href":"https:\/\/portalfloresnoar.com\/floresnoar\/wp-json\/wp\/v2\/posts\/40020"}],"collection":[{"href":"https:\/\/portalfloresnoar.com\/floresnoar\/wp-json\/wp\/v2\/posts"}],"about":[{"href":"https:\/\/portalfloresnoar.com\/floresnoar\/wp-json\/wp\/v2\/types\/post"}],"author":[{"embeddable":true,"href":"https:\/\/portalfloresnoar.com\/floresnoar\/wp-json\/wp\/v2\/users\/1"}],"replies":[{"embeddable":true,"href":"https:\/\/portalfloresnoar.com\/floresnoar\/wp-json\/wp\/v2\/comments?post=40020"}],"version-history":[{"count":0,"href":"https:\/\/portalfloresnoar.com\/floresnoar\/wp-json\/wp\/v2\/posts\/40020\/revisions"}],"wp:featuredmedia":[{"embeddable":true,"href":"https:\/\/portalfloresnoar.com\/floresnoar\/wp-json\/wp\/v2\/media\/40021"}],"wp:attachment":[{"href":"https:\/\/portalfloresnoar.com\/floresnoar\/wp-json\/wp\/v2\/media?parent=40020"}],"wp:term":[{"taxonomy":"category","embeddable":true,"href":"https:\/\/portalfloresnoar.com\/floresnoar\/wp-json\/wp\/v2\/categories?post=40020"},{"taxonomy":"post_tag","embeddable":true,"href":"https:\/\/portalfloresnoar.com\/floresnoar\/wp-json\/wp\/v2\/tags?post=40020"}],"curies":[{"name":"wp","href":"https:\/\/api.w.org\/{rel}","templated":true}]}}