

{"id":39976,"date":"2021-08-01T13:36:34","date_gmt":"2021-08-01T16:36:34","guid":{"rendered":"http:\/\/portalfloresnoar.com\/floresnoar\/?p=39976"},"modified":"2021-08-17T11:50:45","modified_gmt":"2021-08-17T14:50:45","slug":"agenda-harmonnizar-oferece-sessoes-terapeuticas-integradas-para-mente-corpo-e-alma","status":"publish","type":"post","link":"https:\/\/portalfloresnoar.com\/floresnoar\/agenda-harmonnizar-oferece-sessoes-terapeuticas-integradas-para-mente-corpo-e-alma\/","title":{"rendered":"[AGENDA] Harmonnizar oferece sess\u00f5es terap\u00eauticas integradas para Corpo, Mente e Alma"},"content":{"rendered":"<p>&nbsp;<\/p>\n<p><img decoding=\"async\" loading=\"lazy\" class=\"aligncenter wp-image-40009\" src=\"http:\/\/portalfloresnoar.com\/floresnoar\/wp-content\/uploads\/2021\/07\/cromoterapia-recife-700x398.jpg\" alt=\"\" width=\"619\" height=\"352\" srcset=\"https:\/\/portalfloresnoar.com\/floresnoar\/wp-content\/uploads\/2021\/07\/cromoterapia-recife-700x398.jpg 700w, https:\/\/portalfloresnoar.com\/floresnoar\/wp-content\/uploads\/2021\/07\/cromoterapia-recife-300x171.jpg 300w, https:\/\/portalfloresnoar.com\/floresnoar\/wp-content\/uploads\/2021\/07\/cromoterapia-recife-768x437.jpg 768w, https:\/\/portalfloresnoar.com\/floresnoar\/wp-content\/uploads\/2021\/07\/cromoterapia-recife.jpg 900w\" sizes=\"(max-width: 619px) 100vw, 619px\" \/><\/p>\n<p>Os terapeutas integrativos Catarina Sampaio e Josemir Silva, do projeto Harmonnizar, est\u00e3o oferecendo tr\u00eas programas terap\u00eauticos, com foco na sa\u00fade e bem-estar. Cada programa \u00e9 voltado para harmoniza\u00e7\u00e3o de um dos corpos (f\u00edsico, mental, espiritual). As sess\u00f5es s\u00e3o presenciais e acontecem no Espa\u00e7o Tsara de Sarah, em Olinda\/PE.<\/p>\n<p>Os programas re\u00fanem diversas t\u00e9cnicas terap\u00eauticas, como: Cristaloterapia, Reiki, Cromoterapia, Florais, Acupuntura, Pedras Quentes, Auriculoterapia, Hidromassagem, Chakroterapia, Banhos Energ\u00e9ticos, Massagem, Relaxante, Shiatsu, Do-In, \u00c1sanas e Medita\u00e7\u00e3o.<\/p>\n<p>SOBRE OS TERAPEUTAS<br \/>\n<img decoding=\"async\" loading=\"lazy\" class=\"wp-image-39978 alignleft\" src=\"http:\/\/portalfloresnoar.com\/floresnoar\/wp-content\/uploads\/2021\/07\/cristaloterapeuta-catarina-sampaio-300x300.jpg\" alt=\"\" width=\"220\" height=\"220\" srcset=\"https:\/\/portalfloresnoar.com\/floresnoar\/wp-content\/uploads\/2021\/07\/cristaloterapeuta-catarina-sampaio-300x300.jpg 300w, https:\/\/portalfloresnoar.com\/floresnoar\/wp-content\/uploads\/2021\/07\/cristaloterapeuta-catarina-sampaio-150x150.jpg 150w, https:\/\/portalfloresnoar.com\/floresnoar\/wp-content\/uploads\/2021\/07\/cristaloterapeuta-catarina-sampaio-768x768.jpg 768w, https:\/\/portalfloresnoar.com\/floresnoar\/wp-content\/uploads\/2021\/07\/cristaloterapeuta-catarina-sampaio-700x700.jpg 700w, https:\/\/portalfloresnoar.com\/floresnoar\/wp-content\/uploads\/2021\/07\/cristaloterapeuta-catarina-sampaio-100x100.jpg 100w, https:\/\/portalfloresnoar.com\/floresnoar\/wp-content\/uploads\/2021\/07\/cristaloterapeuta-catarina-sampaio.jpg 1080w\" sizes=\"(max-width: 220px) 100vw, 220px\" \/><\/p>\n<p>Catarina Sampaio \u00e9 terapeuta Hol\u00edstica e Integrativa, desde 1996. Tem forma\u00e7\u00e3o em Cristaloterapia, Cromoterapia, Aromaterapia, Terapia Floral (diversos Sistemas), Radiestesia, Geoterapia , Kirliangrafia, Reiki e Tar\u00f4. \u00c9 respons\u00e1vel pelo Espa\u00e7o Tsara de Sarah de Terapias e Estudos Hol\u00edsticos, localizado em Olinda\/PE, onde desenvolve Rodas de Cura.<\/p>\n<p>&nbsp;<\/p>\n<p>&nbsp;<\/p>\n<p><img decoding=\"async\" loading=\"lazy\" class=\"wp-image-39979 alignleft\" src=\"http:\/\/portalfloresnoar.com\/floresnoar\/wp-content\/uploads\/2021\/07\/terapeuta-josemir-silva-300x300.jpg\" alt=\"\" width=\"220\" height=\"220\" srcset=\"https:\/\/portalfloresnoar.com\/floresnoar\/wp-content\/uploads\/2021\/07\/terapeuta-josemir-silva-300x300.jpg 300w, https:\/\/portalfloresnoar.com\/floresnoar\/wp-content\/uploads\/2021\/07\/terapeuta-josemir-silva-150x150.jpg 150w, https:\/\/portalfloresnoar.com\/floresnoar\/wp-content\/uploads\/2021\/07\/terapeuta-josemir-silva-768x768.jpg 768w, https:\/\/portalfloresnoar.com\/floresnoar\/wp-content\/uploads\/2021\/07\/terapeuta-josemir-silva-700x700.jpg 700w, https:\/\/portalfloresnoar.com\/floresnoar\/wp-content\/uploads\/2021\/07\/terapeuta-josemir-silva-100x100.jpg 100w, https:\/\/portalfloresnoar.com\/floresnoar\/wp-content\/uploads\/2021\/07\/terapeuta-josemir-silva.jpg 1080w\" sizes=\"(max-width: 220px) 100vw, 220px\" \/><\/p>\n<p>&nbsp;<\/p>\n<p>Josemir Silva \u00e9 terapeuta hol\u00edstico e Integrativo, desde 2005. Tem forma\u00e7\u00e3o em Aur\u00edculopuntura, Acupuntura Reflexa, Shiatsu, Do-in, Moxabust\u00e3o, Libera\u00e7\u00e3o Miofascial, Drenagem Linf\u00e1tica, Massagem Terap\u00eautica, Relaxante, Sensitive Massage , Bambuterapia e associa estas pr\u00e1ticas a medita\u00e7\u00f5es diversas durante as atividades nos tratamentos.<\/p>\n<p>&nbsp;<\/p>\n<p>CONFIRA ABAIXO OS DETALHES DE CADA PROGRAMA OFERECIDO<br \/>\n<em><strong>Obs.:<\/strong> Cada um dos programas \u00e9 composto por 5 encontros presenciais, previamente agendados, com dura\u00e7\u00e3o entre 1h e 1h30 min, cada encontro.<\/em><\/p>\n<p>&nbsp;<\/p>\n<h3><strong>Programa RELAXARE (CORPO)<\/strong><\/h3>\n<p><strong><img decoding=\"async\" loading=\"lazy\" class=\"wp-image-39985 alignleft\" src=\"http:\/\/portalfloresnoar.com\/floresnoar\/wp-content\/uploads\/2021\/07\/terapias-em-Olinda-23-300x200.jpg\" alt=\"\" width=\"260\" height=\"173\" srcset=\"https:\/\/portalfloresnoar.com\/floresnoar\/wp-content\/uploads\/2021\/07\/terapias-em-Olinda-23-300x200.jpg 300w, https:\/\/portalfloresnoar.com\/floresnoar\/wp-content\/uploads\/2021\/07\/terapias-em-Olinda-23-768x512.jpg 768w, https:\/\/portalfloresnoar.com\/floresnoar\/wp-content\/uploads\/2021\/07\/terapias-em-Olinda-23-700x467.jpg 700w, https:\/\/portalfloresnoar.com\/floresnoar\/wp-content\/uploads\/2021\/07\/terapias-em-Olinda-23.jpg 1080w\" sizes=\"(max-width: 260px) 100vw, 260px\" \/>Indica\u00e7\u00f5es:<\/strong>\u00a0estresse, ansiedade, cansa\u00e7o f\u00edsico, mental, ins\u00f4nia, dores musculares, dist\u00farbios do sono , entre outros inc\u00f4modos sentidos nos corpo f\u00edsico.<\/p>\n<p><strong>Benef\u00edcios:\u00a0<\/strong>relaxamento, redu\u00e7\u00e3o do estresse, equil\u00edbrio energ\u00e9tico em todo o corpo.<\/p>\n<p>&nbsp;<\/p>\n<p><strong>Encontro 1<\/strong><br \/>\n&#8211; Anamnese\u00a0(conversa terap\u00eautica, para coleta de informa\u00e7\u00f5es acerca das raz\u00f5es que motivaram o interesse do cliente em se cuidar)<br \/>\n&#8211; Planejamento dos encontros<br \/>\n&#8211; Sess\u00f5es de Reiki + Instru\u00e7\u00f5es para Chakroterapia (ou Banhos Energ\u00e9ticos)<br \/>\n<em>Obs.: A (o) cliente poder\u00e1 tamb\u00e9m receber um frasco contendo Florais (a depender do caso).<\/em><\/p>\n<p><strong>Encontro 2<\/strong><br \/>\n&#8211; Sess\u00e3o de massagem Relaxante + Acupuntura<br \/>\n&#8211; Escalda-p\u00e9s<br \/>\n&#8211; Indica\u00e7\u00f5es de \u00c1sanas (posturas de Ioga)<\/p>\n<p><strong>Encontro 3<\/strong><br \/>\n&#8211; Sess\u00e3o de Pedras Quentes + Aromaterapia<\/p>\n<p><strong>Encontro 4<\/strong><br \/>\n&#8211; Sess\u00e3o de Shiatsu ou Do-In + Sess\u00e3o de Auriculoterapia ou Hidromassagem nos p\u00e9s<br \/>\n&#8211; Indica\u00e7\u00f5es de novos \u00c1sanas<\/p>\n<p><strong>Encontro 5<\/strong><br \/>\n&#8211; Sess\u00e3o de Pedras Quentes ou Bambuterapia + Reflexologia Podal<br \/>\n&#8211; Sess\u00e3o de Libera\u00e7\u00e3o Miofascial<br \/>\n&#8211; Entrega do Caderno de auto-observa\u00e7\u00e3o + instru\u00e7\u00f5es de uso<\/p>\n<h3><strong>Programa MOTIVUS (MENTE)<\/strong><\/h3>\n<p><strong><img decoding=\"async\" loading=\"lazy\" class=\" wp-image-39982 alignleft\" src=\"http:\/\/portalfloresnoar.com\/floresnoar\/wp-content\/uploads\/2021\/07\/terapias-em-Olinda-15-300x200.jpg\" alt=\"\" width=\"260\" height=\"173\" srcset=\"https:\/\/portalfloresnoar.com\/floresnoar\/wp-content\/uploads\/2021\/07\/terapias-em-Olinda-15-300x200.jpg 300w, https:\/\/portalfloresnoar.com\/floresnoar\/wp-content\/uploads\/2021\/07\/terapias-em-Olinda-15-768x512.jpg 768w, https:\/\/portalfloresnoar.com\/floresnoar\/wp-content\/uploads\/2021\/07\/terapias-em-Olinda-15-700x467.jpg 700w, https:\/\/portalfloresnoar.com\/floresnoar\/wp-content\/uploads\/2021\/07\/terapias-em-Olinda-15.jpg 1080w\" sizes=\"(max-width: 260px) 100vw, 260px\" \/><\/strong><\/p>\n<p><strong>Indica\u00e7\u00f5es:<\/strong> Enxaqueca, S\u00edndrome do Intestino Irritado, Alergias alimentares, respirat\u00f3rias e\/ou de pele, Gastrite, Impot\u00eancia sexual, entre outras.<\/p>\n<p><strong>Benef\u00edcios:<\/strong> relaxamento, redu\u00e7\u00e3o do estresse, equil\u00edbrio, conforto e clareza mental.<\/p>\n<p><strong>Encontro 1<\/strong><br \/>\n&#8211; Anamnese\u00a0(conversa terap\u00eautica, para coleta de informa\u00e7\u00f5es acerca das raz\u00f5es que motivaram o interesse do cliente em se cuidar)<br \/>\n&#8211; Planejamento dos encontros<br \/>\n&#8211; Sess\u00f5es de Reiki + Cristaloterapia + Cromoterapia<br \/>\n<em>Obs.: Adicionalmente, ser\u00e1 entregue um frasco contendo Florais.<\/em><\/p>\n<p><strong>Encontro 2<\/strong><br \/>\n&#8211; Sess\u00e3o de Acupuntura + Reiki<br \/>\n&#8211; Indica\u00e7\u00e3o de \u00c1sanas (posturas de Yoga)<\/p>\n<p><strong>Encontro 3<\/strong><br \/>\n&#8211; Sess\u00e3o de Pedras Quentes + T\u00e9cnicas de Respira\u00e7\u00e3o + Medita\u00e7\u00e3o guiada<\/p>\n<p><strong>Encontro 4<\/strong><br \/>\n&#8211; Sess\u00e3o de Alinhamento de Chakras com Cristais + sess\u00e3o de Auriculoterapia ou Hidromassagem nos p\u00e9s<br \/>\n&#8211; Indica\u00e7\u00e3o de novos \u00c1sanas<\/p>\n<p><strong>Encontro 5<\/strong><br \/>\n&#8211; Sess\u00e3o de Cromoterapia + Reiki<br \/>\n&#8211; Instru\u00e7\u00f5es para os Banhos Terap\u00eauticos<br \/>\n&#8211; Autoescuta e caderno de auto-observa\u00e7\u00e3o (que ser\u00e1 entregue com informa\u00e7\u00f5es de uso).<\/p>\n<h3><strong>Programa RELIGARE (ALMA)<\/strong><\/h3>\n<p><strong><img decoding=\"async\" loading=\"lazy\" class=\"wp-image-39980 alignleft\" src=\"http:\/\/portalfloresnoar.com\/floresnoar\/wp-content\/uploads\/2021\/07\/terapias-em-Olinda-7-300x200.jpg\" alt=\"\" width=\"260\" height=\"173\" srcset=\"https:\/\/portalfloresnoar.com\/floresnoar\/wp-content\/uploads\/2021\/07\/terapias-em-Olinda-7-300x200.jpg 300w, https:\/\/portalfloresnoar.com\/floresnoar\/wp-content\/uploads\/2021\/07\/terapias-em-Olinda-7-768x512.jpg 768w, https:\/\/portalfloresnoar.com\/floresnoar\/wp-content\/uploads\/2021\/07\/terapias-em-Olinda-7-700x467.jpg 700w, https:\/\/portalfloresnoar.com\/floresnoar\/wp-content\/uploads\/2021\/07\/terapias-em-Olinda-7.jpg 1080w\" sizes=\"(max-width: 260px) 100vw, 260px\" \/>Indica\u00e7\u00f5es:<\/strong>\u00a0medo do desconhecido e da morte, excesso de negatividade, des\u00e2nimo e inadequa\u00e7\u00e3o social, pensamentos confusos e obscuros, desesperan\u00e7a e falta de f\u00e9, culpa e autocensura, libera\u00e7\u00e3o de carmas familiares, reconex\u00e3o com o divino, entre outras.<\/p>\n<p><strong>Benef\u00edcios:\u00a0<\/strong> relaxamento, redu\u00e7\u00e3o do estresse, equil\u00edbrio emocional, mental e energ\u00e9tico.<\/p>\n<p><strong>Encontro 1<\/strong><br \/>\n&#8211; Anamnese (conversa terap\u00eautica, para coleta de informa\u00e7\u00f5es acerca das raz\u00f5es que motivaram o interesse do cliente em se cuidar)<br \/>\n&#8211; Planejamento dos encontros<br \/>\n&#8211; Sess\u00f5es de Reiki<br \/>\n&#8211; Sess\u00e3o de Craniopuntura<br \/>\n<em>Obs.: Adicionalmente, ser\u00e1 entregue um frasco contendo Florais.<\/em><\/p>\n<p><strong>Encontro 2<\/strong><br \/>\n&#8211; Sess\u00e3o de Cristaloterapia + Aromaterapia<br \/>\n&#8211; Indica\u00e7\u00e3o de \u00c1sanas (posturas de Yoga)<\/p>\n<p><strong>Encontro 3<\/strong><br \/>\n&#8211; Sess\u00e3o de Geometria Sagrada com Cristais + Aromaterapia, associada a t\u00e9cnicas de Respira\u00e7\u00e3o.<\/p>\n<p><strong>Encontro 4<\/strong><br \/>\n&#8211; Sess\u00e3o de Medita\u00e7\u00e3o Guiada, aliada \u00e0 recita\u00e7\u00e3o de Mantras<br \/>\n&#8211; Sess\u00e3o de Auriculoterapia ou Hidromassagem nos p\u00e9s<br \/>\n&#8211; Indica\u00e7\u00e3o de novos \u00c1sanas<\/p>\n<p><strong>Encontro 5<\/strong><br \/>\n&#8211; Sess\u00e3o de Eletropuntura + Reiki<br \/>\n&#8211; Instru\u00e7\u00f5es sobre Banhos Terap\u00eauticos<br \/>\n&#8211; Autoescuta do paciente e entrega do Caderno para Auto-observa\u00e7\u00e3o (que ser\u00e1 entregue com informa\u00e7\u00f5es de uso).<\/p>\n<p>SERVI\u00c7O<br \/>\n<strong>Programas Terap\u00eauticos Harmonnizar<\/strong><br \/>\n<strong>Valor de cada programa (incluindo cinco encontros):<\/strong> R$ 650,00 (\u00e0 vista) ou R$ 750,00 (em 3x no cart\u00e3o)<br \/>\n<strong>Local:<\/strong> Espa\u00e7o Tsara de Sarah de Terapias e Estudos Hol\u00edsticos- Rua do Amparo 353, localizado em Olinda\/PE.<\/p>\n<p><strong>AGENDAMENTOS E MAIS INFORMA\u00c7\u00d5ES<\/strong><br \/>\n<strong>WhatsApp:<\/strong> (81) 98541-5184 (Josemir) | (81) 99292-2462 (Catarina)<\/p>\n","protected":false},"excerpt":{"rendered":"<p>&nbsp; Os terapeutas integrativos Catarina Sampaio e Josemir Silva, do projeto Harmonnizar, est\u00e3o oferecendo tr\u00eas programas terap\u00eauticos, com foco na sa\u00fade e bem-estar. Cada programa \u00e9 voltado para harmoniza\u00e7\u00e3o de um dos corpos (f\u00edsico, mental, espiritual). As sess\u00f5es s\u00e3o presenciais e acontecem no Espa\u00e7o Tsara de Sarah, em Olinda\/PE. Os programas re\u00fanem diversas t\u00e9cnicas terap\u00eauticas, [&hellip;]<\/p>\n","protected":false},"author":1,"featured_media":39990,"comment_status":"open","ping_status":"open","sticky":false,"template":"","format":"standard","meta":{"om_disable_all_campaigns":false,"_monsterinsights_skip_tracking":false,"_monsterinsights_sitenote_active":false,"_monsterinsights_sitenote_note":"","_monsterinsights_sitenote_category":0,"footnotes":""},"categories":[8,224,214],"tags":[130,73,1031,645,708,135,84,82,899,37,429,356,127],"acf":[],"publishpress_future_action":{"enabled":false,"date":"1969-12-31 21:00:00","action":"","terms":[],"taxonomy":"","browser_timezone_offset":0},"_links":{"self":[{"href":"https:\/\/portalfloresnoar.com\/floresnoar\/wp-json\/wp\/v2\/posts\/39976"}],"collection":[{"href":"https:\/\/portalfloresnoar.com\/floresnoar\/wp-json\/wp\/v2\/posts"}],"about":[{"href":"https:\/\/portalfloresnoar.com\/floresnoar\/wp-json\/wp\/v2\/types\/post"}],"author":[{"embeddable":true,"href":"https:\/\/portalfloresnoar.com\/floresnoar\/wp-json\/wp\/v2\/users\/1"}],"replies":[{"embeddable":true,"href":"https:\/\/portalfloresnoar.com\/floresnoar\/wp-json\/wp\/v2\/comments?post=39976"}],"version-history":[{"count":0,"href":"https:\/\/portalfloresnoar.com\/floresnoar\/wp-json\/wp\/v2\/posts\/39976\/revisions"}],"wp:featuredmedia":[{"embeddable":true,"href":"https:\/\/portalfloresnoar.com\/floresnoar\/wp-json\/wp\/v2\/media\/39990"}],"wp:attachment":[{"href":"https:\/\/portalfloresnoar.com\/floresnoar\/wp-json\/wp\/v2\/media?parent=39976"}],"wp:term":[{"taxonomy":"category","embeddable":true,"href":"https:\/\/portalfloresnoar.com\/floresnoar\/wp-json\/wp\/v2\/categories?post=39976"},{"taxonomy":"post_tag","embeddable":true,"href":"https:\/\/portalfloresnoar.com\/floresnoar\/wp-json\/wp\/v2\/tags?post=39976"}],"curies":[{"name":"wp","href":"https:\/\/api.w.org\/{rel}","templated":true}]}}