

{"id":39915,"date":"2021-07-01T15:18:12","date_gmt":"2021-07-01T18:18:12","guid":{"rendered":"http:\/\/portalfloresnoar.com\/floresnoar\/?p=39915"},"modified":"2021-07-09T11:32:02","modified_gmt":"2021-07-09T14:32:02","slug":"agenda-nucleo-de-aprofundamento-antroposofico-realiza-ciclo-de-palestras-on-line","status":"publish","type":"post","link":"https:\/\/portalfloresnoar.com\/floresnoar\/agenda-nucleo-de-aprofundamento-antroposofico-realiza-ciclo-de-palestras-on-line\/","title":{"rendered":"[AGENDA] N\u00facleo de Aprofundamento Antropos\u00f3fico realiza Ciclo de Palestras on-line"},"content":{"rendered":"<p><img decoding=\"async\" loading=\"lazy\" class=\"wp-image-39920 aligncenter\" src=\"http:\/\/portalfloresnoar.com\/floresnoar\/wp-content\/uploads\/2021\/07\/ciclo-palestras-antroposofia-695x700.jpg\" alt=\"\" width=\"520\" height=\"524\" srcset=\"https:\/\/portalfloresnoar.com\/floresnoar\/wp-content\/uploads\/2021\/07\/ciclo-palestras-antroposofia-695x700.jpg 695w, https:\/\/portalfloresnoar.com\/floresnoar\/wp-content\/uploads\/2021\/07\/ciclo-palestras-antroposofia-150x150.jpg 150w, https:\/\/portalfloresnoar.com\/floresnoar\/wp-content\/uploads\/2021\/07\/ciclo-palestras-antroposofia-298x300.jpg 298w, https:\/\/portalfloresnoar.com\/floresnoar\/wp-content\/uploads\/2021\/07\/ciclo-palestras-antroposofia-768x774.jpg 768w, https:\/\/portalfloresnoar.com\/floresnoar\/wp-content\/uploads\/2021\/07\/ciclo-palestras-antroposofia-100x100.jpg 100w, https:\/\/portalfloresnoar.com\/floresnoar\/wp-content\/uploads\/2021\/07\/ciclo-palestras-antroposofia.jpg 1024w\" sizes=\"(max-width: 520px) 100vw, 520px\" \/><\/p>\n<p>O N\u00facleo de Aprofundamento Antropos\u00f3fico (NAA) est\u00e1 realizando, at\u00e9 novembro deste ano, um Ciclo de Palestras on-line e ao vivo, com diferentes convidados. Todas as palestras s\u00e3o gravadas e disponibilizadas para quem n\u00e3o conseguir assistir ao vivo.<\/p>\n<p>De acordo com Janise Paiva e Suely Portela, coordenadoras do N\u00facleo e Aprofundamento Antropos\u00f3fico, o ciclo nasceu com a proposta de permear de forma multidisciplinar os fundamentos da Antroposofia e Pedagogia Waldorf, estimulando processos de aprendizagem para a vida e para a educa\u00e7\u00e3o que se entrela\u00e7am e tecem o mundo.<\/p>\n<p>PROGRAMA\u00c7\u00c3O<br \/>\n<strong>* 08\/07, \u00e0s 19h30:<\/strong>\u00a0&#8216;Por uma nova Psicologia do Desenvolvimento&#8217;, com o psic\u00f3logo e pedagogo Josef Yaari, com 35 anos de atua\u00e7\u00e3o na Pedagogia Waldorf.<\/p>\n<p><strong>* 28\/07, \u00e0s 19h30:<\/strong>\u00a0&#8216;Antroposofia, Medita\u00e7\u00e3o e os desafios dos nossos dias&#8217;, com Derblai Sebben.<\/p>\n<p><strong>* 29\/09, \u00e0s 19h30:<\/strong>\u00a0&#8216;A inclus\u00e3o escolar como tarefa contempor\u00e2nea&#8217;, com Vanda Raulino.<\/p>\n<p><strong>* 27\/10, \u00e0s 19h30:<\/strong>\u00a0&#8216;O ser humano, cidad\u00e3o de dois mundos&#8217;, com Paulo Tavares.<\/p>\n<p><strong>* 24\/11, \u00e0s 19h30:<\/strong>\u00a0&#8216;Salutog\u00eanese e Antroposofia&#8217;, com \u00c2ngela Santana.<\/p>\n<p><strong>Valor:<\/strong> R$ 53,00 a palestra individual (ou R$ 220,00 o Ciclo de Palestras, incluindo as 5 palestras que ir\u00e3o acontecer.)<\/p>\n<p><strong>Inscri\u00e7\u00f5es:<\/strong> <a href=\"https:\/\/evento.blinket.com.br\/ciclo-de-platestras\" target=\"_blank\" rel=\"noopener\">https:\/\/evento.blinket.com.br\/ciclo-de-platestras<\/a><\/p>\n<p><em><strong>Obs.:<\/strong>\u00a0Quem n\u00e3o puder assistir a alguma das palestras ao vivo, poder\u00e1 adquirir posteriormente a grava\u00e7\u00e3o.<\/em><\/p>\n<p><strong>MAIS INFORMA\u00c7\u00d5ES<\/strong><br \/>\n<strong>WhatsApp:<\/strong> (81) 9630-9917<br \/>\n<strong>E-mail:<\/strong> nucleoapantroposofico@gmail.com<br \/>\n<strong>Instagram:<\/strong> <a href=\"https:\/\/www.instagram.com\/nucleoapantroposofico\/\" target=\"_blank\" rel=\"noopener\">@nucleoapantroposofico<\/a><\/p>\n","protected":false},"excerpt":{"rendered":"<p>O N\u00facleo de Aprofundamento Antropos\u00f3fico (NAA) est\u00e1 realizando, at\u00e9 novembro deste ano, um Ciclo de Palestras on-line e ao vivo, com diferentes convidados. Todas as palestras s\u00e3o gravadas e disponibilizadas para quem n\u00e3o conseguir assistir ao vivo. De acordo com Janise Paiva e Suely Portela, coordenadoras do N\u00facleo e Aprofundamento Antropos\u00f3fico, o ciclo nasceu com [&hellip;]<\/p>\n","protected":false},"author":1,"featured_media":39964,"comment_status":"open","ping_status":"open","sticky":false,"template":"","format":"standard","meta":{"om_disable_all_campaigns":false,"_monsterinsights_skip_tracking":false,"_monsterinsights_sitenote_active":false,"_monsterinsights_sitenote_note":"","_monsterinsights_sitenote_category":0,"footnotes":""},"categories":[8,224,214],"tags":[23,83,461,115,27],"acf":[],"publishpress_future_action":{"enabled":false,"date":"1969-12-31 21:00:00","action":"","terms":[],"taxonomy":"","browser_timezone_offset":0},"_links":{"self":[{"href":"https:\/\/portalfloresnoar.com\/floresnoar\/wp-json\/wp\/v2\/posts\/39915"}],"collection":[{"href":"https:\/\/portalfloresnoar.com\/floresnoar\/wp-json\/wp\/v2\/posts"}],"about":[{"href":"https:\/\/portalfloresnoar.com\/floresnoar\/wp-json\/wp\/v2\/types\/post"}],"author":[{"embeddable":true,"href":"https:\/\/portalfloresnoar.com\/floresnoar\/wp-json\/wp\/v2\/users\/1"}],"replies":[{"embeddable":true,"href":"https:\/\/portalfloresnoar.com\/floresnoar\/wp-json\/wp\/v2\/comments?post=39915"}],"version-history":[{"count":0,"href":"https:\/\/portalfloresnoar.com\/floresnoar\/wp-json\/wp\/v2\/posts\/39915\/revisions"}],"wp:featuredmedia":[{"embeddable":true,"href":"https:\/\/portalfloresnoar.com\/floresnoar\/wp-json\/wp\/v2\/media\/39964"}],"wp:attachment":[{"href":"https:\/\/portalfloresnoar.com\/floresnoar\/wp-json\/wp\/v2\/media?parent=39915"}],"wp:term":[{"taxonomy":"category","embeddable":true,"href":"https:\/\/portalfloresnoar.com\/floresnoar\/wp-json\/wp\/v2\/categories?post=39915"},{"taxonomy":"post_tag","embeddable":true,"href":"https:\/\/portalfloresnoar.com\/floresnoar\/wp-json\/wp\/v2\/tags?post=39915"}],"curies":[{"name":"wp","href":"https:\/\/api.w.org\/{rel}","templated":true}]}}