

{"id":39888,"date":"2021-06-25T10:38:30","date_gmt":"2021-06-25T13:38:30","guid":{"rendered":"http:\/\/portalfloresnoar.com\/floresnoar\/?p=39888"},"modified":"2021-06-25T10:38:30","modified_gmt":"2021-06-25T13:38:30","slug":"esta-no-ar-o-primeiro-cd-do-boi-marinho","status":"publish","type":"post","link":"https:\/\/portalfloresnoar.com\/floresnoar\/esta-no-ar-o-primeiro-cd-do-boi-marinho\/","title":{"rendered":"Est\u00e1 no ar o primeiro CD do Boi Marinho!"},"content":{"rendered":"<p><iframe loading=\"lazy\" title=\"YouTube video player\" src=\"https:\/\/www.youtube.com\/embed\/ZHeltUUgxHg\" width=\"560\" height=\"315\" frameborder=\"0\" allowfullscreen=\"allowfullscreen\"><\/iframe><\/p>\n<p>&#8216;Deixa o Boi Vadiar&#8217; \u00e9 o nome do primeiro \u00e1lbum do <a href=\"https:\/\/www.instagram.com\/boimarinho\/\" target=\"_blank\" rel=\"noopener\">Boi Marinho<\/a>, que conta com 11 faixas, quase todas toadas tradicionais de Cavalo Marinho com adapta\u00e7\u00f5es de <a href=\"https:\/\/www.instagram.com\/heldervasconcelospoeira\/\" target=\"_blank\" rel=\"noopener\">Helder Vasconcelos<\/a>, exceto as faixas &#8216;Levante da Bandeira&#8217; e &#8216;Marcha do Fim do Mundo&#8217;, que t\u00eam letra e m\u00fasica de Helder. O disco foi realizado com o incentivo da Lei Aldir Blanc \/PE.<\/p>\n<p>&#8220;Esse \u00e1lbum \u00e9 um marco pra nossa brincadeira. Primeiro, porque estamos vivos e produzindo, registrando de forma sint\u00e9tica a m\u00fasica que embalou nosso Boi nesses 20 anos. Segundo, porque abrimos com esse \u00e1lbum uma trilha por onde poderemos desenvolver nossos caminhos nesses anos seguintes. Esperamos que desfrutem, dancem e se alegrem com essa audi\u00e7\u00e3o. E que essa alegria nos d\u00ea for\u00e7a pra essa reviravolta. Vamos banir de vez o mal que insiste em existir. Chegou a hora!&#8221;, diz H\u00e9lder, criador do Boi Marinho.<\/p>\n<p><strong>Deixa o Boi Vadiar (Boi Marinho)<\/strong><\/p>\n<p>01 \u2013 Boa Noite Minha Gente (0:00)<br \/>\n02 \u2013 Levante da Bandeira (2:54)<br \/>\n03 \u2013 Levante do Boi (5:18)<br \/>\n04 \u2013 Malab\u00e1 (8:11)<br \/>\n05 \u2013 Queimar Carv\u00e3o (11:42)<br \/>\n06 \u2013 Abertura (14:22)<br \/>\n07 \u2013 Quando Eu Vim da Bahia (17:36)<br \/>\n08 \u2013 Jerimum (20:05)<br \/>\n09 \u2013 Marcha do Fim do Mundo (22:24)<br \/>\n10 \u2013 Despedida (26:18)<br \/>\n11 \u2013 La Se Vai Amor \/ Apaga a Candeia (28:27)<\/p>\n<p>Dire\u00e7\u00e3o geral, produ\u00e7\u00e3o musical, arranjos, grava\u00e7\u00e3o e edi\u00e7\u00e3o &#8211; Helder Vasconcelos<br \/>\nGrava\u00e7\u00e3o e edi\u00e7\u00e3o \u2013 Johann Brehmer<br \/>\nAssist\u00eancia de grava\u00e7\u00e3o \u2013 Lucas Furtunato<br \/>\nMixagem e masteriza\u00e7\u00e3o \u2013 Eduardo Pinheiro<br \/>\nIlustra\u00e7\u00e3o e Design Gr\u00e1fico \u2013 Nathalia Queiroz<br \/>\nLog\u00edstica de alimenta\u00e7\u00e3o \u2013 Clara Vasconcelos (1\u00aa etapa); Guida Gomes\/Casa Astral (1\u00aa etapa)<\/p>\n<p>Realiza\u00e7\u00e3o \u2013 Terreiro Produ\u00e7\u00f5es<br \/>\nIncentivo \u2013 Lei Aldir Blanc\/Pernambuco<\/p>\n<p>Gravado ao vivo no S\u00edtio de Lula Terra, Ouro Preto, Olinda-PE, entre os dias 4 e 7 de fevereiro de 2021. Na Casa Astral, Recife-PE, entre os dias 1 e 6 de mar\u00e7o de 2021. E no est\u00fadio da Terreiro Produ\u00e7\u00f5es, Recife-PE, entre os dias 7 e 14 de mar\u00e7o de 2021.<\/p>\n<p>Mixado e Masterizado no Megafone Est\u00fadio, Natal-RN, entre os dias 10 de fevereiro de 2021 e 18 de<br \/>\nmaio de 2021.<\/p>\n<p>Todas as faixas s\u00e3o toadas tradicionais de Cavalo Marinho com adapta\u00e7\u00f5es de Helder Vasconcelos, exceto as faixas \u201cLevante da Bandeira\u201d e \u201cMarcha do Fim do Mundo\u201d, que tem letra e m\u00fasica de Helder Vasconcelos.<\/p>\n<p>Helder Vasconcelos \u2013 Bombo, tambor on\u00e7a, tarol, gongu\u00ea, fole de 8 baixos, apito e voz<br \/>\nLucas Furtunato \u2013 Bombo e sax alto<br \/>\nFrancini Barros \u2013 Bombo e coro<br \/>\nMilena S\u00e1 \u2013 Bombo e coro<br \/>\nFrank S\u00f3sthenes \u2013 Bombo<br \/>\nRodrigo F\u00e9lix \u2013 Bombo<br \/>\nJadson Taurino \u2013 Bombo<br \/>\nMarcelo \u2013 Bombo<br \/>\nThom\u00e9 Lemari\u00e9 \u2013 Bombo<br \/>\nCelso Barboza \u2013 Bombo<br \/>\nMatias Barros \u2013 Bombo<br \/>\nPedro \u2013 Bombo<br \/>\nLeonardo \u2013 Bombo<br \/>\nMari\u00e1 Vilar \u2013 Bombo<br \/>\nVictor Barbosa \u2013 Bombo<br \/>\nLaura Tamiana \u2013 Mineiro e coro<br \/>\nJuliane Fuchs \u2013 Mineiro e coro<br \/>\nCarla Ferraz \u2013 Mineiro e coro<br \/>\nNathalia Queiroz \u2013 Mineiro e coro<br \/>\nBruna Pedrosa \u2013 Mineiro e coro<br \/>\nRavi Rocha \u2013 Mineiro<br \/>\nMariana Longman \u2013 Mineiro<br \/>\nMarina Costa Lima \u2013 Mineiro<br \/>\nFernando Alvim \u2013 Mineiro<br \/>\nManuela \u2013 Mineiro<br \/>\nJeanne Duarte \u2013 Mineiro<br \/>\nGlauce Gouveia \u2013 Coro<br \/>\nGustavo Vilar \u2013 Trompete<br \/>\nTarc\u00edsio Justino \u2013 Trompete<br \/>\nGleidson Roberto \u2013 Trombone<br \/>\nNailson Vieira \u2013 Trombone<br \/>\nAlexandre Rodrigues \u2013 Sax bar\u00edtono<br \/>\nZ\u00e9 Maria \u2013 Sanfona<\/p>\n","protected":false},"excerpt":{"rendered":"<p>&#8216;Deixa o Boi Vadiar&#8217; \u00e9 o nome do primeiro \u00e1lbum do Boi Marinho, que conta com 11 faixas, quase todas toadas tradicionais de Cavalo Marinho com adapta\u00e7\u00f5es de Helder Vasconcelos, exceto as faixas &#8216;Levante da Bandeira&#8217; e &#8216;Marcha do Fim do Mundo&#8217;, que t\u00eam letra e m\u00fasica de Helder. O disco foi realizado com o [&hellip;]<\/p>\n","protected":false},"author":1,"featured_media":39889,"comment_status":"open","ping_status":"open","sticky":false,"template":"","format":"standard","meta":{"om_disable_all_campaigns":false,"_monsterinsights_skip_tracking":false,"_monsterinsights_sitenote_active":false,"_monsterinsights_sitenote_note":"","_monsterinsights_sitenote_category":0,"footnotes":""},"categories":[9],"tags":[1027,1026,153,373,31],"acf":[],"publishpress_future_action":{"enabled":false,"date":"1969-12-31 21:00:00","action":"","terms":[],"taxonomy":"","browser_timezone_offset":0},"_links":{"self":[{"href":"https:\/\/portalfloresnoar.com\/floresnoar\/wp-json\/wp\/v2\/posts\/39888"}],"collection":[{"href":"https:\/\/portalfloresnoar.com\/floresnoar\/wp-json\/wp\/v2\/posts"}],"about":[{"href":"https:\/\/portalfloresnoar.com\/floresnoar\/wp-json\/wp\/v2\/types\/post"}],"author":[{"embeddable":true,"href":"https:\/\/portalfloresnoar.com\/floresnoar\/wp-json\/wp\/v2\/users\/1"}],"replies":[{"embeddable":true,"href":"https:\/\/portalfloresnoar.com\/floresnoar\/wp-json\/wp\/v2\/comments?post=39888"}],"version-history":[{"count":0,"href":"https:\/\/portalfloresnoar.com\/floresnoar\/wp-json\/wp\/v2\/posts\/39888\/revisions"}],"wp:featuredmedia":[{"embeddable":true,"href":"https:\/\/portalfloresnoar.com\/floresnoar\/wp-json\/wp\/v2\/media\/39889"}],"wp:attachment":[{"href":"https:\/\/portalfloresnoar.com\/floresnoar\/wp-json\/wp\/v2\/media?parent=39888"}],"wp:term":[{"taxonomy":"category","embeddable":true,"href":"https:\/\/portalfloresnoar.com\/floresnoar\/wp-json\/wp\/v2\/categories?post=39888"},{"taxonomy":"post_tag","embeddable":true,"href":"https:\/\/portalfloresnoar.com\/floresnoar\/wp-json\/wp\/v2\/tags?post=39888"}],"curies":[{"name":"wp","href":"https:\/\/api.w.org\/{rel}","templated":true}]}}