

{"id":39859,"date":"2021-03-30T12:55:01","date_gmt":"2021-03-30T15:55:01","guid":{"rendered":"http:\/\/portalfloresnoar.com\/floresnoar\/?p=39859"},"modified":"2021-08-09T14:14:00","modified_gmt":"2021-08-09T17:14:00","slug":"agenda-cordel-do-tarot-sera-lancado-no-dia-24-de-junho","status":"publish","type":"post","link":"https:\/\/portalfloresnoar.com\/floresnoar\/agenda-cordel-do-tarot-sera-lancado-no-dia-24-de-junho\/","title":{"rendered":"[AGENDA] Cordel do Tarot ser\u00e1 lan\u00e7ado no dia 24 de junho"},"content":{"rendered":"<p><img decoding=\"async\" loading=\"lazy\" class=\"wp-image-39860 aligncenter\" src=\"http:\/\/portalfloresnoar.com\/floresnoar\/wp-content\/uploads\/2021\/06\/cordel-do-tarot-2-700x700.png\" alt=\"\" width=\"490\" height=\"490\" srcset=\"https:\/\/portalfloresnoar.com\/floresnoar\/wp-content\/uploads\/2021\/06\/cordel-do-tarot-2-700x700.png 700w, https:\/\/portalfloresnoar.com\/floresnoar\/wp-content\/uploads\/2021\/06\/cordel-do-tarot-2-150x150.png 150w, https:\/\/portalfloresnoar.com\/floresnoar\/wp-content\/uploads\/2021\/06\/cordel-do-tarot-2-300x300.png 300w, https:\/\/portalfloresnoar.com\/floresnoar\/wp-content\/uploads\/2021\/06\/cordel-do-tarot-2-768x768.png 768w, https:\/\/portalfloresnoar.com\/floresnoar\/wp-content\/uploads\/2021\/06\/cordel-do-tarot-2-100x100.png 100w, https:\/\/portalfloresnoar.com\/floresnoar\/wp-content\/uploads\/2021\/06\/cordel-do-tarot-2.png 1200w\" sizes=\"(max-width: 490px) 100vw, 490px\" \/><\/p>\n<p>A cordelista Luciana Carmen e sua filha, a ilustradora Lua, lan\u00e7am no dia 24 de junho, o Cordel do Tarot, com versos e ilustra\u00e7\u00f5es que contam a jornada dos 22 Arcanos Maiores. Contemplada com recursos da Lei Aldir Blanc em Pernambuco, a publica\u00e7\u00e3o digital &#8211; juntamente com a declama\u00e7\u00e3o em \u00e1udio dos poemas &#8211; ser\u00e1 disponibilizada gratuitamente a partir do dia do lan\u00e7amento, atrav\u00e9s deste link: <a href=\"https:\/\/linktr.ee\/cordeldotarot\" target=\"_blank\" rel=\"noopener\">https:\/\/linktr.ee\/cordeldotarot<\/a><\/p>\n<p>H\u00e1 mais de 20 anos se aventurando no universo do Tarot e h\u00e1 15 anos escrevendo literatura de cordel, Luciana quis unir a magia da antiga arte divinat\u00f3ria \u00e0 linguagem da po\u00e9tica popular nordestina. \u201cConvidei minha filha Lua, que \u00e9 ilustradora, para se juntar a mim neste projeto e ela, com toda sua sensibilidade, entrega, ousadia art\u00edstica, e, acima de tudo, respeito ao Sagrado, se debru\u00e7ou na cria\u00e7\u00e3o das ilustra\u00e7\u00f5es, reencantando as l\u00e2minas do Tarot com a delicadeza e fortaleza dos seus tra\u00e7os \u201d, declara a cordelista.<\/p>\n<p>A narrativa dos 22 Arcanos Maiores comp\u00f5e uma verdadeira jornada do ser humano na Terra, contendo, de forma simb\u00f3lica, os desafios e supera\u00e7\u00f5es vivenciados nesta caminhada. Segundo as autoras, o cordel visa permitir um maior acesso aos conhecimentos do Tarot, instrumento que cada vez vem sendo mais reconhecido como uma rica ferramenta de autoconhecimento e crescimento pessoal.<\/p>\n<p>\u201cO Tarot \u00e9 um espelho que, atrav\u00e9s do poder da sincronicidade, reflete e revela verdades ocultas que est\u00e3o dentro de n\u00f3s mesmas (os). Com os seus encantos e mist\u00e9rios, vejo o Tarot como um sagrado conselheiro\u201d, conta Luciana, que escolheu o estilo \u2018Martelo Agalopado\u2019 para relatar poeticamente a jornada dos 22 Trunfos. A inspira\u00e7\u00e3o para cria\u00e7\u00e3o dos versos veio de estudos, sonhos e viv\u00eancias. Cada Arcano \u00e9 descrito em quatro estrofes, tendo o cordel o total de 88 estrofes de dez versos cada.<\/p>\n<p>Sobre as ilustra\u00e7\u00f5es, Lua diz: \u201cO caminho que segui foi o da inspira\u00e7\u00e3o pela poesia que vi ao longo dos anos nos arredores da vida. Minha grande vontade foi trazer para as personagens as caracter\u00edsticas de uma cultura que misturou as tradi\u00e7\u00f5es milenares, temperadas com a vontade do novo. Quis ver nas cartas os litorais, os agrestes e os sert\u00f5es, que s\u00e3o os cen\u00e1rios encantados dos meus anos\u201d, explica Lua, contando que neste projeto se aventurou pela primeira vez na pintura digital. \u201cDurante todo o processo revisitei os estudos e os versos pra me certificar que o que eu intu\u00eda em tra\u00e7o, luz e sombra, n\u00e3o fugisse da simbologia proposta em cada Arcano, e, assim, me deixei aberta \u00e0 escuta do desconhecido que pedia pra nascer\u201d.<\/p>\n<p>De acordo com as artistas, o pr\u00f3ximo passo, ap\u00f3s o lan\u00e7amento dos Arcanos Maiores, \u00e9 a cria\u00e7\u00e3o dos poemas e ilustra\u00e7\u00f5es dos 56 Arcanos Menores. O intuito das artistas \u00e9, assim que poss\u00edvel, publicar o Cordel do Tarot no formato f\u00edsico.<\/p>\n<p>SERVI\u00c7O<br \/>\n<strong>Lan\u00e7amento do Cordel do Tarot<\/strong><br \/>\n<strong>Data:<\/strong> 24\/06\/2021 (quinta-feira)<br \/>\n<strong>Link de acesso:<\/strong> <a href=\"https:\/\/linktr.ee\/cordeldotarot\" target=\"_blank\" rel=\"noopener\">https:\/\/linktr.ee\/cordeldotarot<\/a><br \/>\n<strong>Instagram do projeto:<\/strong> <a href=\"https:\/\/www.instagram.com\/cordeldotarot\/\" target=\"_blank\" rel=\"noopener\">@cordeldotarot<\/a><\/p>\n<p>CONFIRA ABAIXO ILUSTRA\u00c7\u00c3O DO ARCANO &#8216;O LOUCO&#8217;, E DUAS DAS ESTROFES SOBRE ESTE ANDARILHO SAGRADO!<\/p>\n<p><em><strong>O LOUCO<\/strong><\/em><\/p>\n<figure id=\"attachment_39865\" aria-describedby=\"caption-attachment-39865\" style=\"width: 227px\" class=\"wp-caption alignleft\"><img decoding=\"async\" loading=\"lazy\" class=\"wp-image-39865\" src=\"http:\/\/portalfloresnoar.com\/floresnoar\/wp-content\/uploads\/2021\/06\/O-louco--385x700.png\" alt=\"\" width=\"227\" height=\"412\" srcset=\"https:\/\/portalfloresnoar.com\/floresnoar\/wp-content\/uploads\/2021\/06\/O-louco--385x700.png 385w, https:\/\/portalfloresnoar.com\/floresnoar\/wp-content\/uploads\/2021\/06\/O-louco--165x300.png 165w, https:\/\/portalfloresnoar.com\/floresnoar\/wp-content\/uploads\/2021\/06\/O-louco-.png 500w\" sizes=\"(max-width: 227px) 100vw, 227px\" \/><figcaption id=\"caption-attachment-39865\" class=\"wp-caption-text\">Ilustra\u00e7\u00e3o &#8216;O Louco&#8217;, do Cordel do Tarot<\/figcaption><\/figure>\n<p><em>L\u00e1 vem ele rompendo a madrugada<\/em><br \/>\n<em> Vem entregue e solto no caminho<\/em><br \/>\n<em> A bagagem que tr\u00e1s, t\u00e1 num saquinho<\/em><br \/>\n<em> Anuncia as cores d\u2019 Alvorada<\/em><br \/>\n<em> Segue leve e firme pela estrada<\/em><br \/>\n<em> \u00c9 o curinga do jogo, tem coragem<\/em><br \/>\n<em> Viajante do cosmos, \u00e9 selvagem<\/em><br \/>\n<em> Precipita mudan\u00e7as, vai, confia<\/em><br \/>\n<em> Olha o c\u00e9u, pisa a terra, reinicia<\/em><br \/>\n<em> Ruma livre, sem medo da viagem.<\/em><\/p>\n<p><em>\u00c9 palha\u00e7o, crian\u00e7a, aprendiz<\/em><br \/>\n<em> Andarilho, em busca do al\u00e9m<\/em><br \/>\n<em> Se assume, se joga, segue o bem<\/em><br \/>\n<em> Mira a seta a uma vida mais feliz<\/em><br \/>\n<em> Se conecta \u00e0 for\u00e7a da raiz<\/em><br \/>\n<em> E vagueia voando em liberdade<\/em><br \/>\n<em> Larga as cargas, e toda ansiedade<\/em><br \/>\n<em> Poetiza uma nova inven\u00e7\u00e3o<\/em><br \/>\n<em> Solta a mente e segue o cora\u00e7\u00e3o<\/em><br \/>\n<em> Desapega e vislumbra a imensidade.<\/em><\/p>\n","protected":false},"excerpt":{"rendered":"<p>A cordelista Luciana Carmen e sua filha, a ilustradora Lua, lan\u00e7am no dia 24 de junho, o Cordel do Tarot, com versos e ilustra\u00e7\u00f5es que contam a jornada dos 22 Arcanos Maiores. Contemplada com recursos da Lei Aldir Blanc em Pernambuco, a publica\u00e7\u00e3o digital &#8211; juntamente com a declama\u00e7\u00e3o em \u00e1udio dos poemas &#8211; ser\u00e1 [&hellip;]<\/p>\n","protected":false},"author":1,"featured_media":39861,"comment_status":"open","ping_status":"open","sticky":false,"template":"","format":"standard","meta":{"om_disable_all_campaigns":false,"_monsterinsights_skip_tracking":false,"_monsterinsights_sitenote_active":false,"_monsterinsights_sitenote_note":"","_monsterinsights_sitenote_category":0,"footnotes":""},"categories":[8,214],"tags":[136,448,390,51,296,86],"acf":[],"publishpress_future_action":{"enabled":false,"date":"1969-12-31 21:00:00","action":"","terms":[],"taxonomy":"","browser_timezone_offset":0},"_links":{"self":[{"href":"https:\/\/portalfloresnoar.com\/floresnoar\/wp-json\/wp\/v2\/posts\/39859"}],"collection":[{"href":"https:\/\/portalfloresnoar.com\/floresnoar\/wp-json\/wp\/v2\/posts"}],"about":[{"href":"https:\/\/portalfloresnoar.com\/floresnoar\/wp-json\/wp\/v2\/types\/post"}],"author":[{"embeddable":true,"href":"https:\/\/portalfloresnoar.com\/floresnoar\/wp-json\/wp\/v2\/users\/1"}],"replies":[{"embeddable":true,"href":"https:\/\/portalfloresnoar.com\/floresnoar\/wp-json\/wp\/v2\/comments?post=39859"}],"version-history":[{"count":1,"href":"https:\/\/portalfloresnoar.com\/floresnoar\/wp-json\/wp\/v2\/posts\/39859\/revisions"}],"predecessor-version":[{"id":45774,"href":"https:\/\/portalfloresnoar.com\/floresnoar\/wp-json\/wp\/v2\/posts\/39859\/revisions\/45774"}],"wp:featuredmedia":[{"embeddable":true,"href":"https:\/\/portalfloresnoar.com\/floresnoar\/wp-json\/wp\/v2\/media\/39861"}],"wp:attachment":[{"href":"https:\/\/portalfloresnoar.com\/floresnoar\/wp-json\/wp\/v2\/media?parent=39859"}],"wp:term":[{"taxonomy":"category","embeddable":true,"href":"https:\/\/portalfloresnoar.com\/floresnoar\/wp-json\/wp\/v2\/categories?post=39859"},{"taxonomy":"post_tag","embeddable":true,"href":"https:\/\/portalfloresnoar.com\/floresnoar\/wp-json\/wp\/v2\/tags?post=39859"}],"curies":[{"name":"wp","href":"https:\/\/api.w.org\/{rel}","templated":true}]}}