

{"id":39821,"date":"2021-03-01T12:35:32","date_gmt":"2021-03-01T15:35:32","guid":{"rendered":"http:\/\/portalfloresnoar.com\/floresnoar\/?p=39821"},"modified":"2021-06-28T10:46:08","modified_gmt":"2021-06-28T13:46:08","slug":"agenda-os-10-anos-do-lumen-novum-e-comemorado-com-jornada-nos-dias-18-e-20-de-junho","status":"publish","type":"post","link":"https:\/\/portalfloresnoar.com\/floresnoar\/agenda-os-10-anos-do-lumen-novum-e-comemorado-com-jornada-nos-dias-18-e-20-de-junho\/","title":{"rendered":"[AGENDA] Os 10 anos do Lumen Novum \u00e9 comemorado com Jornada, nos dias 18 e 20 de junho"},"content":{"rendered":"<p><img decoding=\"async\" loading=\"lazy\" class=\"aligncenter wp-image-39826\" src=\"http:\/\/portalfloresnoar.com\/floresnoar\/wp-content\/uploads\/2021\/06\/lumen-novum-10-anos-5-700x700.jpeg\" alt=\"\" width=\"492\" height=\"492\" srcset=\"https:\/\/portalfloresnoar.com\/floresnoar\/wp-content\/uploads\/2021\/06\/lumen-novum-10-anos-5-700x700.jpeg 700w, https:\/\/portalfloresnoar.com\/floresnoar\/wp-content\/uploads\/2021\/06\/lumen-novum-10-anos-5-150x150.jpeg 150w, https:\/\/portalfloresnoar.com\/floresnoar\/wp-content\/uploads\/2021\/06\/lumen-novum-10-anos-5-300x300.jpeg 300w, https:\/\/portalfloresnoar.com\/floresnoar\/wp-content\/uploads\/2021\/06\/lumen-novum-10-anos-5-768x768.jpeg 768w, https:\/\/portalfloresnoar.com\/floresnoar\/wp-content\/uploads\/2021\/06\/lumen-novum-10-anos-5-100x100.jpeg 100w, https:\/\/portalfloresnoar.com\/floresnoar\/wp-content\/uploads\/2021\/06\/lumen-novum-10-anos-5.jpeg 1280w\" sizes=\"(max-width: 492px) 100vw, 492px\" \/><\/p>\n<p>&#8216;Criatividade e v\u00ednculos nos nossos tempos: contribui\u00e7\u00f5es da Psicologia Anal\u00edtica e Arteterapia&#8217;. Este \u00e9 o tema da Jornada que o Lumen Novum est\u00e1 realizando em comemora\u00e7\u00e3o aos 10 anos do espa\u00e7o, oferecendo nos dias 18 e 20 de junho de 2021, uma programa\u00e7\u00e3o incluindo palestra, roda de di\u00e1logo e oficina vivencial, tudo on-line, ao vivo, via plataforma Zoom. As inscri\u00e7\u00f5es est\u00e3o abertas!<\/p>\n<p>&#8220;Desejando ritualizar a celebra\u00e7\u00e3o desta primeira d\u00e9cada, em busca de encurtar as dist\u00e2ncias e alimentar nossos v\u00ednculos-afetos, partilharemos na Jornada o que nos alimenta: reflex\u00f5es e di\u00e1logos da Psicologia Anal\u00edtica e um mergulho criativo no universo das imagens&#8221;, declaram as psic\u00f3logas e arteterapeutas que comp\u00f5em o Lumen Novum.<\/p>\n<p>Nascido do desejo de difundir a Psicologia Anal\u00edtica de Carl Gustav Jung e a Arteterapia, de forma comprometida, consistente e embasada, o Lumen Novum vem ao longo desses 10 anos se firmando como espa\u00e7o de refer\u00eancia em Psicologia Anal\u00edtica, Arteterapia e Soulcollage\u00ae\ufe0f. Atualmente \u00e9 composto por nove integrantes, todas com forma\u00e7\u00e3o em Psicologia Cl\u00ednica e Arteterapia. O espa\u00e7o oferece, al\u00e9m dos atendimentos terap\u00eauticos individuais, grupos de estudos, cursos e supervis\u00e3o com base na abordagem Junguiana, entre outras atividades e servi\u00e7os.<\/p>\n<p><strong>PROGRAMA\u00c7\u00c3O DA JORNADA<\/strong><\/p>\n<p><img decoding=\"async\" loading=\"lazy\" class=\"aligncenter wp-image-39825\" src=\"http:\/\/portalfloresnoar.com\/floresnoar\/wp-content\/uploads\/2021\/06\/lumen-novum-10-anos-4-700x700.jpeg\" alt=\"\" width=\"491\" height=\"491\" srcset=\"https:\/\/portalfloresnoar.com\/floresnoar\/wp-content\/uploads\/2021\/06\/lumen-novum-10-anos-4-700x700.jpeg 700w, https:\/\/portalfloresnoar.com\/floresnoar\/wp-content\/uploads\/2021\/06\/lumen-novum-10-anos-4-150x150.jpeg 150w, https:\/\/portalfloresnoar.com\/floresnoar\/wp-content\/uploads\/2021\/06\/lumen-novum-10-anos-4-300x300.jpeg 300w, https:\/\/portalfloresnoar.com\/floresnoar\/wp-content\/uploads\/2021\/06\/lumen-novum-10-anos-4-768x768.jpeg 768w, https:\/\/portalfloresnoar.com\/floresnoar\/wp-content\/uploads\/2021\/06\/lumen-novum-10-anos-4-100x100.jpeg 100w, https:\/\/portalfloresnoar.com\/floresnoar\/wp-content\/uploads\/2021\/06\/lumen-novum-10-anos-4.jpeg 1280w\" sizes=\"(max-width: 491px) 100vw, 491px\" \/><\/p>\n<p><strong>Palestra:<\/strong> O lugar da criatividade, dos afetos e dos v\u00ednculos na Psicologia Anal\u00edtica, com Isabella Safe e Maddi Dami\u00e3o Jr.<br \/>\n<strong>Data:<\/strong> 18.06.2021 (Sexta-feira)<br \/>\n<strong>Hora:<\/strong> das 19h \u00e0s 21h<\/p>\n<p>&nbsp;<\/p>\n<p><img decoding=\"async\" loading=\"lazy\" class=\"aligncenter wp-image-39822\" src=\"http:\/\/portalfloresnoar.com\/floresnoar\/wp-content\/uploads\/2021\/06\/lumen-novum-10-anos-1-700x700.jpeg\" alt=\"\" width=\"491\" height=\"491\" srcset=\"https:\/\/portalfloresnoar.com\/floresnoar\/wp-content\/uploads\/2021\/06\/lumen-novum-10-anos-1-700x700.jpeg 700w, https:\/\/portalfloresnoar.com\/floresnoar\/wp-content\/uploads\/2021\/06\/lumen-novum-10-anos-1-150x150.jpeg 150w, https:\/\/portalfloresnoar.com\/floresnoar\/wp-content\/uploads\/2021\/06\/lumen-novum-10-anos-1-300x300.jpeg 300w, https:\/\/portalfloresnoar.com\/floresnoar\/wp-content\/uploads\/2021\/06\/lumen-novum-10-anos-1-768x768.jpeg 768w, https:\/\/portalfloresnoar.com\/floresnoar\/wp-content\/uploads\/2021\/06\/lumen-novum-10-anos-1-100x100.jpeg 100w, https:\/\/portalfloresnoar.com\/floresnoar\/wp-content\/uploads\/2021\/06\/lumen-novum-10-anos-1.jpeg 1280w\" sizes=\"(max-width: 491px) 100vw, 491px\" \/><\/p>\n<p><strong>Roda de di\u00e1logo:<\/strong> La\u00e7os afetivos e cultivo de almas: olhares Junguianos, com Alessandra Guimara\u0303es, L\u00edvia Campello, Manuelle Andreani e Sayuri Matsumiya.<br \/>\n<strong>Data:<\/strong> 20.06.2021 (Domingo)<br \/>\n<strong>Hora:<\/strong> 9h30 \u00e0s 11h30<\/p>\n<p>&nbsp;<\/p>\n<p><img decoding=\"async\" loading=\"lazy\" class=\"aligncenter wp-image-39824\" src=\"http:\/\/portalfloresnoar.com\/floresnoar\/wp-content\/uploads\/2021\/06\/lumen-novum-10-anos-3-700x700.jpeg\" alt=\"\" width=\"491\" height=\"491\" srcset=\"https:\/\/portalfloresnoar.com\/floresnoar\/wp-content\/uploads\/2021\/06\/lumen-novum-10-anos-3-700x700.jpeg 700w, https:\/\/portalfloresnoar.com\/floresnoar\/wp-content\/uploads\/2021\/06\/lumen-novum-10-anos-3-150x150.jpeg 150w, https:\/\/portalfloresnoar.com\/floresnoar\/wp-content\/uploads\/2021\/06\/lumen-novum-10-anos-3-300x300.jpeg 300w, https:\/\/portalfloresnoar.com\/floresnoar\/wp-content\/uploads\/2021\/06\/lumen-novum-10-anos-3-768x768.jpeg 768w, https:\/\/portalfloresnoar.com\/floresnoar\/wp-content\/uploads\/2021\/06\/lumen-novum-10-anos-3-100x100.jpeg 100w, https:\/\/portalfloresnoar.com\/floresnoar\/wp-content\/uploads\/2021\/06\/lumen-novum-10-anos-3.jpeg 1280w\" sizes=\"(max-width: 491px) 100vw, 491px\" \/><\/p>\n<p><strong>Oficina de SoulCollage\u00ae:<\/strong> Afetos que inspiram e d\u00e3o suporte ao nosso percurso, com Nath\u00e1lia Tavares, La\u00eds Bitu, Maria Odette Maciel, Nat\u00e1lia Vasconcellos e Fernanda Rabelo.<br \/>\n<strong>Data:<\/strong> 20.06.2021 (Domingo)<br \/>\n<strong>Hora:<\/strong> 14h \u00e0s 16h<\/p>\n<p><strong>INVESTIMENTO (incluindo todos os eventos da Jornada):<\/strong><br \/>\nR$ 60,00 (Profissionais)<br \/>\nR$ 50,00 (Estudantes)<\/p>\n<p><em>Obs.: 20% do valor arrecadado ser\u00e1 doado ao Armaz\u00e9m do Campo.<\/em><\/p>\n<p><strong>INSCRI\u00c7\u00d5ES E MAIS INFORMA\u00c7\u00d5ES:<\/strong><br \/>\n(81) 99659-6131 (WhatsApp)<br \/>\n(81) 3266-3044<\/p>\n","protected":false},"excerpt":{"rendered":"<p>&#8216;Criatividade e v\u00ednculos nos nossos tempos: contribui\u00e7\u00f5es da Psicologia Anal\u00edtica e Arteterapia&#8217;. Este \u00e9 o tema da Jornada que o Lumen Novum est\u00e1 realizando em comemora\u00e7\u00e3o aos 10 anos do espa\u00e7o, oferecendo nos dias 18 e 20 de junho de 2021, uma programa\u00e7\u00e3o incluindo palestra, roda de di\u00e1logo e oficina vivencial, tudo on-line, ao vivo, [&hellip;]<\/p>\n","protected":false},"author":1,"featured_media":39827,"comment_status":"open","ping_status":"open","sticky":false,"template":"","format":"standard","meta":{"om_disable_all_campaigns":false,"_monsterinsights_skip_tracking":false,"_monsterinsights_sitenote_active":false,"_monsterinsights_sitenote_note":"","_monsterinsights_sitenote_category":0,"footnotes":""},"categories":[8,214],"tags":[34,60,81,478,683,148,127],"acf":[],"publishpress_future_action":{"enabled":false,"date":"1969-12-31 21:00:00","action":"","terms":[],"taxonomy":"","browser_timezone_offset":0},"_links":{"self":[{"href":"https:\/\/portalfloresnoar.com\/floresnoar\/wp-json\/wp\/v2\/posts\/39821"}],"collection":[{"href":"https:\/\/portalfloresnoar.com\/floresnoar\/wp-json\/wp\/v2\/posts"}],"about":[{"href":"https:\/\/portalfloresnoar.com\/floresnoar\/wp-json\/wp\/v2\/types\/post"}],"author":[{"embeddable":true,"href":"https:\/\/portalfloresnoar.com\/floresnoar\/wp-json\/wp\/v2\/users\/1"}],"replies":[{"embeddable":true,"href":"https:\/\/portalfloresnoar.com\/floresnoar\/wp-json\/wp\/v2\/comments?post=39821"}],"version-history":[{"count":0,"href":"https:\/\/portalfloresnoar.com\/floresnoar\/wp-json\/wp\/v2\/posts\/39821\/revisions"}],"wp:featuredmedia":[{"embeddable":true,"href":"https:\/\/portalfloresnoar.com\/floresnoar\/wp-json\/wp\/v2\/media\/39827"}],"wp:attachment":[{"href":"https:\/\/portalfloresnoar.com\/floresnoar\/wp-json\/wp\/v2\/media?parent=39821"}],"wp:term":[{"taxonomy":"category","embeddable":true,"href":"https:\/\/portalfloresnoar.com\/floresnoar\/wp-json\/wp\/v2\/categories?post=39821"},{"taxonomy":"post_tag","embeddable":true,"href":"https:\/\/portalfloresnoar.com\/floresnoar\/wp-json\/wp\/v2\/tags?post=39821"}],"curies":[{"name":"wp","href":"https:\/\/api.w.org\/{rel}","templated":true}]}}