

{"id":39784,"date":"2021-06-01T16:18:50","date_gmt":"2021-06-01T19:18:50","guid":{"rendered":"http:\/\/portalfloresnoar.com\/floresnoar\/?p=39784"},"modified":"2021-06-28T10:49:16","modified_gmt":"2021-06-28T13:49:16","slug":"agenda-sessoes-de-frequencias-de-brilho-com-gardenia-fontes","status":"publish","type":"post","link":"https:\/\/portalfloresnoar.com\/floresnoar\/agenda-sessoes-de-frequencias-de-brilho-com-gardenia-fontes\/","title":{"rendered":"[AGENDA] Sess\u00f5es de Frequ\u00eancias de Brilho, com Gard\u00eania Fontes"},"content":{"rendered":"<p>&nbsp;<\/p>\n<figure id=\"attachment_39785\" aria-describedby=\"caption-attachment-39785\" style=\"width: 700px\" class=\"wp-caption alignnone\"><img decoding=\"async\" loading=\"lazy\" class=\"wp-image-39785 size-large\" src=\"http:\/\/portalfloresnoar.com\/floresnoar\/wp-content\/uploads\/2021\/06\/frequencias-de-brilho-no-Recife-700x398.jpg\" alt=\"\" width=\"700\" height=\"398\" srcset=\"https:\/\/portalfloresnoar.com\/floresnoar\/wp-content\/uploads\/2021\/06\/frequencias-de-brilho-no-Recife-700x398.jpg 700w, https:\/\/portalfloresnoar.com\/floresnoar\/wp-content\/uploads\/2021\/06\/frequencias-de-brilho-no-Recife-300x170.jpg 300w, https:\/\/portalfloresnoar.com\/floresnoar\/wp-content\/uploads\/2021\/06\/frequencias-de-brilho-no-Recife-768x436.jpg 768w\" sizes=\"(max-width: 700px) 100vw, 700px\" \/><figcaption id=\"caption-attachment-39785\" class=\"wp-caption-text\">Gard\u00eania Fontes atua como terapeuta energ\u00e9tica h\u00e1 9 anos<\/figcaption><\/figure>\n<p>A terapeuta energ\u00e9tica Gard\u00eania Fontes est\u00e1 oferecendo sess\u00f5es de Frequ\u00eancias de Brilho, tanto presencialmente, no Recife, como tamb\u00e9m a dist\u00e2ncia. O atendimento \u00e9 voltado para pessoas de qualquer idade que estejam precisando de suporte ps\u00edquico e emocional.<\/p>\n<p>&#8220;Frequ\u00eancias de Brilho \u00e9 um sistema terap\u00eautico energ\u00e9tico orientado e ancorado pelas energias de cristais de quartzos e frequ\u00eancias de 4\u00aa e 5\u00aa dimens\u00e3o. O trabalho objetiva a conex\u00e3o do ser com um estado mais puro e leg\u00edtimo de si mesmo, desbloqueia quest\u00f5es emocionais, harmoniza o campo energ\u00e9tico, realinha pensamentos e sentimentos, numa frequ\u00eancia de mais harmonia, ordem, quietude e lucidez&#8221;, explica a terapeuta, informando que uma sess\u00e3o dura entre 1h e 1h15min.<\/p>\n<p>SOBRE A TERAPEUTA<br \/>\nGard\u00eania Fontes \u00e9 terapeuta de Frequ\u00eancias de Brilho, facilitadora em treinamento no m\u00e9todo Pathwork de autoconhecimento, arteterapeuta em forma\u00e7\u00e3o, al\u00e9m de ser graduada em Design de Interiores.<\/p>\n<p>SERVI\u00c7O<br \/>\n<strong>Sess\u00f5es de Frequ\u00eancias de Brilho<\/strong><br \/>\n<strong>Local dos atendimentos presenciais:<\/strong> Cl\u00ednica \u00c1gape &#8211; Rua Desembargador Edmundo Jord\u00e3o, 245, Tamarineira, Recife\/PE<br \/>\n<strong>Valor da sess\u00e3o:<\/strong> R$ 200,00<em>*<\/em><br \/>\n<em>*H\u00e1 abertura para negocia\u00e7\u00e3o do valor<\/em><\/p>\n<p><strong>Obs.:<\/strong> Existe a possibilidade das sess\u00f5es tamb\u00e9m serem feitas a dist\u00e2ncia.<\/p>\n<p>AGENDAMENTOS<br \/>\n<strong>WhatsApp:<\/strong> (81) 97915.5753<br \/>\n<strong>E-mail:<\/strong> gardeniafontes@gmail.com<\/p>\n<p><em>Mais informa\u00e7\u00f5es sobre Frequ\u00eancias de Brilho, neste site: <a href=\"http:\/\/www.frequenciasdebrilho.com.br\/\" target=\"_blank\" rel=\"noopener\">www.frequenciasdebrilho.com.br<\/a><\/em><\/p>\n","protected":false},"excerpt":{"rendered":"<p>&nbsp; A terapeuta energ\u00e9tica Gard\u00eania Fontes est\u00e1 oferecendo sess\u00f5es de Frequ\u00eancias de Brilho, tanto presencialmente, no Recife, como tamb\u00e9m a dist\u00e2ncia. O atendimento \u00e9 voltado para pessoas de qualquer idade que estejam precisando de suporte ps\u00edquico e emocional. &#8220;Frequ\u00eancias de Brilho \u00e9 um sistema terap\u00eautico energ\u00e9tico orientado e ancorado pelas energias de cristais de quartzos [&hellip;]<\/p>\n","protected":false},"author":1,"featured_media":39788,"comment_status":"open","ping_status":"open","sticky":false,"template":"","format":"standard","meta":{"om_disable_all_campaigns":false,"_monsterinsights_skip_tracking":false,"_monsterinsights_sitenote_active":false,"_monsterinsights_sitenote_note":"","_monsterinsights_sitenote_category":0,"footnotes":""},"categories":[8,214],"tags":[325,984,638],"acf":[],"publishpress_future_action":{"enabled":false,"date":"1969-12-31 21:00:00","action":"","terms":[],"taxonomy":"","browser_timezone_offset":0},"_links":{"self":[{"href":"https:\/\/portalfloresnoar.com\/floresnoar\/wp-json\/wp\/v2\/posts\/39784"}],"collection":[{"href":"https:\/\/portalfloresnoar.com\/floresnoar\/wp-json\/wp\/v2\/posts"}],"about":[{"href":"https:\/\/portalfloresnoar.com\/floresnoar\/wp-json\/wp\/v2\/types\/post"}],"author":[{"embeddable":true,"href":"https:\/\/portalfloresnoar.com\/floresnoar\/wp-json\/wp\/v2\/users\/1"}],"replies":[{"embeddable":true,"href":"https:\/\/portalfloresnoar.com\/floresnoar\/wp-json\/wp\/v2\/comments?post=39784"}],"version-history":[{"count":0,"href":"https:\/\/portalfloresnoar.com\/floresnoar\/wp-json\/wp\/v2\/posts\/39784\/revisions"}],"wp:featuredmedia":[{"embeddable":true,"href":"https:\/\/portalfloresnoar.com\/floresnoar\/wp-json\/wp\/v2\/media\/39788"}],"wp:attachment":[{"href":"https:\/\/portalfloresnoar.com\/floresnoar\/wp-json\/wp\/v2\/media?parent=39784"}],"wp:term":[{"taxonomy":"category","embeddable":true,"href":"https:\/\/portalfloresnoar.com\/floresnoar\/wp-json\/wp\/v2\/categories?post=39784"},{"taxonomy":"post_tag","embeddable":true,"href":"https:\/\/portalfloresnoar.com\/floresnoar\/wp-json\/wp\/v2\/tags?post=39784"}],"curies":[{"name":"wp","href":"https:\/\/api.w.org\/{rel}","templated":true}]}}