

{"id":39750,"date":"2021-05-21T20:13:31","date_gmt":"2021-05-21T23:13:31","guid":{"rendered":"http:\/\/portalfloresnoar.com\/floresnoar\/?p=39750"},"modified":"2022-02-22T12:48:25","modified_gmt":"2022-02-22T15:48:25","slug":"canto-de-lu-ze-capitao-do-alem-que-um-dia-nos-dance-forro-de-novo","status":"publish","type":"post","link":"https:\/\/portalfloresnoar.com\/floresnoar\/canto-de-lu-ze-capitao-do-alem-que-um-dia-nos-dance-forro-de-novo\/","title":{"rendered":"[CANTO DE LU] &#8220;Z\u00e9, capit\u00e3o do al\u00e9m, que um dia n\u00f3s dance forr\u00f3 de novo!&#8221;"},"content":{"rendered":"<p>&nbsp;<\/p>\n<figure id=\"attachment_39751\" aria-describedby=\"caption-attachment-39751\" style=\"width: 518px\" class=\"wp-caption aligncenter\"><img decoding=\"async\" loading=\"lazy\" class=\" wp-image-39751\" src=\"http:\/\/portalfloresnoar.com\/floresnoar\/wp-content\/uploads\/2021\/05\/ze-da-macica_foto-camera-3.jpg\" alt=\"\" width=\"518\" height=\"519\" srcset=\"https:\/\/portalfloresnoar.com\/floresnoar\/wp-content\/uploads\/2021\/05\/ze-da-macica_foto-camera-3.jpg 588w, https:\/\/portalfloresnoar.com\/floresnoar\/wp-content\/uploads\/2021\/05\/ze-da-macica_foto-camera-3-150x150.jpg 150w, https:\/\/portalfloresnoar.com\/floresnoar\/wp-content\/uploads\/2021\/05\/ze-da-macica_foto-camera-3-300x300.jpg 300w, https:\/\/portalfloresnoar.com\/floresnoar\/wp-content\/uploads\/2021\/05\/ze-da-macica_foto-camera-3-100x100.jpg 100w\" sizes=\"(max-width: 518px) 100vw, 518px\" \/><figcaption id=\"caption-attachment-39751\" class=\"wp-caption-text\">Foto reproduzida do instagram @macuca.oficial<\/figcaption><\/figure>\n<p>| <em>Por Lu Rabelo*<\/em> |<\/p>\n<p>Hoje a tristeza da imperman\u00eancia me pegou. A ida de Z\u00e9 da Macuca fez minha alma se recordar de momentos t\u00e3o sublimes, de tanta alegria e conex\u00e3o&#8230; Z\u00e9 juntava, \u2018aglomerava\u2019.<\/p>\n<p>Conheci o Boi da Macuca em 1994, acordando o povo no amanhecer do Carnaval de Olinda. Boi, boi, boi booi, boi, boi, boi, boi!<\/p>\n<p>Em 2003 pra 2004, quando tava no Canal Capibaribe, comprei uma filmadora e o primeiro canto que eu fui registrar foi a Festa da Macuca. Fui filmando todo o caminho at\u00e9 l\u00e1, e l\u00e1 me mantive de c\u00e2mera em punho todo o tempo. Entreguei a edi\u00e7\u00e3o da filmagem a Z\u00e9, numa fita VHS, com uma hora de dura\u00e7\u00e3o. Foi uma das primeiras edi\u00e7\u00f5es que fiz na vida, e n\u00e3o conseguia cortar quase nada, achando tudo bom.<\/p>\n<figure id=\"attachment_39753\" aria-describedby=\"caption-attachment-39753\" style=\"width: 276px\" class=\"wp-caption alignleft\"><img decoding=\"async\" loading=\"lazy\" class=\"wp-image-39753\" src=\"http:\/\/portalfloresnoar.com\/floresnoar\/wp-content\/uploads\/2021\/05\/macuca-300x214.jpg\" alt=\"\" width=\"276\" height=\"197\" srcset=\"https:\/\/portalfloresnoar.com\/floresnoar\/wp-content\/uploads\/2021\/05\/macuca-300x214.jpg 300w, https:\/\/portalfloresnoar.com\/floresnoar\/wp-content\/uploads\/2021\/05\/macuca-768x548.jpg 768w, https:\/\/portalfloresnoar.com\/floresnoar\/wp-content\/uploads\/2021\/05\/macuca-700x499.jpg 700w, https:\/\/portalfloresnoar.com\/floresnoar\/wp-content\/uploads\/2021\/05\/macuca.jpg 960w\" sizes=\"(max-width: 276px) 100vw, 276px\" \/><figcaption id=\"caption-attachment-39753\" class=\"wp-caption-text\">Roda de Poesia na Macuca, em 2016. Foto: Aline Marin.<\/figcaption><\/figure>\n<p>Em 2016, o poeta \u00cdcaro \u00c1gua me convidou pra Roda de Poesia na Macuca. Eitaa! S\u00f3 quem tava l\u00e1 sabe dessas lembran\u00e7as.<\/p>\n<p>Soube ontem que Z\u00e9 tava na UTI. Quando na tarde de hoje vi a not\u00edcia da passagem dele, chorei, chorei. Saudade de trechos t\u00e3o alegres e plenos de minha vida, que a ida dele me faz constatar que de fato n\u00e3o ser\u00e3o mais vividos. \u00c9 tamb\u00e9m choro de gratid\u00e3o pela vida bem vivida.<\/p>\n<p>Z\u00e9, capit\u00e3o do al\u00e9m, que um dia n\u00f3s dance forr\u00f3 de novo! E que a cumplicidade no entusiasmo e n\u2019alegria ritme Terra e C\u00e9u.<\/p>\n<p><em>* Lu Rabelo\u00a0\u00e9\u00a0<a href=\"https:\/\/www.facebook.com\/cantadeiralu\" target=\"_blank\" rel=\"noopener\">cantadeira<\/a>, <a href=\"https:\/\/www.instagram.com\/jardimarteterapeutico\/\" target=\"_blank\" rel=\"noopener\">arteterapeuta<\/a>, jornalista e editora do <a href=\"http:\/\/portalfloresnoar.com\/\" target=\"_blank\" rel=\"noopener\">Portal Flores no Ar.<\/a><\/em><\/p>\n","protected":false},"excerpt":{"rendered":"<p>&nbsp; | Por Lu Rabelo* | Hoje a tristeza da imperman\u00eancia me pegou. A ida de Z\u00e9 da Macuca fez minha alma se recordar de momentos t\u00e3o sublimes, de tanta alegria e conex\u00e3o&#8230; Z\u00e9 juntava, \u2018aglomerava\u2019. Conheci o Boi da Macuca em 1994, acordando o povo no amanhecer do Carnaval de Olinda. Boi, boi, boi [&hellip;]<\/p>\n","protected":false},"author":1,"featured_media":39752,"comment_status":"open","ping_status":"open","sticky":false,"template":"","format":"standard","meta":{"om_disable_all_campaigns":false,"_monsterinsights_skip_tracking":false,"_monsterinsights_sitenote_active":false,"_monsterinsights_sitenote_note":"","_monsterinsights_sitenote_category":0,"footnotes":""},"categories":[227,220],"tags":[499,373],"acf":[],"publishpress_future_action":{"enabled":false,"date":"1969-12-31 21:00:00","action":"","terms":[],"taxonomy":"","browser_timezone_offset":0},"_links":{"self":[{"href":"https:\/\/portalfloresnoar.com\/floresnoar\/wp-json\/wp\/v2\/posts\/39750"}],"collection":[{"href":"https:\/\/portalfloresnoar.com\/floresnoar\/wp-json\/wp\/v2\/posts"}],"about":[{"href":"https:\/\/portalfloresnoar.com\/floresnoar\/wp-json\/wp\/v2\/types\/post"}],"author":[{"embeddable":true,"href":"https:\/\/portalfloresnoar.com\/floresnoar\/wp-json\/wp\/v2\/users\/1"}],"replies":[{"embeddable":true,"href":"https:\/\/portalfloresnoar.com\/floresnoar\/wp-json\/wp\/v2\/comments?post=39750"}],"version-history":[{"count":0,"href":"https:\/\/portalfloresnoar.com\/floresnoar\/wp-json\/wp\/v2\/posts\/39750\/revisions"}],"wp:featuredmedia":[{"embeddable":true,"href":"https:\/\/portalfloresnoar.com\/floresnoar\/wp-json\/wp\/v2\/media\/39752"}],"wp:attachment":[{"href":"https:\/\/portalfloresnoar.com\/floresnoar\/wp-json\/wp\/v2\/media?parent=39750"}],"wp:term":[{"taxonomy":"category","embeddable":true,"href":"https:\/\/portalfloresnoar.com\/floresnoar\/wp-json\/wp\/v2\/categories?post=39750"},{"taxonomy":"post_tag","embeddable":true,"href":"https:\/\/portalfloresnoar.com\/floresnoar\/wp-json\/wp\/v2\/tags?post=39750"}],"curies":[{"name":"wp","href":"https:\/\/api.w.org\/{rel}","templated":true}]}}