

{"id":39738,"date":"2021-03-04T10:37:29","date_gmt":"2021-03-04T13:37:29","guid":{"rendered":"http:\/\/portalfloresnoar.com\/floresnoar\/?p=39738"},"modified":"2021-06-20T08:30:57","modified_gmt":"2021-06-20T11:30:57","slug":"agenda-encontros-on-line-isis-e-o-feminino","status":"publish","type":"post","link":"https:\/\/portalfloresnoar.com\/floresnoar\/agenda-encontros-on-line-isis-e-o-feminino\/","title":{"rendered":"[AGENDA] Encontros on-line &#8216;Isis e o Feminino&#8217; t\u00eam in\u00edcio no dia 7\/6"},"content":{"rendered":"<p><img decoding=\"async\" loading=\"lazy\" class=\"wp-image-39764 aligncenter\" src=\"http:\/\/portalfloresnoar.com\/floresnoar\/wp-content\/uploads\/2021\/05\/isis-e-o-feminino-encontros-online-700x700.jpg\" alt=\"\" width=\"488\" height=\"488\" srcset=\"https:\/\/portalfloresnoar.com\/floresnoar\/wp-content\/uploads\/2021\/05\/isis-e-o-feminino-encontros-online-700x700.jpg 700w, https:\/\/portalfloresnoar.com\/floresnoar\/wp-content\/uploads\/2021\/05\/isis-e-o-feminino-encontros-online-150x150.jpg 150w, https:\/\/portalfloresnoar.com\/floresnoar\/wp-content\/uploads\/2021\/05\/isis-e-o-feminino-encontros-online-300x300.jpg 300w, https:\/\/portalfloresnoar.com\/floresnoar\/wp-content\/uploads\/2021\/05\/isis-e-o-feminino-encontros-online-768x768.jpg 768w, https:\/\/portalfloresnoar.com\/floresnoar\/wp-content\/uploads\/2021\/05\/isis-e-o-feminino-encontros-online-100x100.jpg 100w, https:\/\/portalfloresnoar.com\/floresnoar\/wp-content\/uploads\/2021\/05\/isis-e-o-feminino-encontros-online.jpg 1080w\" sizes=\"(max-width: 488px) 100vw, 488px\" \/><\/p>\n<p>O Grupo de Viv\u00eancias, Partilhas e Autoconhecimento &#8216;O Poder Oculto dos Banhos&#8217; abre uma nova temporada de trabalhos e estudos! A partir de junho\/2021, ser\u00e3o realizados encontros on-line com v\u00e1rias convidadas, que partilhar\u00e3o os seus of\u00edcios sagrados com as participantes do grupo.<\/p>\n<p>Abrindo a temporada, no m\u00eas de junho, a terapeuta Sist\u00eamica Helen Peres conduzir\u00e1 um trabalho de despertar e empoderamento da for\u00e7a e magia feminina, com o tema &#8216;Isis e o Feminino&#8217;. Ser\u00e3o quatro encontros on-line, nas segundas-feiras, sempre das 20h \u00e0s 22h.<\/p>\n<p>A terapeuta Helen Peres desenvolveu uma metodologia de trabalho com os Saberes Ancestrais Sist\u00eamicos e, atrav\u00e9s de Mentorias, auxilia na reconstru\u00e7\u00e3o de confian\u00e7a, lastros s\u00f3lidos, postura interna e transpar\u00eancia de pessoas e neg\u00f3cios que est\u00e3o enfrentando dificuldades pessoais, financeiras, profissionais e empresarias.<\/p>\n<p>CONTE\u00daDO PROGRAM\u00c1TICO DOS ENCONTROS &#8211; JUNHO\/2021<\/p>\n<ul>\n<li><strong>Os 4 Arqu\u00e9tipos que aprisionam a psiqu\u00ea feminina <\/strong>&#8211;\u00a0com base na obra de Ana Silvia Serrano: A Escrava, A Meretriz, A Menina e A M\u00e3e Sinistra.<\/li>\n<li><strong>Os\u00edris e o Relacionamento<\/strong> &#8211; \u00cdsis e Os\u00edris, o amor imposs\u00edvel que vai at\u00e9 as \u00faltimas consequ\u00eancias ultrapassando o limiar da morte. Qual o limite das rela\u00e7\u00f5es saud\u00e1veis?<\/li>\n<li>\u00a0<strong>H\u00f3rus e a Maternidade<\/strong> &#8211; A maternidade como forma de perpetuar quem somos, quais as quest\u00f5es que sua ancestralidade feminina enfrentou que podem influenciar as gera\u00e7\u00f5es futuras?<\/li>\n<li><strong>A Alquimista<\/strong> &#8211; Quais s\u00e3os os recursos internos que a minha alquimista interna possui para transformar experi\u00eancias desafiantes em riquezas inestim\u00e1veis?<\/li>\n<\/ul>\n<p>&#8220;Em nossos encontros no grupo crescemos muito ao ouvir com acolhimento e empatia as partilhas de nossas &#8216;hermanas&#8217;, somos espelhos uma das outras e durante as viv\u00eancias oferecemos trabalhos energ\u00e9ticos e sist\u00eamicos que potencializam a profunda transforma\u00e7\u00e3o que ocorre em cada uma de n\u00f3s. Tudo isso regado a muitos banhos de ervas, porque s\u00e3o elas que abrem o nosso portal de comunica\u00e7\u00e3o, promovendo a transcend\u00eancia para esferas mais elevadas onde ocorre, ao mesmo tempo, um mergulho profundo dentro de n\u00f3s, porque na nossa alma encontram-se todas as respostas&#8221;, declara S\u00edlvia Garcia, coordenadora do Grupo &#8216;O Poder Oculto dos Banhos&#8217;.<\/p>\n<p>SERVI\u00c7O<br \/>\n<strong>Encontros on-line \u2018\u00cdsis e o Feminino\u2019<\/strong><br \/>\n<strong>Datas:<\/strong> segundas-feiras do m\u00eas de junho\/2021<br \/>\n<strong>Hora:<\/strong> 20h \u00e0s 22h<br \/>\n<strong>Local:<\/strong> Plataforma on-line de videoconfer\u00eancia<br \/>\n<strong>Valor:<\/strong> R$ 80,00 (inclui os quatro encontros)<\/p>\n<p>INSCRI\u00c7\u00d5ES E MAIS INFORMA\u00c7\u00d5ES<br \/>\n<strong>WhatsApp:<\/strong> (81) 99900.8769<br \/>\n<strong>Instagram:<\/strong>\u00a0<a href=\"https:\/\/www.instagram.com\/silvia.vieira.garcia\/\" target=\"_blank\" rel=\"noopener\">@silvia.vieira.garcia<\/a>\u00a0ou\u00a0<a href=\"https:\/\/www.instagram.com\/helenfperes\/\" target=\"_blank\" rel=\"noopener\">@helenfperes<\/a><\/p>\n","protected":false},"excerpt":{"rendered":"<p>O Grupo de Viv\u00eancias, Partilhas e Autoconhecimento &#8216;O Poder Oculto dos Banhos&#8217; abre uma nova temporada de trabalhos e estudos! A partir de junho\/2021, ser\u00e3o realizados encontros on-line com v\u00e1rias convidadas, que partilhar\u00e3o os seus of\u00edcios sagrados com as participantes do grupo. Abrindo a temporada, no m\u00eas de junho, a terapeuta Sist\u00eamica Helen Peres conduzir\u00e1 [&hellip;]<\/p>\n","protected":false},"author":1,"featured_media":39763,"comment_status":"open","ping_status":"open","sticky":false,"template":"","format":"standard","meta":{"om_disable_all_campaigns":false,"_monsterinsights_skip_tracking":false,"_monsterinsights_sitenote_active":false,"_monsterinsights_sitenote_note":"","_monsterinsights_sitenote_category":0,"footnotes":""},"categories":[8,214],"tags":[532,577,622,22,971],"acf":[],"publishpress_future_action":{"enabled":false,"date":"1969-12-31 21:00:00","action":"","terms":[],"taxonomy":"","browser_timezone_offset":0},"_links":{"self":[{"href":"https:\/\/portalfloresnoar.com\/floresnoar\/wp-json\/wp\/v2\/posts\/39738"}],"collection":[{"href":"https:\/\/portalfloresnoar.com\/floresnoar\/wp-json\/wp\/v2\/posts"}],"about":[{"href":"https:\/\/portalfloresnoar.com\/floresnoar\/wp-json\/wp\/v2\/types\/post"}],"author":[{"embeddable":true,"href":"https:\/\/portalfloresnoar.com\/floresnoar\/wp-json\/wp\/v2\/users\/1"}],"replies":[{"embeddable":true,"href":"https:\/\/portalfloresnoar.com\/floresnoar\/wp-json\/wp\/v2\/comments?post=39738"}],"version-history":[{"count":0,"href":"https:\/\/portalfloresnoar.com\/floresnoar\/wp-json\/wp\/v2\/posts\/39738\/revisions"}],"wp:featuredmedia":[{"embeddable":true,"href":"https:\/\/portalfloresnoar.com\/floresnoar\/wp-json\/wp\/v2\/media\/39763"}],"wp:attachment":[{"href":"https:\/\/portalfloresnoar.com\/floresnoar\/wp-json\/wp\/v2\/media?parent=39738"}],"wp:term":[{"taxonomy":"category","embeddable":true,"href":"https:\/\/portalfloresnoar.com\/floresnoar\/wp-json\/wp\/v2\/categories?post=39738"},{"taxonomy":"post_tag","embeddable":true,"href":"https:\/\/portalfloresnoar.com\/floresnoar\/wp-json\/wp\/v2\/tags?post=39738"}],"curies":[{"name":"wp","href":"https:\/\/api.w.org\/{rel}","templated":true}]}}