

{"id":39736,"date":"2021-02-21T07:59:26","date_gmt":"2021-02-21T10:59:26","guid":{"rendered":"http:\/\/portalfloresnoar.com\/floresnoar\/?p=39736"},"modified":"2021-06-01T16:28:55","modified_gmt":"2021-06-01T19:28:55","slug":"agenda-encontro-on-line-noite-caliente-abordara-o-tema-da-sensualidade-feminina-no-dia-315","status":"publish","type":"post","link":"https:\/\/portalfloresnoar.com\/floresnoar\/agenda-encontro-on-line-noite-caliente-abordara-o-tema-da-sensualidade-feminina-no-dia-315\/","title":{"rendered":"[AGENDA] Encontro On-line &#8216;Noite Caliente&#8217; abordar\u00e1 o tema da sensualidade feminina, no dia 31\/5"},"content":{"rendered":"<p>&nbsp;<\/p>\n<p><img decoding=\"async\" loading=\"lazy\" class=\"wp-image-39740 aligncenter\" src=\"http:\/\/portalfloresnoar.com\/floresnoar\/wp-content\/uploads\/2021\/05\/Noite-Caliente-700x700.jpg\" alt=\"\" width=\"491\" height=\"491\" srcset=\"https:\/\/portalfloresnoar.com\/floresnoar\/wp-content\/uploads\/2021\/05\/Noite-Caliente-700x700.jpg 700w, https:\/\/portalfloresnoar.com\/floresnoar\/wp-content\/uploads\/2021\/05\/Noite-Caliente-150x150.jpg 150w, https:\/\/portalfloresnoar.com\/floresnoar\/wp-content\/uploads\/2021\/05\/Noite-Caliente-300x300.jpg 300w, https:\/\/portalfloresnoar.com\/floresnoar\/wp-content\/uploads\/2021\/05\/Noite-Caliente-768x768.jpg 768w, https:\/\/portalfloresnoar.com\/floresnoar\/wp-content\/uploads\/2021\/05\/Noite-Caliente-100x100.jpg 100w, https:\/\/portalfloresnoar.com\/floresnoar\/wp-content\/uploads\/2021\/05\/Noite-Caliente.jpg 1080w\" sizes=\"(max-width: 491px) 100vw, 491px\" \/><\/p>\n<p style=\"text-align: right;\"><em>&#8220;N\u00e3o viva uma vida reprimida, do contr\u00e1rio, voc\u00ea simplesmente n\u00e3o viver\u00e1.<\/em><br \/>\n<em> Viva uma vida de express\u00e3o, de criatividade, de alegria.<\/em><br \/>\n<em> Viva do modo como Deus gostaria que voc\u00ea vivesse,<\/em><br \/>\n<em> Viva do modo natural.&#8221;<\/em><br \/>\n<em>(OSHO)<\/em><\/p>\n<p>O Grupo de Viv\u00eancias, Partilhas e Autoconhecimento &#8216;O Poder Oculto dos Banhos&#8217;, criado pela terapeuta S\u00edlvia Garcia, recebe no dia 31 de maio de 2021,\u00a0 \u00e0s 20h, a personal trainer e core\u00f3grafa Gabi Siqueira, que facilitar\u00e1 a viv\u00eancia on-line &#8216;Noite Caliente&#8217;, onde ser\u00e1 abordado o tema da sensualidade feminina e o prazer de movimentar o corpo.<\/p>\n<p>&#8220;Nosso corpo foi feito para o movimento, mas, infelizmente, devido \u00e0 nossa realidade atual de n\u00e3o podermos sair para evitar a aglomera\u00e7\u00e3o, nossa liberdade est\u00e1 tolhida e isso ofusca o nosso brilho pela vida, por isso convidei Gabi para estar conosco nesta noite, onde tomaremos consci\u00eancia corporal da nossa sensualidade, criatividade e alegria, atrav\u00e9s dos movimentos propostos por ela, e da troca de experi\u00eancias sobre o assunto&#8221;,\u00a0explica S\u00edlvia.<\/p>\n<p>De acordo com a terapeuta, durante a viv\u00eancia ser\u00e3o tamb\u00e9m\u00a0 utizlizadas ervas que estimulam o prazer pela vida. &#8220;Esta alquimia produzir\u00e1 os horm\u00f4nios que o nosso organismo tanto precisa para combater a depress\u00e3o, a tristeza, a baixa autoestima, a inseguran\u00e7a e todas as doen\u00e7as provindas desse estado melanc\u00f3lico que esse momento planet\u00e1rio est\u00e1 sofrendo&#8221;.<\/p>\n<p>O Grupo de Viv\u00eancias, Partilhas e Autoconhecimento &#8216;O Poder Oculto dos Banhos&#8217; se re\u00fane virtualmente todas as segundas-feiras, das 20h \u00e0s 22h.\u00a0 &#8220;Trabalhamos com medita\u00e7\u00f5es, terapias energ\u00e9ticas, constela\u00e7\u00e3o, exerc\u00edcios sist\u00eamicos, dan\u00e7a&#8230; O grupo \u00e9 composto por mulheres fortes, s\u00e1bias e sens\u00edveis, e est\u00e1 sempre aberto para receber novas integrantes.\u00a0Aprendemos muito nas nossas partilhas umas com as outras e sentimos que juntas caminhamos com mais prazer e determina\u00e7\u00e3o&#8221;<\/p>\n<p>SERVI\u00c7O<br \/>\n<strong>Noite Caliente<\/strong><br \/>\n<strong>Quando:<\/strong>\u00a031\/05\/2021 (segunda-feira)<br \/>\n<strong>Hora:<\/strong>\u00a020h \u00e0s 22h<br \/>\n<strong>Local:<\/strong>\u00a0Plataforma on-line de videoconfer\u00eancia<br \/>\n<strong>Valor:<\/strong>\u00a0R$ 35,00<\/p>\n<p>INSCRI\u00c7\u00d5ES E MAIS INFORMA\u00c7\u00d5ES<br \/>\n<strong>WhatsApp:<\/strong>\u00a0(81) 99900.8769<br \/>\n<strong>Instagram:<\/strong>\u00a0<a href=\"https:\/\/www.instagram.com\/silvia.vieira.garcia\/\" target=\"_blank\" rel=\"noopener\">@silvia.vieira.garcia<\/a><\/p>\n","protected":false},"excerpt":{"rendered":"<p>&nbsp; &#8220;N\u00e3o viva uma vida reprimida, do contr\u00e1rio, voc\u00ea simplesmente n\u00e3o viver\u00e1. Viva uma vida de express\u00e3o, de criatividade, de alegria. Viva do modo como Deus gostaria que voc\u00ea vivesse, Viva do modo natural.&#8221; (OSHO) O Grupo de Viv\u00eancias, Partilhas e Autoconhecimento &#8216;O Poder Oculto dos Banhos&#8217;, criado pela terapeuta S\u00edlvia Garcia, recebe no dia [&hellip;]<\/p>\n","protected":false},"author":1,"featured_media":39741,"comment_status":"open","ping_status":"open","sticky":false,"template":"","format":"standard","meta":{"om_disable_all_campaigns":false,"_monsterinsights_skip_tracking":false,"_monsterinsights_sitenote_active":false,"_monsterinsights_sitenote_note":"","_monsterinsights_sitenote_category":0,"footnotes":""},"categories":[8,214],"tags":[358,22,1019,971],"acf":[],"publishpress_future_action":{"enabled":false,"date":"1969-12-31 21:00:00","action":"","terms":[],"taxonomy":"","browser_timezone_offset":0},"_links":{"self":[{"href":"https:\/\/portalfloresnoar.com\/floresnoar\/wp-json\/wp\/v2\/posts\/39736"}],"collection":[{"href":"https:\/\/portalfloresnoar.com\/floresnoar\/wp-json\/wp\/v2\/posts"}],"about":[{"href":"https:\/\/portalfloresnoar.com\/floresnoar\/wp-json\/wp\/v2\/types\/post"}],"author":[{"embeddable":true,"href":"https:\/\/portalfloresnoar.com\/floresnoar\/wp-json\/wp\/v2\/users\/1"}],"replies":[{"embeddable":true,"href":"https:\/\/portalfloresnoar.com\/floresnoar\/wp-json\/wp\/v2\/comments?post=39736"}],"version-history":[{"count":0,"href":"https:\/\/portalfloresnoar.com\/floresnoar\/wp-json\/wp\/v2\/posts\/39736\/revisions"}],"wp:featuredmedia":[{"embeddable":true,"href":"https:\/\/portalfloresnoar.com\/floresnoar\/wp-json\/wp\/v2\/media\/39741"}],"wp:attachment":[{"href":"https:\/\/portalfloresnoar.com\/floresnoar\/wp-json\/wp\/v2\/media?parent=39736"}],"wp:term":[{"taxonomy":"category","embeddable":true,"href":"https:\/\/portalfloresnoar.com\/floresnoar\/wp-json\/wp\/v2\/categories?post=39736"},{"taxonomy":"post_tag","embeddable":true,"href":"https:\/\/portalfloresnoar.com\/floresnoar\/wp-json\/wp\/v2\/tags?post=39736"}],"curies":[{"name":"wp","href":"https:\/\/api.w.org\/{rel}","templated":true}]}}