

{"id":39694,"date":"2021-02-14T12:02:08","date_gmt":"2021-02-14T15:02:08","guid":{"rendered":"http:\/\/portalfloresnoar.com\/floresnoar\/?p=39694"},"modified":"2021-08-09T14:17:41","modified_gmt":"2021-08-09T17:17:41","slug":"agenda-atendimentos-terapeuticos-com-valores-especiais-de-17-a-31-de-maio","status":"publish","type":"post","link":"https:\/\/portalfloresnoar.com\/floresnoar\/agenda-atendimentos-terapeuticos-com-valores-especiais-de-17-a-31-de-maio\/","title":{"rendered":"[AGENDA] Atendimentos terap\u00eauticos com valores especiais, de 17 a 31 de maio"},"content":{"rendered":"<p><img decoding=\"async\" loading=\"lazy\" class=\" wp-image-39696 aligncenter\" src=\"http:\/\/portalfloresnoar.com\/floresnoar\/wp-content\/uploads\/2021\/05\/terapias-holisticas-recife.jpg\" alt=\"\" width=\"532\" height=\"532\" srcset=\"https:\/\/portalfloresnoar.com\/floresnoar\/wp-content\/uploads\/2021\/05\/terapias-holisticas-recife.jpg 595w, https:\/\/portalfloresnoar.com\/floresnoar\/wp-content\/uploads\/2021\/05\/terapias-holisticas-recife-150x150.jpg 150w, https:\/\/portalfloresnoar.com\/floresnoar\/wp-content\/uploads\/2021\/05\/terapias-holisticas-recife-300x300.jpg 300w, https:\/\/portalfloresnoar.com\/floresnoar\/wp-content\/uploads\/2021\/05\/terapias-holisticas-recife-100x100.jpg 100w\" sizes=\"(max-width: 532px) 100vw, 532px\" \/><\/p>\n<p>Nesta segunda quinzena do m\u00eas de maio de 2021, a terapeuta integrativa Jeanne Duarte est\u00e1 oferecendo atendimentos com valores diferenciados, visando beneficiar mais pessoas. Est\u00e3o sendo disponibilizados atendimentos terap\u00eauticos individuais on-line com ThetaHealing\u00ae, Constela\u00e7\u00f5es Familiares e Florais de Bach.<\/p>\n<p>&#8220;Neste m\u00eas de maio, quando aniversario, agrade\u00e7o ao Criador pela minha vida, por quem eu fui, sou, estou me tornando e por quem posso vir a ser. Agrade\u00e7o pelo meu prop\u00f3sito de terapeuta, que me expande, e que me faz contribuir para o bem-estar, amor e expans\u00e3o de consci\u00eancia a todos (as) que chegam at\u00e9 mim&#8221;, declara Jeanne.<\/p>\n<p>Ela explica que o seu atendimento tem a caracter\u00edstica de ser integrativo. \u201cTrago todo o meu Ser! E cada t\u00e9cnica terap\u00eautica, no fluir do meu atendimento, traz tamb\u00e9m a energia de todas as outras juntas. Mesmo que eu use prioritariamente uma das t\u00e9cnicas terap\u00eauticas, ela traz junto tamb\u00e9m toda a minha forma\u00e7\u00e3o, as sabedorias que eu acessei e que fluem no campo da intui\u00e7\u00e3o, onde eu me abro pra ser habitada, num vislumbre, por uma For\u00e7a Divina que a todos Rege. Esse \u00e9 o meu sagrado of\u00edcio de atender, com muito amor!\u201d<\/p>\n<p><strong>Valores dos atendimentos no per\u00edodo de 17 a 31 de maio de 2021:<\/strong><\/p>\n<p><strong>Valor Social:<\/strong> R$ 130,00<br \/>\n<strong>Valor intermedi\u00e1rio:<\/strong> R$ 170,00<br \/>\n<strong>Valor abundante:<\/strong> R$ 200,00<\/p>\n<p>AGENDAMENTOS E INFORMA\u00c7\u00d5ES<br \/>\n<strong>WhatsApp:<\/strong> (81) 993344135 (Jeanne Duarte)<br \/>\n<strong>Instagram:<\/strong> <a href=\"https:\/\/www.instagram.com\/jeanneduarteflorescer\/\" target=\"_blank\" rel=\"noopener\">@jeanneduarteflorescer<\/a><\/p>\n","protected":false},"excerpt":{"rendered":"<p>Nesta segunda quinzena do m\u00eas de maio de 2021, a terapeuta integrativa Jeanne Duarte est\u00e1 oferecendo atendimentos com valores diferenciados, visando beneficiar mais pessoas. Est\u00e3o sendo disponibilizados atendimentos terap\u00eauticos individuais on-line com ThetaHealing\u00ae, Constela\u00e7\u00f5es Familiares e Florais de Bach. &#8220;Neste m\u00eas de maio, quando aniversario, agrade\u00e7o ao Criador pela minha vida, por quem eu fui, [&hellip;]<\/p>\n","protected":false},"author":1,"featured_media":28152,"comment_status":"open","ping_status":"open","sticky":false,"template":"","format":"standard","meta":{"om_disable_all_campaigns":false,"_monsterinsights_skip_tracking":false,"_monsterinsights_sitenote_active":false,"_monsterinsights_sitenote_note":"","_monsterinsights_sitenote_category":0,"footnotes":""},"categories":[8,214],"tags":[325,302,531,70,648,435,127,286],"acf":[],"publishpress_future_action":{"enabled":false,"date":"1969-12-31 21:00:00","action":"","terms":[],"taxonomy":"","browser_timezone_offset":0},"_links":{"self":[{"href":"https:\/\/portalfloresnoar.com\/floresnoar\/wp-json\/wp\/v2\/posts\/39694"}],"collection":[{"href":"https:\/\/portalfloresnoar.com\/floresnoar\/wp-json\/wp\/v2\/posts"}],"about":[{"href":"https:\/\/portalfloresnoar.com\/floresnoar\/wp-json\/wp\/v2\/types\/post"}],"author":[{"embeddable":true,"href":"https:\/\/portalfloresnoar.com\/floresnoar\/wp-json\/wp\/v2\/users\/1"}],"replies":[{"embeddable":true,"href":"https:\/\/portalfloresnoar.com\/floresnoar\/wp-json\/wp\/v2\/comments?post=39694"}],"version-history":[{"count":0,"href":"https:\/\/portalfloresnoar.com\/floresnoar\/wp-json\/wp\/v2\/posts\/39694\/revisions"}],"wp:featuredmedia":[{"embeddable":true,"href":"https:\/\/portalfloresnoar.com\/floresnoar\/wp-json\/wp\/v2\/media\/28152"}],"wp:attachment":[{"href":"https:\/\/portalfloresnoar.com\/floresnoar\/wp-json\/wp\/v2\/media?parent=39694"}],"wp:term":[{"taxonomy":"category","embeddable":true,"href":"https:\/\/portalfloresnoar.com\/floresnoar\/wp-json\/wp\/v2\/categories?post=39694"},{"taxonomy":"post_tag","embeddable":true,"href":"https:\/\/portalfloresnoar.com\/floresnoar\/wp-json\/wp\/v2\/tags?post=39694"}],"curies":[{"name":"wp","href":"https:\/\/api.w.org\/{rel}","templated":true}]}}