

{"id":39661,"date":"2021-05-13T12:59:28","date_gmt":"2021-05-13T15:59:28","guid":{"rendered":"http:\/\/portalfloresnoar.com\/floresnoar\/?p=39661"},"modified":"2021-07-19T13:00:30","modified_gmt":"2021-07-19T16:00:30","slug":"os-beneficios-da-massagem-em-tempos-pandemicos","status":"publish","type":"post","link":"https:\/\/portalfloresnoar.com\/floresnoar\/os-beneficios-da-massagem-em-tempos-pandemicos\/","title":{"rendered":"[S\u00cdLIVA GARCIA] Os benef\u00edcios da massagem em tempos pand\u00eamicos"},"content":{"rendered":"<figure id=\"attachment_39666\" aria-describedby=\"caption-attachment-39666\" style=\"width: 479px\" class=\"wp-caption aligncenter\"><img decoding=\"async\" loading=\"lazy\" class=\"wp-image-39666\" src=\"http:\/\/portalfloresnoar.com\/floresnoar\/wp-content\/uploads\/2021\/05\/massagem-no-recife_-foto-Gabriel-Melo-700x466.jpg\" alt=\"\" width=\"479\" height=\"319\" srcset=\"https:\/\/portalfloresnoar.com\/floresnoar\/wp-content\/uploads\/2021\/05\/massagem-no-recife_-foto-Gabriel-Melo-700x466.jpg 700w, https:\/\/portalfloresnoar.com\/floresnoar\/wp-content\/uploads\/2021\/05\/massagem-no-recife_-foto-Gabriel-Melo-300x200.jpg 300w, https:\/\/portalfloresnoar.com\/floresnoar\/wp-content\/uploads\/2021\/05\/massagem-no-recife_-foto-Gabriel-Melo-768x511.jpg 768w, https:\/\/portalfloresnoar.com\/floresnoar\/wp-content\/uploads\/2021\/05\/massagem-no-recife_-foto-Gabriel-Melo.jpg 970w\" sizes=\"(max-width: 479px) 100vw, 479px\" \/><figcaption id=\"caption-attachment-39666\" class=\"wp-caption-text\">Foto: Gabriel Melo<\/figcaption><\/figure>\n<p>|\u00a0<em>Por S\u00edlvia Garcia*\u00a0<\/em>|<\/p>\n<p>Nosso corpo \u00e9 um grande arquivo. Nele guardamos mem\u00f3rias uterinas, mem\u00f3rias distantes e recentes. As informa\u00e7\u00f5es guardadas na nossa alma est\u00e3o materializadas no nosso corpo.<\/p>\n<p>Por isso, quando somos tocadas, atrav\u00e9s de massagens, muitos pensamentos e emo\u00e7\u00f5es v\u00eam \u00e0 tona, como prazer, tristeza, medo, tens\u00e3o, conforto&#8230; Cada sess\u00e3o \u00e9 uma experi\u00eancia diferente.<\/p>\n<p>Nesse momento em que estamos privados de fazer muitas coisas das quais gostamos, principalmente sobre a socializa\u00e7\u00e3o, percebo as pessoas muito fragilizadas e tensas. Nossa rotina foi drasticamente interrompida e modificada, e as perdas pessoais de entes queridos partindo devido \u00e0 pandemia nos assombra com o sentimento de luto a todo momento.<\/p>\n<p>Isso tudo afeta diretamente o nosso rendimento criativo com a vida profissional e pessoal. E \u00e9 nesse momento que mais precisamos cuidar da nossa sa\u00fade mental, emocional e espiritual para fortalecer a nossa sa\u00fade integral, podermos vencer esse momento e tamb\u00e9m sermos mais \u00fateis \u00e0s pessoas que nos cercam com um ombro amigo, responsabilidade amorosa e palavras de conforto. Se n\u00e3o estivermos bem, dificilmente seremos \u00fateis a tantas pessoas debilitadas por esta trag\u00e9dia que assola a humanidade.<\/p>\n<p>A massagem realizada com \u00f3leos essenciais de qualidade que transmitem seus poderes terap\u00eauticos e energ\u00e9ticos \u00e9 uma poderosa aliada para a nossa sa\u00fade, revigorando todo o sistema nervoso, linf\u00e1tico e muscular. Traz vitalidade a todo o organismo, levando oxigena\u00e7\u00e3o para a nossa corrente sangu\u00ednea, promovendo um discernimento claro e sereno.<\/p>\n<p>Lembra que iniciei este texto falando da mem\u00f3ria do corpo?<\/p>\n<p>Pois \u00e9, os registros de frustra\u00e7\u00e3o, tristeza e medo que nos permeiam devido a essa pandemia ficar\u00e3o guardados em n\u00f3s pro resto de nossas vidas, por isso cabe a n\u00f3s o autocuidado amoroso e respons\u00e1vel para seguirmos com a nossa exist\u00eancia com qualidade, por n\u00f3s e por todos.<\/p>\n<p><em>* S\u00edlvia Garcia oferece no seu consult\u00f3rio, no Recife, sess\u00f5es de Osho Neo Rebalancing, uma t\u00e9cnica de massagem profunda de libera\u00e7\u00e3o da f\u00e1scia, pel\u00edcula que envolve todos os m\u00fasculos e \u00f3rg\u00e3os do corpo, por onde tamb\u00e9m percorre a energia vital e os meridianos.<\/em><\/p>\n<p><b>CONTATOS<\/b><br \/>\n<strong>WhatsApp:<\/strong>\u00a0(81) 99900.8769<br \/>\n<strong>Instagram:<\/strong>\u00a0@silvia.vieria.garcia<br \/>\n<strong>Local de atendimento:<\/strong>\u00a0Rua do Cupim, 259, sala 203, Gra\u00e7as, Recife\/PE<\/p>\n","protected":false},"excerpt":{"rendered":"<p>|\u00a0Por S\u00edlvia Garcia*\u00a0| Nosso corpo \u00e9 um grande arquivo. Nele guardamos mem\u00f3rias uterinas, mem\u00f3rias distantes e recentes. As informa\u00e7\u00f5es guardadas na nossa alma est\u00e3o materializadas no nosso corpo. Por isso, quando somos tocadas, atrav\u00e9s de massagens, muitos pensamentos e emo\u00e7\u00f5es v\u00eam \u00e0 tona, como prazer, tristeza, medo, tens\u00e3o, conforto&#8230; Cada sess\u00e3o \u00e9 uma experi\u00eancia diferente. [&hellip;]<\/p>\n","protected":false},"author":1,"featured_media":39666,"comment_status":"open","ping_status":"open","sticky":false,"template":"","format":"standard","meta":{"om_disable_all_campaigns":false,"_monsterinsights_skip_tracking":false,"_monsterinsights_sitenote_active":false,"_monsterinsights_sitenote_note":"","_monsterinsights_sitenote_category":0,"footnotes":""},"categories":[220,978],"tags":[73,82,360],"acf":[],"publishpress_future_action":{"enabled":false,"date":"1969-12-31 21:00:00","action":"","terms":[],"taxonomy":"","browser_timezone_offset":0},"_links":{"self":[{"href":"https:\/\/portalfloresnoar.com\/floresnoar\/wp-json\/wp\/v2\/posts\/39661"}],"collection":[{"href":"https:\/\/portalfloresnoar.com\/floresnoar\/wp-json\/wp\/v2\/posts"}],"about":[{"href":"https:\/\/portalfloresnoar.com\/floresnoar\/wp-json\/wp\/v2\/types\/post"}],"author":[{"embeddable":true,"href":"https:\/\/portalfloresnoar.com\/floresnoar\/wp-json\/wp\/v2\/users\/1"}],"replies":[{"embeddable":true,"href":"https:\/\/portalfloresnoar.com\/floresnoar\/wp-json\/wp\/v2\/comments?post=39661"}],"version-history":[{"count":0,"href":"https:\/\/portalfloresnoar.com\/floresnoar\/wp-json\/wp\/v2\/posts\/39661\/revisions"}],"wp:featuredmedia":[{"embeddable":true,"href":"https:\/\/portalfloresnoar.com\/floresnoar\/wp-json\/wp\/v2\/media\/39666"}],"wp:attachment":[{"href":"https:\/\/portalfloresnoar.com\/floresnoar\/wp-json\/wp\/v2\/media?parent=39661"}],"wp:term":[{"taxonomy":"category","embeddable":true,"href":"https:\/\/portalfloresnoar.com\/floresnoar\/wp-json\/wp\/v2\/categories?post=39661"},{"taxonomy":"post_tag","embeddable":true,"href":"https:\/\/portalfloresnoar.com\/floresnoar\/wp-json\/wp\/v2\/tags?post=39661"}],"curies":[{"name":"wp","href":"https:\/\/api.w.org\/{rel}","templated":true}]}}