

{"id":39657,"date":"2021-05-12T09:38:56","date_gmt":"2021-05-12T12:38:56","guid":{"rendered":"http:\/\/portalfloresnoar.com\/floresnoar\/?p=39657"},"modified":"2021-05-13T11:39:54","modified_gmt":"2021-05-13T14:39:54","slug":"silvia-garcia-como-os-banhos-podem-tratar-as-dores-da-alma","status":"publish","type":"post","link":"https:\/\/portalfloresnoar.com\/floresnoar\/silvia-garcia-como-os-banhos-podem-tratar-as-dores-da-alma\/","title":{"rendered":"[S\u00cdLVIA GARCIA] Como os banhos podem tratar as dores da alma"},"content":{"rendered":"<p>&nbsp;<\/p>\n<p><img decoding=\"async\" loading=\"lazy\" class=\"wp-image-39658 aligncenter\" src=\"http:\/\/portalfloresnoar.com\/floresnoar\/wp-content\/uploads\/2021\/05\/banhos-terapeuticos-no-recife-700x700.jpeg\" alt=\"\" width=\"470\" height=\"470\" srcset=\"https:\/\/portalfloresnoar.com\/floresnoar\/wp-content\/uploads\/2021\/05\/banhos-terapeuticos-no-recife-700x700.jpeg 700w, https:\/\/portalfloresnoar.com\/floresnoar\/wp-content\/uploads\/2021\/05\/banhos-terapeuticos-no-recife-150x150.jpeg 150w, https:\/\/portalfloresnoar.com\/floresnoar\/wp-content\/uploads\/2021\/05\/banhos-terapeuticos-no-recife-300x300.jpeg 300w, https:\/\/portalfloresnoar.com\/floresnoar\/wp-content\/uploads\/2021\/05\/banhos-terapeuticos-no-recife-768x768.jpeg 768w, https:\/\/portalfloresnoar.com\/floresnoar\/wp-content\/uploads\/2021\/05\/banhos-terapeuticos-no-recife-100x100.jpeg 100w, https:\/\/portalfloresnoar.com\/floresnoar\/wp-content\/uploads\/2021\/05\/banhos-terapeuticos-no-recife.jpeg 1080w\" sizes=\"(max-width: 470px) 100vw, 470px\" \/><\/p>\n<p>|\u00a0<em>Por S\u00edlvia Garcia\u00a0<\/em>|<\/p>\n<p>O elemento \u00e1gua tem o poder de nos envolver, de nos acolher de maneira t\u00e3o doce e terna como a nossa m\u00e3e. Toda vez que dou banho em algu\u00e9m me sinto um pouco m\u00e3e dessa pessoa.<\/p>\n<p>\u00c9 um momento de intimidade entre as almas e os cora\u00e7\u00f5es. Nesse momento, dores, medos e traumas que nem sempre s\u00e3o identificados conscientemente, est\u00e3o sendo acolhidos amorosamente e lavados.<\/p>\n<p>Os banhos realizados de maneira ritual\u00edstica t\u00eam um poder profundo de transcend\u00eancia, nos levando para uma viagem dentro de n\u00f3s, favorecendo o acesso a conhecimentos escondidos que ao acessarmos desvendam mist\u00e9rios, segredos, confus\u00f5es, indecis\u00e3o, d\u00favidas&#8230;tudo isso com o aux\u00edlio das ervas bem ministradas dentro de cada processo.<\/p>\n<p><em>\u00c9 com esse prop\u00f3sito que ofere\u00e7o os banhos sagrados de diversas maneiras:<\/em><br \/>\n\u2022 Presencial, no bairro das Gra\u00e7as no Recife, com todos os cuidados com a nossa biosseguran\u00e7a mediante a pandemia;<br \/>\n\u2022 Atendimento on-line, tra\u00e7ando a maratona dos banhos de maneira individual, dentro das necessidades de cada cliente, com o acompanhamento terap\u00eautico;<br \/>\n\u2022 Com o <a href=\"http:\/\/portalfloresnoar.com\/floresnoar\/agenda-grupo-on-line-de-vivencias-partilhas-e-autoconhecimento-o-poder-oculto-dos-banhos\/\" target=\"_blank\" rel=\"noopener\">Grupo de Viv\u00eancias, Partilhas e Autoconhecimento<\/a>, de maneira on-line, onde temos o prazer de ouvir os relatos de v\u00e1rias pessoas sobre suas experi\u00eancias e desenvolvemos diversas terapias energ\u00e9ticas e sist\u00eamicas de cura e expans\u00e3o do nosso discernimento mental, emocional e espiritual.<\/p>\n<p>As ervas, quando bem ministradas, t\u00eam uma participa\u00e7\u00e3o fundamental nesse tratamento de sabedoria ancestral, usado em diversas culturas, porque os antigos, que eram mais conectados com a m\u00e3e natureza, sempre vivenciaram as curas das ervas, flores, resinas&#8230;e hoje n\u00f3s bebemos dessa fonte para realizarmos nossas curas e transcend\u00eancias.<\/p>\n<p>A pr\u00e1tica dos banhos terap\u00eauticos s\u00e3o de extrema contribui\u00e7\u00e3o aos transtornos de ansiedade, depress\u00e3o, falta de rumo na vida, falta de f\u00e9 e conex\u00e3o espiritual, dores emocionais sobre solid\u00e3o, tristeza e baixa autoestima&#8230; Os relatos que escuto dos clientes que participam desse tratamento me surpreende e me assegura a oferecer esse trabalho t\u00e3o puro e eficiente.<\/p>\n<p><b>CONTATOS<\/b><br \/>\n<strong>WhatsApp:<\/strong>\u00a0(81) 99900.8769<br \/>\n<strong>Instagram:<\/strong>\u00a0@silvia.vieria.garcia<br \/>\n<strong>Site:<\/strong>\u00a0<a href=\"http:\/\/www.silviagarciaterapeuta.com.br\/\" target=\"_blank\" rel=\"noopener\">http:\/\/www.silviagarciaterapeuta.com.br\/<\/a><br \/>\n<strong>Local de atendimento:<\/strong>\u00a0Rua do Cupim, 259, sala 203, Gra\u00e7as, Recife\/PE<\/p>\n","protected":false},"excerpt":{"rendered":"<p>&nbsp; |\u00a0Por S\u00edlvia Garcia\u00a0| O elemento \u00e1gua tem o poder de nos envolver, de nos acolher de maneira t\u00e3o doce e terna como a nossa m\u00e3e. Toda vez que dou banho em algu\u00e9m me sinto um pouco m\u00e3e dessa pessoa. \u00c9 um momento de intimidade entre as almas e os cora\u00e7\u00f5es. Nesse momento, dores, medos [&hellip;]<\/p>\n","protected":false},"author":1,"featured_media":39658,"comment_status":"open","ping_status":"open","sticky":false,"template":"","format":"standard","meta":{"om_disable_all_campaigns":false,"_monsterinsights_skip_tracking":false,"_monsterinsights_sitenote_active":false,"_monsterinsights_sitenote_note":"","_monsterinsights_sitenote_category":0,"footnotes":""},"categories":[220,978],"tags":[962,75,326],"acf":[],"publishpress_future_action":{"enabled":false,"date":"1969-12-31 21:00:00","action":"","terms":[],"taxonomy":"","browser_timezone_offset":0},"_links":{"self":[{"href":"https:\/\/portalfloresnoar.com\/floresnoar\/wp-json\/wp\/v2\/posts\/39657"}],"collection":[{"href":"https:\/\/portalfloresnoar.com\/floresnoar\/wp-json\/wp\/v2\/posts"}],"about":[{"href":"https:\/\/portalfloresnoar.com\/floresnoar\/wp-json\/wp\/v2\/types\/post"}],"author":[{"embeddable":true,"href":"https:\/\/portalfloresnoar.com\/floresnoar\/wp-json\/wp\/v2\/users\/1"}],"replies":[{"embeddable":true,"href":"https:\/\/portalfloresnoar.com\/floresnoar\/wp-json\/wp\/v2\/comments?post=39657"}],"version-history":[{"count":0,"href":"https:\/\/portalfloresnoar.com\/floresnoar\/wp-json\/wp\/v2\/posts\/39657\/revisions"}],"wp:featuredmedia":[{"embeddable":true,"href":"https:\/\/portalfloresnoar.com\/floresnoar\/wp-json\/wp\/v2\/media\/39658"}],"wp:attachment":[{"href":"https:\/\/portalfloresnoar.com\/floresnoar\/wp-json\/wp\/v2\/media?parent=39657"}],"wp:term":[{"taxonomy":"category","embeddable":true,"href":"https:\/\/portalfloresnoar.com\/floresnoar\/wp-json\/wp\/v2\/categories?post=39657"},{"taxonomy":"post_tag","embeddable":true,"href":"https:\/\/portalfloresnoar.com\/floresnoar\/wp-json\/wp\/v2\/tags?post=39657"}],"curies":[{"name":"wp","href":"https:\/\/api.w.org\/{rel}","templated":true}]}}