

{"id":39605,"date":"2021-05-03T10:00:53","date_gmt":"2021-05-03T13:00:53","guid":{"rendered":"http:\/\/portalfloresnoar.com\/floresnoar\/?p=39605"},"modified":"2021-05-03T10:12:24","modified_gmt":"2021-05-03T13:12:24","slug":"agenda-yoga-yogaterapia-reiki-e-massoterapia-ayurvedica-com-fabiana-jansen","status":"publish","type":"post","link":"https:\/\/portalfloresnoar.com\/floresnoar\/agenda-yoga-yogaterapia-reiki-e-massoterapia-ayurvedica-com-fabiana-jansen\/","title":{"rendered":"[AGENDA] Yoga, Yogaterapia, Reiki e Massoterapia Ayurv\u00e9dica, com Fabiana Jansen"},"content":{"rendered":"<figure id=\"attachment_39606\" aria-describedby=\"caption-attachment-39606\" style=\"width: 530px\" class=\"wp-caption aligncenter\"><img decoding=\"async\" loading=\"lazy\" class=\"wp-image-39606\" src=\"http:\/\/portalfloresnoar.com\/floresnoar\/wp-content\/uploads\/2021\/05\/aulas-de-yoga-recife-e-olinda-700x385.jpeg\" alt=\"\" width=\"530\" height=\"292\" srcset=\"https:\/\/portalfloresnoar.com\/floresnoar\/wp-content\/uploads\/2021\/05\/aulas-de-yoga-recife-e-olinda-700x385.jpeg 700w, https:\/\/portalfloresnoar.com\/floresnoar\/wp-content\/uploads\/2021\/05\/aulas-de-yoga-recife-e-olinda-300x165.jpeg 300w, https:\/\/portalfloresnoar.com\/floresnoar\/wp-content\/uploads\/2021\/05\/aulas-de-yoga-recife-e-olinda-768x422.jpeg 768w, https:\/\/portalfloresnoar.com\/floresnoar\/wp-content\/uploads\/2021\/05\/aulas-de-yoga-recife-e-olinda-672x372.jpeg 672w, https:\/\/portalfloresnoar.com\/floresnoar\/wp-content\/uploads\/2021\/05\/aulas-de-yoga-recife-e-olinda.jpeg 1080w\" sizes=\"(max-width: 530px) 100vw, 530px\" \/><figcaption id=\"caption-attachment-39606\" class=\"wp-caption-text\">Pr\u00e1tica de Yoga conduzida por Fabiana Jansen, no Vale do Catimbau\/PE.\u00a0 Foto: Luan Jansen.<\/figcaption><\/figure>\n<p>Fortalecer a integra\u00e7\u00e3o entre o corpo, a mente e o esp\u00edrito,\u00a0com foco na plenitude de Ser, na sa\u00fade hol\u00edstica e no autoconhecimento, \u00e9 o que prop\u00f5e a\u00a0instrutora de Yoga, yogaterapeuta, reikiana e massoterapeuta ayuv\u00e9dica, Fabiana Jansen,\u00a0 atrav\u00e9s das aulas de Yoga (on-line e presenciais),\u00a0 atendimentos individuais em Yogaterapia, e\u00a0sess\u00f5es de Massoterapia Ayurv\u00e9dica e de Reiki.<\/p>\n<p>&#8220;Este \u00e9 um convite para olhar para dentro de forma ainda mais profunda, especialmente nesse momento t\u00e3o desafiador, com a pandemia, o que acaba intensificando as tens\u00f5es e a ansiedade&#8221;, declara Fabiana.<\/p>\n<p>&#8220;Nas aulas de Yoga e nos atendimentos de Yogaterapia proponho um mergulho na sabedoria milenar do yoga, trazendo um pouco desse universo divino, profundo e vasto, atrav\u00e9s da pr\u00e1tica de asanas (posturas psicof\u00edsicas), pranayamas (controle da energia vital atrav\u00e9s de t\u00e9cnicas de respira\u00e7\u00e3o consciente), mantras, mudras, medita\u00e7\u00e3o, e yoganidra (relaxamento), aliados \u00e0 filosofia&#8221;, informa.<\/p>\n<p>Ela explica que as pr\u00e1ticas do Yoga s\u00e3o tem\u00e1ticas, associadas ao conhecimento do Ayurveda, voltadas para o autoconhecimento, escuta ativa do corpo, estado de presen\u00e7a e conex\u00e3o interior, em busca da sa\u00fade integral equilibrada e no mergulho no Ser.<\/p>\n<figure id=\"attachment_39607\" aria-describedby=\"caption-attachment-39607\" style=\"width: 298px\" class=\"wp-caption alignright\"><img decoding=\"async\" loading=\"lazy\" class=\"wp-image-39607\" src=\"http:\/\/portalfloresnoar.com\/floresnoar\/wp-content\/uploads\/2021\/05\/massoterapia-ayurvedica-com-fabiana-jansen-700x525.jpeg\" alt=\"\" width=\"298\" height=\"224\" srcset=\"https:\/\/portalfloresnoar.com\/floresnoar\/wp-content\/uploads\/2021\/05\/massoterapia-ayurvedica-com-fabiana-jansen-700x525.jpeg 700w, https:\/\/portalfloresnoar.com\/floresnoar\/wp-content\/uploads\/2021\/05\/massoterapia-ayurvedica-com-fabiana-jansen-300x225.jpeg 300w, https:\/\/portalfloresnoar.com\/floresnoar\/wp-content\/uploads\/2021\/05\/massoterapia-ayurvedica-com-fabiana-jansen-768x576.jpeg 768w, https:\/\/portalfloresnoar.com\/floresnoar\/wp-content\/uploads\/2021\/05\/massoterapia-ayurvedica-com-fabiana-jansen-160x120.jpeg 160w, https:\/\/portalfloresnoar.com\/floresnoar\/wp-content\/uploads\/2021\/05\/massoterapia-ayurvedica-com-fabiana-jansen.jpeg 1280w\" sizes=\"(max-width: 298px) 100vw, 298px\" \/><figcaption id=\"caption-attachment-39607\" class=\"wp-caption-text\">Sess\u00e3o de Massoterapia Ayurv\u00e9dica. Foto: Thays Medusa.<\/figcaption><\/figure>\n<p>J\u00e1 as sess\u00f5es de Massoterapia Ayurv\u00e9dica t\u00eam por objetivos liberar dores, tens\u00f5es, toxinas, energias bloqueadas, e at\u00e9 mem\u00f3rias e emo\u00e7\u00f5es que ficam armazenadas no corpo denso.\u00a0&#8220;A massoterapia \u00e9 uma importante t\u00e9cnica da medicina ayurveda indiana, sendo muito utilizada para reequilibrar a nossa sa\u00fade de forma integral, por meio do toque terap\u00eautico mais vigoroso no corpo, massageando-o com as m\u00e3os, cotovelos e\/ou p\u00e9s, com o uso de \u00f3leos vegetais prensados a frio e \u00f3leos essenciais.&#8221;<\/p>\n<p>&#8220;S\u00e3o muitos benef\u00edcios, dentre os quais, o est\u00edmulo \u00e0 circula\u00e7\u00e3o sangu\u00ednea, da linfa e fluidos corporais, promovendo maior oxigena\u00e7\u00e3o das c\u00e9lulas, circula\u00e7\u00e3o de prana (energia vital), acalmando o sistema nervoso, al\u00e9m de estimular o sistema imunol\u00f3gico, reequilibrando os doshas Vatta, Pitta e Kapha&#8221;, declara a massoterapeuta, explicando que o dosha \u00e9 a constitui\u00e7\u00e3o psicof\u00edsica\/bioenerg\u00e9tica de cada pessoa, formada a partir da combina\u00e7\u00e3o dos Pancha Maha Bhutas, que s\u00e3o cinco grandes elementos da natureza (terra, \u00e1gua, fogo, ar, \u00e9ter).<\/p>\n<p><strong>AULAS DE YOGA ON-LINE<\/strong><br \/>\nAs aulas de yoga on-line acontecem via plataforma Zoom, e s\u00e3o gravadas e disponibilizadas, apenas para alunes, no canal do <a href=\"https:\/\/www.youtube.com\/user\/FJ2012PE\" target=\"_blank\" rel=\"noopener\">Youtube Fabiana Jansen Yoga.<\/a><\/p>\n<p>Caso n\u00e3o possa fazer a aula ao vivo ou queira refazer a pr\u00e1tica, h\u00e1 tamb\u00e9m a possibilidade de repor em outro dia e hor\u00e1rio. Os valores s\u00e3o promocionais, com possibilidades de desconto e de negocia\u00e7\u00e3o.<\/p>\n<p><em><strong>Dias e hor\u00e1rios:<\/strong><\/em><br \/>\nTer\u00e7a &#8211; 9h \u00e0s 10h; 16h \u00e0s 17h; 17h45 \u00e0s 18h45<br \/>\nQuarta &#8211; 7h \u00e0s 8h;<br \/>\nQuinta &#8211; 9h \u00e0s 10h; 17h45 \u00e0s 18h45<br \/>\nSexta &#8211; 7h \u00e0s 8h<\/p>\n<p><strong>AULAS DE YOGA PRESENCIAIS<\/strong><br \/>\nAs aulas de yoga presencial t\u00eam acontecido com todo o cuidado, respeitando os protocolos de biosseguran\u00e7a. As aulas acontecem em dois espa\u00e7os, nos seguintes hor\u00e1rios:<\/p>\n<p><strong>Vidya Espa\u00e7o de Yoga<\/strong> &#8211; na Rua das Pernambucanas, 282, Gra\u00e7as, Recife\/PE<br \/>\nTurma 1: segundas e quartas-feiras, das 16h \u00e0s 17h<br \/>\nTurma 2: segundas e quartas-feiras, das 17h30 \u00e0s 18h30<\/p>\n<p><strong>Centro de Cultura Luiz Freire<\/strong> &#8211; na Rua 27 de janeiro, 181, Carmo, Olinda\/PE.<br \/>\nTurma 1: ter\u00e7as e quintas-feiras, de 7h \u00e0s 8h15<br \/>\nTurma 2: ter\u00e7as-feiras, de 19h15 \u00e0s 20h30, e sextas-feiras de 17h \u00e0s 18h15.<\/p>\n<p><strong>YOGATERAPIA<\/strong><br \/>\n<em><strong>Local das consultas:<\/strong><\/em> Rua Ladeira\u00a0da Miseric\u00f3rdia, 155, no S\u00edtio Hist\u00f3rico de Olinda\/PE.<\/p>\n<p>Yogaterapia \u00e9 uma terapia atrav\u00e9s do Yoga, com asanas, pranayamas, mantras, mudras, medita\u00e7\u00e3o e yoganidra, espec\u00edfica para atender as necessidades da pessoa, a partir de uma anamnese, visando harmonizar corpo-mente-esp\u00edrito. As sess\u00f5es s\u00e3o individuais com hor\u00e1rio a ser combinado, podendo ser on-line ou presencial.<\/p>\n<p><strong>MASSOTERAPIA AYUV\u00c9DICA E REIKI<\/strong><br \/>\n<em><strong>Local dos atendimentos:<\/strong> <\/em>Rua Ladeira\u00a0da Miseric\u00f3rdia, 155, no S\u00edtio Hist\u00f3rico de Olinda\/PE.<\/p>\n<p>Uma sess\u00e3o de massoterapia ayurv\u00e9dica dura cerca de 1h30 e de reiki de 40 min a 1h. Os valores s\u00e3o promocionais, com possibilidades de pacotes que tornam a terapia ainda mais acess\u00edvel. O espa\u00e7o \u00e9 amplo e arejado, com uma linda vista do Alto da S\u00e9. E as sess\u00f5es seguem com todo o cuidado respeitando os protocolos de biosseguran\u00e7a.<\/p>\n<p><em><strong>Dias e hor\u00e1rios:<\/strong><\/em><br \/>\nSegundas &#8211; entre 8h e 14h<br \/>\nTer\u00e7as &#8211; entre 10h30 e 14h30<br \/>\nQuartas &#8211; entre 9h30 e 15h<br \/>\nQuintas &#8211; entre 10h30 e 15h30<br \/>\nSextas &#8211; entre 9h e 12h<br \/>\nS\u00e1bados &#8211; entre 9h e 16h<\/p>\n<p><strong>AGENDAMENTOS E MAIS INFORMA\u00c7\u00d5ES<\/strong><br \/>\n<strong>WhatsApp:<\/strong> (81) 99740.9898<br \/>\n<strong>Instagram:<\/strong> <a href=\"https:\/\/www.instagram.com\/fabiana.jansen.yoga\/\" target=\"_blank\" rel=\"noopener\">@fabiana.jansen.yoga<\/a><\/p>\n<p><em><strong>Obs.:<\/strong> As pessoas interessadas em conhecer a pr\u00e1tica de Yoga com Fabiana Jansen podem agendar uma aula experimental\u00a0 gratuita (on-line ou presencial).<\/em><\/p>\n","protected":false},"excerpt":{"rendered":"<p>Fortalecer a integra\u00e7\u00e3o entre o corpo, a mente e o esp\u00edrito,\u00a0com foco na plenitude de Ser, na sa\u00fade hol\u00edstica e no autoconhecimento, \u00e9 o que prop\u00f5e a\u00a0instrutora de Yoga, yogaterapeuta, reikiana e massoterapeuta ayuv\u00e9dica, Fabiana Jansen,\u00a0 atrav\u00e9s das aulas de Yoga (on-line e presenciais),\u00a0 atendimentos individuais em Yogaterapia, e\u00a0sess\u00f5es de Massoterapia Ayurv\u00e9dica e de Reiki. [&hellip;]<\/p>\n","protected":false},"author":1,"featured_media":39608,"comment_status":"open","ping_status":"open","sticky":false,"template":"","format":"standard","meta":{"om_disable_all_campaigns":false,"_monsterinsights_skip_tracking":false,"_monsterinsights_sitenote_active":false,"_monsterinsights_sitenote_note":"","_monsterinsights_sitenote_category":0,"footnotes":""},"categories":[8,224,214],"tags":[325,345,114,803,360,1017,37,21,165],"acf":[],"publishpress_future_action":{"enabled":false,"date":"1969-12-31 21:00:00","action":"","terms":[],"taxonomy":"","browser_timezone_offset":0},"_links":{"self":[{"href":"https:\/\/portalfloresnoar.com\/floresnoar\/wp-json\/wp\/v2\/posts\/39605"}],"collection":[{"href":"https:\/\/portalfloresnoar.com\/floresnoar\/wp-json\/wp\/v2\/posts"}],"about":[{"href":"https:\/\/portalfloresnoar.com\/floresnoar\/wp-json\/wp\/v2\/types\/post"}],"author":[{"embeddable":true,"href":"https:\/\/portalfloresnoar.com\/floresnoar\/wp-json\/wp\/v2\/users\/1"}],"replies":[{"embeddable":true,"href":"https:\/\/portalfloresnoar.com\/floresnoar\/wp-json\/wp\/v2\/comments?post=39605"}],"version-history":[{"count":0,"href":"https:\/\/portalfloresnoar.com\/floresnoar\/wp-json\/wp\/v2\/posts\/39605\/revisions"}],"wp:featuredmedia":[{"embeddable":true,"href":"https:\/\/portalfloresnoar.com\/floresnoar\/wp-json\/wp\/v2\/media\/39608"}],"wp:attachment":[{"href":"https:\/\/portalfloresnoar.com\/floresnoar\/wp-json\/wp\/v2\/media?parent=39605"}],"wp:term":[{"taxonomy":"category","embeddable":true,"href":"https:\/\/portalfloresnoar.com\/floresnoar\/wp-json\/wp\/v2\/categories?post=39605"},{"taxonomy":"post_tag","embeddable":true,"href":"https:\/\/portalfloresnoar.com\/floresnoar\/wp-json\/wp\/v2\/tags?post=39605"}],"curies":[{"name":"wp","href":"https:\/\/api.w.org\/{rel}","templated":true}]}}