

{"id":39601,"date":"2021-03-03T12:25:54","date_gmt":"2021-03-03T15:25:54","guid":{"rendered":"http:\/\/portalfloresnoar.com\/floresnoar\/?p=39601"},"modified":"2021-08-09T14:18:58","modified_gmt":"2021-08-09T17:18:58","slug":"agenda-jornada-onirica-investigando-o-sonhar-com-drica-ayub","status":"publish","type":"post","link":"https:\/\/portalfloresnoar.com\/floresnoar\/agenda-jornada-onirica-investigando-o-sonhar-com-drica-ayub\/","title":{"rendered":"[AGENDA] &#8216;Jornada On\u00edrica &#8211; Investigando o Sonhar&#8217;, com Drica Ayub"},"content":{"rendered":"<p><img decoding=\"async\" loading=\"lazy\" class=\"aligncenter wp-image-39603\" src=\"http:\/\/portalfloresnoar.com\/floresnoar\/wp-content\/uploads\/2021\/05\/investigando-os-sonhos-.jpg\" alt=\"\" width=\"516\" height=\"516\" srcset=\"https:\/\/portalfloresnoar.com\/floresnoar\/wp-content\/uploads\/2021\/05\/investigando-os-sonhos-.jpg 700w, https:\/\/portalfloresnoar.com\/floresnoar\/wp-content\/uploads\/2021\/05\/investigando-os-sonhos--150x150.jpg 150w, https:\/\/portalfloresnoar.com\/floresnoar\/wp-content\/uploads\/2021\/05\/investigando-os-sonhos--300x300.jpg 300w, https:\/\/portalfloresnoar.com\/floresnoar\/wp-content\/uploads\/2021\/05\/investigando-os-sonhos--100x100.jpg 100w\" sizes=\"(max-width: 516px) 100vw, 516px\" \/><\/p>\n<p>Depois de muitos anos anotando, recebendo e sentindo recados preciosos do mundo do sonhar, a terapeuta e artista Drica Ayub, h\u00e1 dois anos, vem se dedicando a pesquisar e estudar os sonhos de forma te\u00f3rica, emp\u00edrica e experimental. A partir deste mergulho, Drica est\u00e1 oferecendo a &#8216;Jornada On\u00edrica&#8217;, onde ela conduz a sonhadora ou o sonhador num caminho de muitas descobertas de si e da pot\u00eancia do sonhar.<\/p>\n<p>A Jornada On\u00edrica \u00e9 composta por quatro encontros tem\u00e1ticos individuais, on-line, cada um com dura\u00e7\u00e3o de uma hora e meia, via plataforma Zoom. Com o intuito de aprofundar a pesquisa e tamb\u00e9m ofertar seus conhecimentos e sabedoria, Drica alia suas outras ferramentas &#8211; principalmente as ligadas ao corpo em movimento e suas sensa\u00e7\u00f5es, medita\u00e7\u00e3o e pr\u00e1ticas expressivas &#8211; neste trabalho de mergulho profundo no mundo do sonhar.<\/p>\n<p><strong><em>Na Jornada s\u00e3o trabalhados os seguintes temas:<\/em><\/strong><br \/>\n&#8211; Sonho e Autoconhecimento<br \/>\n&#8211; Sonho e o Mist\u00e9rio<br \/>\n&#8211; Sonho e Ancestralidade<br \/>\n&#8211; Sonho e Criatividade<\/p>\n<figure id=\"attachment_39618\" aria-describedby=\"caption-attachment-39618\" style=\"width: 300px\" class=\"wp-caption alignleft\"><img decoding=\"async\" loading=\"lazy\" class=\"wp-image-39618 size-medium\" src=\"http:\/\/portalfloresnoar.com\/floresnoar\/wp-content\/uploads\/2021\/05\/drica-ayub-300x226.png\" alt=\"\" width=\"300\" height=\"226\" srcset=\"https:\/\/portalfloresnoar.com\/floresnoar\/wp-content\/uploads\/2021\/05\/drica-ayub-300x226.png 300w, https:\/\/portalfloresnoar.com\/floresnoar\/wp-content\/uploads\/2021\/05\/drica-ayub-768x579.png 768w, https:\/\/portalfloresnoar.com\/floresnoar\/wp-content\/uploads\/2021\/05\/drica-ayub-700x527.png 700w, https:\/\/portalfloresnoar.com\/floresnoar\/wp-content\/uploads\/2021\/05\/drica-ayub-160x120.png 160w, https:\/\/portalfloresnoar.com\/floresnoar\/wp-content\/uploads\/2021\/05\/drica-ayub.png 900w\" sizes=\"(max-width: 300px) 100vw, 300px\" \/><figcaption id=\"caption-attachment-39618\" class=\"wp-caption-text\">Drica Ayub nos \u00faltimos anos vem se dedicando a pesquisar e estudar os sonhos de forma te\u00f3rica, emp\u00edrica e experimental.<\/figcaption><\/figure>\n<p>Na Jornada On\u00edrica, Drica d\u00e1 as m\u00e3os \u00e0 sonhadora (ou sonhador), e os leva a portais que est\u00e3o dentro deles <em>mesmes<\/em>, possibilitando o di\u00e1logo com o Grande Mist\u00e9rio e com a pr\u00f3pria sabedoria. Por ser um trabalho individual, o participante pode levar quest\u00f5es espec\u00edficas para serem vistas e trabalhadas. Segundo ela, h\u00e1 tamb\u00e9m a possibilidade de atendimentos individuais pontuais ou continuados, onde podem ser desbravados os s\u00edmbolos e desejos apresentados pelo inconsciente.<\/p>\n<p>&#8220;Os sonhos t\u00eam ganhado muita visibilidade na pandemia. Talvez pelo fato de estarmos mais em casa e muitas pessoas estarem dormindo mais; talvez por eles terem ficado mais intensos ou at\u00e9 pelo fato de muita gente t\u00e1 parando para se observar mais e, consequentemente, observar as narrativas noturnas. De qualquer forma, esse tema tem sido amplamente falado e pesquisado por terapeutas, artistas, cientistas e p\u00fablico em geral. De fato, os sonhos despertam curiosidade em n\u00f3s por falar do Mist\u00e9rio; do N\u00e3o Saber&#8221;, reflete Drica, que fez v\u00e1rios cursos sobre o tema, inclusive com Sidarta Ribeiro, Jos\u00e9 Balestrini, Kaka Xer\u00e1 e Nelson Job, passando, ainda, por outros cursos, dentro do universo da Psicologia Anal\u00edtica.<\/p>\n<p>Drica lembra que, &#8220;para Carl G. Jung, os sonhos s\u00e3o pontes diretas para o inconsciente, onde, atrav\u00e9s de met\u00e1foras, podemos ter acesso \u00e0 sua linguagem, e com isso, abrir portas importantes e essenciais no nosso processo de individua\u00e7\u00e3o&#8221;. J\u00e1 Sidarta Ribeiro, neurocientista do Instituto do C\u00e9rebro da UFRN e autor do livro &#8216;O or\u00e1culo da noite&#8217;, diz que &#8216;o sonho, se n\u00e3o \u00e9 real, pode influenciar o curso da realidade&#8217;. &#8220;Quem nunca acordou transtornado por conta de um sonho e todo o dia seguinte teve forte influ\u00eancia desse sonho? Ou um sonho que fez com que voc\u00ea tomasse uma grande decis\u00e3o na sua vida&#8230;&#8221;, questiona Drica.<\/p>\n<p>&#8220;Para muitas tradi\u00e7\u00f5es ancestrais, o sonho \u00e9 tido como or\u00e1culo, como guia na materialidade cotidiana, como fonte de saberes ou, pelo menos, como elemento essencial de contato consigo mesmo. \u00c9 por meio dos sonhos que muitos xam\u00e3s recebem conhecimentos da Narureza e do mundo invis\u00edvel. Os sonhos, sem d\u00favida, influenciaram de modo decisivo a cultura de povos e tamb\u00e9m a pr\u00f3pria evolu\u00e7\u00e3o da humanidade. Ele pode ser considerado o embri\u00e3o do xamanismo, tatarav\u00f4 da religi\u00e3o, medicina e filosofia. Stanley Krippner nos abre para a percep\u00e7\u00e3o de que todo sonhador tem uma pitada de xam\u00e3, porque entra em contato com o misterioso e, para Jung, com o numinoso&#8221;.<\/p>\n<p><strong>CIRANDA DE SONHAR<\/strong> &#8211;\u00a0No dia 17 de maio, Drica Ayub lan\u00e7ar\u00e1 o perfil no Instagram @ciranda.de.sonhar, que trar\u00e1 conte\u00fados direcionados ao mundo on\u00edrico e informa\u00e7\u00f5es espec\u00edficas sobre os atendimentos, grupos e cursos com a tem\u00e1tica dos sonhos.<\/p>\n<p>J\u00e1 em 20 e 27 de maio, Drica far\u00e1 lives em seu perfil ( <a href=\"https:\/\/www.instagram.com\/drica.ayub\/\" target=\"_blank\" rel=\"noopener\">@drica.ayub<\/a> ) para falar mais sobre seu trabalho e sobre o pr\u00f3prio tema com convidadas especiais, tirando d\u00favidas e trazendo viv\u00eancias e informa\u00e7\u00f5es.<\/p>\n<p>No dia 28, haver\u00e1 um novo encontro, desta vez pela plataforma Zoom (inscri\u00e7\u00f5es gratuitas pelo sympla \u2013 o link ser\u00e1 disponibilizados nas bio dos perfis @ciranda.de.sonhar e @drica.ayub ) com investiga\u00e7\u00f5es corporais, escritas e afins. Este evento marcar\u00e1 o lan\u00e7amento do curso &#8216;Ciranda de Sonhar&#8217;, que acontecer\u00e1 \u00e0s quintas-feiras do m\u00eas de junho\/2021.<\/p>\n<p>SERVI\u00c7O<br \/>\n<strong>Jornada On\u00edrica, com Drica Ayub<\/strong><br \/>\n4 Encontros individuais (as datas ser\u00e3o combinadas com cada participante)<br \/>\nDura\u00e7\u00e3o: 1 hora e 30 min (cada encontro)<br \/>\nLocal: Plataforma de videoconfer\u00eancia Zoom<br \/>\nInvestimento: R$ 440,00<\/p>\n<p><strong>INSCRI\u00c7\u00d5ES E MAIS INFORMA\u00c7\u00d5ES<\/strong><br \/>\n<strong>Fone\/ Zap:<\/strong> (81) 998117770<br \/>\n<strong>Instagram:<\/strong> <a href=\"https:\/\/www.instagram.com\/drica.ayub\/\" target=\"_blank\" rel=\"noopener\">@drica.ayub<\/a><br \/>\n<strong>E-mail:<\/strong> drica.ayub@gmail.com<\/p>\n","protected":false},"excerpt":{"rendered":"<p>Depois de muitos anos anotando, recebendo e sentindo recados preciosos do mundo do sonhar, a terapeuta e artista Drica Ayub, h\u00e1 dois anos, vem se dedicando a pesquisar e estudar os sonhos de forma te\u00f3rica, emp\u00edrica e experimental. A partir deste mergulho, Drica est\u00e1 oferecendo a &#8216;Jornada On\u00edrica&#8217;, onde ela conduz a sonhadora ou o [&hellip;]<\/p>\n","protected":false},"author":1,"featured_media":39602,"comment_status":"open","ping_status":"open","sticky":false,"template":"","format":"standard","meta":{"om_disable_all_campaigns":false,"_monsterinsights_skip_tracking":false,"_monsterinsights_sitenote_active":false,"_monsterinsights_sitenote_note":"","_monsterinsights_sitenote_category":0,"footnotes":""},"categories":[8,214],"tags":[850,176,304],"acf":[],"publishpress_future_action":{"enabled":false,"date":"1969-12-31 21:00:00","action":"","terms":[],"taxonomy":"","browser_timezone_offset":0},"_links":{"self":[{"href":"https:\/\/portalfloresnoar.com\/floresnoar\/wp-json\/wp\/v2\/posts\/39601"}],"collection":[{"href":"https:\/\/portalfloresnoar.com\/floresnoar\/wp-json\/wp\/v2\/posts"}],"about":[{"href":"https:\/\/portalfloresnoar.com\/floresnoar\/wp-json\/wp\/v2\/types\/post"}],"author":[{"embeddable":true,"href":"https:\/\/portalfloresnoar.com\/floresnoar\/wp-json\/wp\/v2\/users\/1"}],"replies":[{"embeddable":true,"href":"https:\/\/portalfloresnoar.com\/floresnoar\/wp-json\/wp\/v2\/comments?post=39601"}],"version-history":[{"count":0,"href":"https:\/\/portalfloresnoar.com\/floresnoar\/wp-json\/wp\/v2\/posts\/39601\/revisions"}],"wp:featuredmedia":[{"embeddable":true,"href":"https:\/\/portalfloresnoar.com\/floresnoar\/wp-json\/wp\/v2\/media\/39602"}],"wp:attachment":[{"href":"https:\/\/portalfloresnoar.com\/floresnoar\/wp-json\/wp\/v2\/media?parent=39601"}],"wp:term":[{"taxonomy":"category","embeddable":true,"href":"https:\/\/portalfloresnoar.com\/floresnoar\/wp-json\/wp\/v2\/categories?post=39601"},{"taxonomy":"post_tag","embeddable":true,"href":"https:\/\/portalfloresnoar.com\/floresnoar\/wp-json\/wp\/v2\/tags?post=39601"}],"curies":[{"name":"wp","href":"https:\/\/api.w.org\/{rel}","templated":true}]}}