

{"id":39579,"date":"2021-08-15T05:57:46","date_gmt":"2021-08-15T08:57:46","guid":{"rendered":"http:\/\/portalfloresnoar.com\/floresnoar\/?p=39579"},"modified":"2021-09-03T09:10:14","modified_gmt":"2021-09-03T12:10:14","slug":"agenda-atendimentos-terapeuticos-com-silvia-garcia-no-recife","status":"publish","type":"post","link":"https:\/\/portalfloresnoar.com\/floresnoar\/agenda-atendimentos-terapeuticos-com-silvia-garcia-no-recife\/","title":{"rendered":"[AGENDA] Atendimentos terap\u00eauticos com S\u00edlvia Garcia, no Recife"},"content":{"rendered":"<figure id=\"attachment_39582\" aria-describedby=\"caption-attachment-39582\" style=\"width: 243px\" class=\"wp-caption alignleft\"><img decoding=\"async\" loading=\"lazy\" class=\"wp-image-39582\" src=\"http:\/\/portalfloresnoar.com\/floresnoar\/wp-content\/uploads\/2021\/04\/terapia-holistica-no-recife-467x700.jpg\" alt=\"\" width=\"243\" height=\"365\" srcset=\"https:\/\/portalfloresnoar.com\/floresnoar\/wp-content\/uploads\/2021\/04\/terapia-holistica-no-recife-467x700.jpg 467w, https:\/\/portalfloresnoar.com\/floresnoar\/wp-content\/uploads\/2021\/04\/terapia-holistica-no-recife-200x300.jpg 200w, https:\/\/portalfloresnoar.com\/floresnoar\/wp-content\/uploads\/2021\/04\/terapia-holistica-no-recife.jpg 700w\" sizes=\"(max-width: 243px) 100vw, 243px\" \/><figcaption id=\"caption-attachment-39582\" class=\"wp-caption-text\">Foto: Gabriel Gomes de Melo<\/figcaption><\/figure>\n<p>&nbsp;<\/p>\n<p>A terapeuta Integrativa Sist\u00eamica S\u00edlvia Garcia retomou os atendimentos presenciais, no seu consult\u00f3rio, localizado no bairro das Gra\u00e7as, no Recife. As consultas s\u00e3o individuais e todos os protocolos de preven\u00e7\u00e3o \u00e0 Covid-19 est\u00e3o sendo cumpridos. Al\u00e9m das consultas presenciais, a terapeuta continua tamb\u00e9m atendendo virtualmente.<\/p>\n<p>No local de atendimento, S\u00edlvia tamb\u00e9m oferece os Banhos Terap\u00eauticos, al\u00e9m de uma gama de terapias que visam fortalecer todo o sistema imunol\u00f3gico, como tamb\u00e9m proporcionar o al\u00edvio das dores f\u00edsicas e emocionais.<\/p>\n<p>&nbsp;<\/p>\n<figure id=\"attachment_39584\" aria-describedby=\"caption-attachment-39584\" style=\"width: 300px\" class=\"wp-caption alignright\"><img decoding=\"async\" loading=\"lazy\" class=\"wp-image-39584 size-medium\" src=\"http:\/\/portalfloresnoar.com\/floresnoar\/wp-content\/uploads\/2021\/04\/banhos-terapeuticos-no-recife-300x300.jpeg\" alt=\"\" width=\"300\" height=\"300\" srcset=\"https:\/\/portalfloresnoar.com\/floresnoar\/wp-content\/uploads\/2021\/04\/banhos-terapeuticos-no-recife-300x300.jpeg 300w, https:\/\/portalfloresnoar.com\/floresnoar\/wp-content\/uploads\/2021\/04\/banhos-terapeuticos-no-recife-150x150.jpeg 150w, https:\/\/portalfloresnoar.com\/floresnoar\/wp-content\/uploads\/2021\/04\/banhos-terapeuticos-no-recife-768x768.jpeg 768w, https:\/\/portalfloresnoar.com\/floresnoar\/wp-content\/uploads\/2021\/04\/banhos-terapeuticos-no-recife-700x700.jpeg 700w, https:\/\/portalfloresnoar.com\/floresnoar\/wp-content\/uploads\/2021\/04\/banhos-terapeuticos-no-recife-100x100.jpeg 100w, https:\/\/portalfloresnoar.com\/floresnoar\/wp-content\/uploads\/2021\/04\/banhos-terapeuticos-no-recife.jpeg 1080w\" sizes=\"(max-width: 300px) 100vw, 300px\" \/><figcaption id=\"caption-attachment-39584\" class=\"wp-caption-text\">Foto: S\u00edlvia Garcia<\/figcaption><\/figure>\n<p><strong>TERAPIAS OFERECIDAS<\/strong><br \/>\n\u2022 Aromaterapia<br \/>\n\u2022 Banhos Terap\u00eauticos<br \/>\n\u2022 Barras de Access\u00ae<br \/>\n\u2022 Cone Hindu, Metodologia Emilyn Hasbeni\u00ae<br \/>\n\u2022 Cuidado Energ\u00e9tico do seu Pet com o uso da Radiestesia<br \/>\n\u2022 Fitoenerg\u00e9tica<br \/>\n\u2022 Floral<br \/>\n\u2022 Harmoniza\u00e7\u00e3o de Ambientes com o uso da Radiestesia<br \/>\n\u2022 Leitura dos Registros Ak\u00e1shicos somado a Apometria<br \/>\n\u2022 Osho Neo-Rebalancing (Massagem Profunda)<br \/>\n\u2022 Processos Corporais de Access\u00ae<br \/>\n\u2022 Reiki<br \/>\n\u2022 Thetahealing\u00ae<\/p>\n<p><strong>AGENDAMENTO DE CONSULTAS E MAIS INFORMA\u00c7\u00d5ES<\/strong><br \/>\n<strong>WhatsApp:<\/strong> (81) 99900.8769<br \/>\n<strong>Instagram:<\/strong> @silvia.vieira.garcia<br \/>\n<strong>Local de atendimento:<\/strong> Rua do Cupim, 259, sala 203, Gra\u00e7as, Recife\/PE<\/p>\n<p>&nbsp;<\/p>\n","protected":false},"excerpt":{"rendered":"<p>&nbsp; A terapeuta Integrativa Sist\u00eamica S\u00edlvia Garcia retomou os atendimentos presenciais, no seu consult\u00f3rio, localizado no bairro das Gra\u00e7as, no Recife. As consultas s\u00e3o individuais e todos os protocolos de preven\u00e7\u00e3o \u00e0 Covid-19 est\u00e3o sendo cumpridos. Al\u00e9m das consultas presenciais, a terapeuta continua tamb\u00e9m atendendo virtualmente. No local de atendimento, S\u00edlvia tamb\u00e9m oferece os Banhos [&hellip;]<\/p>\n","protected":false},"author":1,"featured_media":39580,"comment_status":"open","ping_status":"open","sticky":false,"template":"","format":"standard","meta":{"om_disable_all_campaigns":false,"_monsterinsights_skip_tracking":false,"_monsterinsights_sitenote_active":false,"_monsterinsights_sitenote_note":"","_monsterinsights_sitenote_category":0,"footnotes":""},"categories":[8,224,214],"tags":[73,962,902,75,326,37,127],"acf":[],"publishpress_future_action":{"enabled":false,"date":"1969-12-31 21:00:00","action":"","terms":[],"taxonomy":"","browser_timezone_offset":0},"_links":{"self":[{"href":"https:\/\/portalfloresnoar.com\/floresnoar\/wp-json\/wp\/v2\/posts\/39579"}],"collection":[{"href":"https:\/\/portalfloresnoar.com\/floresnoar\/wp-json\/wp\/v2\/posts"}],"about":[{"href":"https:\/\/portalfloresnoar.com\/floresnoar\/wp-json\/wp\/v2\/types\/post"}],"author":[{"embeddable":true,"href":"https:\/\/portalfloresnoar.com\/floresnoar\/wp-json\/wp\/v2\/users\/1"}],"replies":[{"embeddable":true,"href":"https:\/\/portalfloresnoar.com\/floresnoar\/wp-json\/wp\/v2\/comments?post=39579"}],"version-history":[{"count":0,"href":"https:\/\/portalfloresnoar.com\/floresnoar\/wp-json\/wp\/v2\/posts\/39579\/revisions"}],"wp:featuredmedia":[{"embeddable":true,"href":"https:\/\/portalfloresnoar.com\/floresnoar\/wp-json\/wp\/v2\/media\/39580"}],"wp:attachment":[{"href":"https:\/\/portalfloresnoar.com\/floresnoar\/wp-json\/wp\/v2\/media?parent=39579"}],"wp:term":[{"taxonomy":"category","embeddable":true,"href":"https:\/\/portalfloresnoar.com\/floresnoar\/wp-json\/wp\/v2\/categories?post=39579"},{"taxonomy":"post_tag","embeddable":true,"href":"https:\/\/portalfloresnoar.com\/floresnoar\/wp-json\/wp\/v2\/tags?post=39579"}],"curies":[{"name":"wp","href":"https:\/\/api.w.org\/{rel}","templated":true}]}}