

{"id":39508,"date":"2021-04-15T10:56:55","date_gmt":"2021-04-15T13:56:55","guid":{"rendered":"http:\/\/portalfloresnoar.com\/floresnoar\/?p=39508"},"modified":"2021-04-15T10:56:55","modified_gmt":"2021-04-15T13:56:55","slug":"agenda-os-banhos-de-maio-refletindo-sobre-os-arquetipos-femininos-com-silvia-garcia","status":"publish","type":"post","link":"https:\/\/portalfloresnoar.com\/floresnoar\/agenda-os-banhos-de-maio-refletindo-sobre-os-arquetipos-femininos-com-silvia-garcia\/","title":{"rendered":"[AGENDA] &#8216;Os Banhos de Maio &#8211; Refletindo sobre os Arqu\u00e9tipos Femininos&#8217;, com S\u00edlvia Garcia"},"content":{"rendered":"<p><img decoding=\"async\" loading=\"lazy\" class=\"wp-image-39509 aligncenter\" src=\"http:\/\/portalfloresnoar.com\/floresnoar\/wp-content\/uploads\/2021\/04\/banhos-com-silvia-garcia-700x700.jpeg\" alt=\"\" width=\"515\" height=\"515\" \/><\/p>\n<p>No m\u00eas de maio o Grupo de Viv\u00eancias, Partilhas e Autoconhecimento &#8216;O Poder Oculto dos Banhos&#8217; vai refletir sobre os arqu\u00e9tipos femininos. Ser\u00e3o quatro encontros on-line\u00a0nas segundas-feiras do m\u00eas de maio, das 20h \u00e0s 22h.<\/p>\n<p>&#8220;Al\u00e9m das nossas viv\u00eancias transcendentes que cada banho com ervas oferece, mergulharemos na rela\u00e7\u00e3o m\u00edstica que envolve:\u00a0Mulher,\u00a0Maio,\u00a0Noivas,\u00a0Deusas, M\u00e3e,\u00a0Maria,\u00a0Maria Madalena&#8230;, assim como a sabedoria de nossas\u00a0av\u00f3s, bisav\u00f3s, tatarav\u00f3s&#8230;que faziam das ervas suas aliadas naturais.&#8221;<\/p>\n<p>SERVI\u00c7O<br \/>\n<strong>Os Banhos de Maio &#8211; Refletindo sobre os Arqu\u00e9tipos Femininos\u00a0<\/strong><br \/>\n<strong>Quando:<\/strong>\u00a0segundas-feiras do m\u00eas de maio<br \/>\n<strong>Hora:<\/strong>\u00a020h \u00e0s 22h<br \/>\n<strong>Local:<\/strong>\u00a0Plataforma on-line de videoconfer\u00eancia<br \/>\n<strong>Mensalidade:<\/strong>\u00a0R$ 80,00<\/p>\n<p>INSCRI\u00c7\u00d5ES E MAIS INFORMA\u00c7\u00d5ES<br \/>\n<strong>WhatsApp:<\/strong>\u00a0(81) 99900.8769<br \/>\n<strong>Instagram:<\/strong>\u00a0<a href=\"https:\/\/www.instagram.com\/silvia.vieira.garcia\/\" target=\"_blank\" rel=\"noopener\">@silvia.vieira.garcia<\/a><\/p>\n","protected":false},"excerpt":{"rendered":"<p>No m\u00eas de maio o Grupo de Viv\u00eancias, Partilhas e Autoconhecimento &#8216;O Poder Oculto dos Banhos&#8217; vai refletir sobre os arqu\u00e9tipos femininos. Ser\u00e3o quatro encontros on-line\u00a0nas segundas-feiras do m\u00eas de maio, das 20h \u00e0s 22h. &#8220;Al\u00e9m das nossas viv\u00eancias transcendentes que cada banho com ervas oferece, mergulharemos na rela\u00e7\u00e3o m\u00edstica que envolve:\u00a0Mulher,\u00a0Maio,\u00a0Noivas,\u00a0Deusas, M\u00e3e,\u00a0Maria,\u00a0Maria Madalena&#8230;, assim [&hellip;]<\/p>\n","protected":false},"author":1,"featured_media":39511,"comment_status":"open","ping_status":"open","sticky":false,"template":"","format":"standard","meta":{"om_disable_all_campaigns":false,"_monsterinsights_skip_tracking":false,"_monsterinsights_sitenote_active":false,"_monsterinsights_sitenote_note":"","_monsterinsights_sitenote_category":0,"footnotes":""},"categories":[8,224,214],"tags":[962,137,22,238],"acf":[],"publishpress_future_action":{"enabled":false,"date":"1969-12-31 21:00:00","action":"","terms":[],"taxonomy":"","browser_timezone_offset":0},"_links":{"self":[{"href":"https:\/\/portalfloresnoar.com\/floresnoar\/wp-json\/wp\/v2\/posts\/39508"}],"collection":[{"href":"https:\/\/portalfloresnoar.com\/floresnoar\/wp-json\/wp\/v2\/posts"}],"about":[{"href":"https:\/\/portalfloresnoar.com\/floresnoar\/wp-json\/wp\/v2\/types\/post"}],"author":[{"embeddable":true,"href":"https:\/\/portalfloresnoar.com\/floresnoar\/wp-json\/wp\/v2\/users\/1"}],"replies":[{"embeddable":true,"href":"https:\/\/portalfloresnoar.com\/floresnoar\/wp-json\/wp\/v2\/comments?post=39508"}],"version-history":[{"count":0,"href":"https:\/\/portalfloresnoar.com\/floresnoar\/wp-json\/wp\/v2\/posts\/39508\/revisions"}],"wp:featuredmedia":[{"embeddable":true,"href":"https:\/\/portalfloresnoar.com\/floresnoar\/wp-json\/wp\/v2\/media\/39511"}],"wp:attachment":[{"href":"https:\/\/portalfloresnoar.com\/floresnoar\/wp-json\/wp\/v2\/media?parent=39508"}],"wp:term":[{"taxonomy":"category","embeddable":true,"href":"https:\/\/portalfloresnoar.com\/floresnoar\/wp-json\/wp\/v2\/categories?post=39508"},{"taxonomy":"post_tag","embeddable":true,"href":"https:\/\/portalfloresnoar.com\/floresnoar\/wp-json\/wp\/v2\/tags?post=39508"}],"curies":[{"name":"wp","href":"https:\/\/api.w.org\/{rel}","templated":true}]}}