

{"id":39475,"date":"2021-04-20T06:30:57","date_gmt":"2021-04-20T09:30:57","guid":{"rendered":"http:\/\/portalfloresnoar.com\/floresnoar\/?p=39475"},"modified":"2021-04-20T11:02:32","modified_gmt":"2021-04-20T14:02:32","slug":"agenda-meditando-com-os-arcanos-maiores-do-tarot","status":"publish","type":"post","link":"https:\/\/portalfloresnoar.com\/floresnoar\/agenda-meditando-com-os-arcanos-maiores-do-tarot\/","title":{"rendered":"[AGENDA] Meditando com os Arcanos Maiores do Tarot, a partir de 22\/4, com Ronaldo Silva"},"content":{"rendered":"<p><img decoding=\"async\" loading=\"lazy\" class=\"aligncenter wp-image-39535\" src=\"http:\/\/portalfloresnoar.com\/floresnoar\/wp-content\/uploads\/2021\/04\/meditacao-tarot-2-700x700.jpeg\" alt=\"\" width=\"513\" height=\"513\" srcset=\"https:\/\/portalfloresnoar.com\/floresnoar\/wp-content\/uploads\/2021\/04\/meditacao-tarot-2-700x700.jpeg 700w, https:\/\/portalfloresnoar.com\/floresnoar\/wp-content\/uploads\/2021\/04\/meditacao-tarot-2-150x150.jpeg 150w, https:\/\/portalfloresnoar.com\/floresnoar\/wp-content\/uploads\/2021\/04\/meditacao-tarot-2-300x300.jpeg 300w, https:\/\/portalfloresnoar.com\/floresnoar\/wp-content\/uploads\/2021\/04\/meditacao-tarot-2-768x768.jpeg 768w, https:\/\/portalfloresnoar.com\/floresnoar\/wp-content\/uploads\/2021\/04\/meditacao-tarot-2-100x100.jpeg 100w, https:\/\/portalfloresnoar.com\/floresnoar\/wp-content\/uploads\/2021\/04\/meditacao-tarot-2.jpeg 1080w\" sizes=\"(max-width: 513px) 100vw, 513px\" \/><\/p>\n<p>No intuito de apresentar caminhos que possibilitem o acesso aos mist\u00e9rios do Tarot, a Carcar\u00e1 \u2013 Escola de Tarot promove, a partir do dia 22\/4, as viv\u00eancias \u2018Meditando com os Arcanos Maiores do Tarot\u2019, conduzidas pelo tar\u00f3logo Ronaldo Silva. As medita\u00e7\u00f5es s\u00e3o abertas a alunos, iniciantes, estudiosos e pessoas que estejam em processo de autoconhecimento.<\/p>\n<p>\u201cExistem v\u00e1rios caminhos para aprofundar o relacionamento com o Tarot, um deles \u00e9 a medita\u00e7\u00e3o. Ao abrirmos o campo energ\u00e9tico para acessar mais informa\u00e7\u00f5es sobre cada arcano, uma nova compreens\u00e3o se apresenta, feito pequenas ilumina\u00e7\u00f5es\u201d, declara o tar\u00f3logo, acrescentando que a uni\u00e3o do Tarot com a medita\u00e7\u00e3o favorece a expans\u00e3o da consci\u00eancia sobre si mesmo e sobre a pr\u00f3pria realidade em que se vive.<\/p>\n<p>A cada semana, sempre nas quintas-feiras, haver\u00e1 a medita\u00e7\u00e3o sobre um trunfo, seguindo a sequ\u00eancia linear do 0 ao 21, at\u00e9 completar o ciclo dos 22 arcanos maiores.<\/p>\n<p><em>Ronaldo Silva tem se dedicado aos estudos do Tarot desde os anos 1990, mesmo per\u00edodo em que deu in\u00edcio ao seu caminho na espiritualidade, por meio da Umbanda Sagrada, e em v\u00e1rias pr\u00e1ticas meditativas. Jornalista e Rela\u00e7\u00f5es P\u00fablicas, nos \u00faltimos quatro anos abra\u00e7ou a carreira de tar\u00f3logo e terapeuta energ\u00e9tico de maneira efetiva. Al\u00e9m das consultas com o Tarot, atende com Cura Qu\u00e2ntica Estelar, Barras de Access\u00ae e ThetaHealing\u00ae.<\/em><\/p>\n<p>SERVI\u00c7O<br \/>\n<strong>Meditando com os Arcanos Maiores do Tarot<\/strong><br \/>\n<strong>In\u00edcio:<\/strong> 22\/04\/2021 (Os encontros ser\u00e3o realizados durante 22 quintas-feiras)<br \/>\n<strong>Hora:<\/strong> 20h<br \/>\n<strong>Investimento:<\/strong> R$ 35,00* (cada encontro)<br \/>\n<em>*Quem desejar participar de todas as medita\u00e7\u00f5es, tem desconto especial no pagamento \u00e0 vista do pacote com todas as medita\u00e7\u00f5es.<\/em><\/p>\n<p>INSCRI\u00c7\u00d5ES E MAIS INFORMA\u00c7\u00d5ES<br \/>\n<strong>Fone\/Zap:<\/strong> (81) 99965 4458<br \/>\n<strong>Instagram:<\/strong> <a href=\"https:\/\/www.instagram.com\/carcaratarot\/\" target=\"_blank\" rel=\"noopener\">@carcaratarot<\/a><\/p>\n","protected":false},"excerpt":{"rendered":"<p>No intuito de apresentar caminhos que possibilitem o acesso aos mist\u00e9rios do Tarot, a Carcar\u00e1 \u2013 Escola de Tarot promove, a partir do dia 22\/4, as viv\u00eancias \u2018Meditando com os Arcanos Maiores do Tarot\u2019, conduzidas pelo tar\u00f3logo Ronaldo Silva. As medita\u00e7\u00f5es s\u00e3o abertas a alunos, iniciantes, estudiosos e pessoas que estejam em processo de autoconhecimento. [&hellip;]<\/p>\n","protected":false},"author":1,"featured_media":39476,"comment_status":"open","ping_status":"open","sticky":false,"template":"","format":"standard","meta":{"om_disable_all_campaigns":false,"_monsterinsights_skip_tracking":false,"_monsterinsights_sitenote_active":false,"_monsterinsights_sitenote_note":"","_monsterinsights_sitenote_category":0,"footnotes":""},"categories":[8,224,214],"tags":[1013,136,296,86],"acf":[],"publishpress_future_action":{"enabled":false,"date":"1969-12-31 21:00:00","action":"","terms":[],"taxonomy":"","browser_timezone_offset":0},"_links":{"self":[{"href":"https:\/\/portalfloresnoar.com\/floresnoar\/wp-json\/wp\/v2\/posts\/39475"}],"collection":[{"href":"https:\/\/portalfloresnoar.com\/floresnoar\/wp-json\/wp\/v2\/posts"}],"about":[{"href":"https:\/\/portalfloresnoar.com\/floresnoar\/wp-json\/wp\/v2\/types\/post"}],"author":[{"embeddable":true,"href":"https:\/\/portalfloresnoar.com\/floresnoar\/wp-json\/wp\/v2\/users\/1"}],"replies":[{"embeddable":true,"href":"https:\/\/portalfloresnoar.com\/floresnoar\/wp-json\/wp\/v2\/comments?post=39475"}],"version-history":[{"count":0,"href":"https:\/\/portalfloresnoar.com\/floresnoar\/wp-json\/wp\/v2\/posts\/39475\/revisions"}],"wp:featuredmedia":[{"embeddable":true,"href":"https:\/\/portalfloresnoar.com\/floresnoar\/wp-json\/wp\/v2\/media\/39476"}],"wp:attachment":[{"href":"https:\/\/portalfloresnoar.com\/floresnoar\/wp-json\/wp\/v2\/media?parent=39475"}],"wp:term":[{"taxonomy":"category","embeddable":true,"href":"https:\/\/portalfloresnoar.com\/floresnoar\/wp-json\/wp\/v2\/categories?post=39475"},{"taxonomy":"post_tag","embeddable":true,"href":"https:\/\/portalfloresnoar.com\/floresnoar\/wp-json\/wp\/v2\/tags?post=39475"}],"curies":[{"name":"wp","href":"https:\/\/api.w.org\/{rel}","templated":true}]}}