

{"id":39466,"date":"2021-05-01T19:15:22","date_gmt":"2021-05-01T22:15:22","guid":{"rendered":"http:\/\/portalfloresnoar.com\/floresnoar\/?p=39466"},"modified":"2021-05-12T09:36:34","modified_gmt":"2021-05-12T12:36:34","slug":"agenda-grupo-on-line-de-vivencias-partilhas-e-autoconhecimento-o-poder-oculto-dos-banhos","status":"publish","type":"post","link":"https:\/\/portalfloresnoar.com\/floresnoar\/agenda-grupo-on-line-de-vivencias-partilhas-e-autoconhecimento-o-poder-oculto-dos-banhos\/","title":{"rendered":"[AGENDA] Grupo On-line de Viv\u00eancias, Partilhas e Autoconhecimento \u2018O Poder Oculto dos Banhos\u2019"},"content":{"rendered":"<p><img decoding=\"async\" loading=\"lazy\" class=\"wp-image-39469 aligncenter\" src=\"http:\/\/portalfloresnoar.com\/floresnoar\/wp-content\/uploads\/2021\/04\/banho-ervas-3-700x525.jpeg\" alt=\"\" width=\"480\" height=\"361\" srcset=\"https:\/\/portalfloresnoar.com\/floresnoar\/wp-content\/uploads\/2021\/04\/banho-ervas-3-700x525.jpeg 700w, https:\/\/portalfloresnoar.com\/floresnoar\/wp-content\/uploads\/2021\/04\/banho-ervas-3-300x225.jpeg 300w, https:\/\/portalfloresnoar.com\/floresnoar\/wp-content\/uploads\/2021\/04\/banho-ervas-3-768x576.jpeg 768w, https:\/\/portalfloresnoar.com\/floresnoar\/wp-content\/uploads\/2021\/04\/banho-ervas-3-160x120.jpeg 160w, https:\/\/portalfloresnoar.com\/floresnoar\/wp-content\/uploads\/2021\/04\/banho-ervas-3.jpeg 1040w\" sizes=\"(max-width: 480px) 100vw, 480px\" \/><\/p>\n<p>A terapeuta S\u00edlvia Garcia est\u00e1 conduzindo o Grupo On-line de Viv\u00eancias, Partilhas e Autoconhecimento \u2018O Poder Oculto dos Banhos\u2019. Os encontros acontecem nas segundas-feiras, das 20h \u00e0s 22h.<\/p>\n<p>\u201cDiante desse momento dif\u00edcil que estamos vivendo de novo, senti em criar este grupo, onde, durante os encontros, fazemos partilhas sobre nossas viv\u00eancias com os banhos sagrados que oriento a cada semana, utilizando ervas. Nos encontros tamb\u00e9m lan\u00e7o m\u00e3o de outras ferramentas terap\u00eauticas, como: Thetahealing, Leitura Intuitiva, Decretos\u2026 enfim, tudo o que aprendi nessa caminhada como terapeuta integrativa, e que pode ser agregado \u00e0s viv\u00eancias\u201d, informa S\u00edlvia.<\/p>\n<p>De acordo com a terapeuta, o grupo visa incentivar o v\u00ednculo fraterno entre as (os) participantes, partilhar viv\u00eancias e promover, al\u00e9m de autoconhecimento, o fortalecimento do sistema imunol\u00f3gico e da sanidade mental, emocional e espiritual.<\/p>\n<p>SERVI\u00c7O<br \/>\n<strong>O Poder Oculto dos Banhos \u2013 Grupo On-line de Viv\u00eancias, Partilhas e Autoconhecimento<\/strong><br \/>\n<strong>Quando:<\/strong>\u00a0segundas-feiras<br \/>\n<strong>Hora:<\/strong> 20h \u00e0s 22h<br \/>\n<strong>Local:<\/strong> Plataforma on-line de videoconfer\u00eancia<br \/>\n<strong>Mensalidade:<\/strong> R$ 80,00<\/p>\n<p>INSCRI\u00c7\u00d5ES E MAIS INFORMA\u00c7\u00d5ES<br \/>\n<strong>WhatsApp:<\/strong> (81) 99900.8769<br \/>\n<strong>Instagram:<\/strong> <a href=\"https:\/\/www.instagram.com\/silvia.vieira.garcia\/\" target=\"_blank\" rel=\"noopener\">@silvia.vieira.garcia<\/a><\/p>\n","protected":false},"excerpt":{"rendered":"<p>A terapeuta S\u00edlvia Garcia est\u00e1 conduzindo o Grupo On-line de Viv\u00eancias, Partilhas e Autoconhecimento \u2018O Poder Oculto dos Banhos\u2019. Os encontros acontecem nas segundas-feiras, das 20h \u00e0s 22h. \u201cDiante desse momento dif\u00edcil que estamos vivendo de novo, senti em criar este grupo, onde, durante os encontros, fazemos partilhas sobre nossas viv\u00eancias com os banhos sagrados [&hellip;]<\/p>\n","protected":false},"author":1,"featured_media":39469,"comment_status":"open","ping_status":"open","sticky":false,"template":"","format":"standard","meta":{"om_disable_all_campaigns":false,"_monsterinsights_skip_tracking":false,"_monsterinsights_sitenote_active":false,"_monsterinsights_sitenote_note":"","_monsterinsights_sitenote_category":0,"footnotes":""},"categories":[8,224,214],"tags":[75,326,137],"acf":[],"publishpress_future_action":{"enabled":false,"date":"1969-12-31 21:00:00","action":"","terms":[],"taxonomy":"","browser_timezone_offset":0},"_links":{"self":[{"href":"https:\/\/portalfloresnoar.com\/floresnoar\/wp-json\/wp\/v2\/posts\/39466"}],"collection":[{"href":"https:\/\/portalfloresnoar.com\/floresnoar\/wp-json\/wp\/v2\/posts"}],"about":[{"href":"https:\/\/portalfloresnoar.com\/floresnoar\/wp-json\/wp\/v2\/types\/post"}],"author":[{"embeddable":true,"href":"https:\/\/portalfloresnoar.com\/floresnoar\/wp-json\/wp\/v2\/users\/1"}],"replies":[{"embeddable":true,"href":"https:\/\/portalfloresnoar.com\/floresnoar\/wp-json\/wp\/v2\/comments?post=39466"}],"version-history":[{"count":0,"href":"https:\/\/portalfloresnoar.com\/floresnoar\/wp-json\/wp\/v2\/posts\/39466\/revisions"}],"wp:featuredmedia":[{"embeddable":true,"href":"https:\/\/portalfloresnoar.com\/floresnoar\/wp-json\/wp\/v2\/media\/39469"}],"wp:attachment":[{"href":"https:\/\/portalfloresnoar.com\/floresnoar\/wp-json\/wp\/v2\/media?parent=39466"}],"wp:term":[{"taxonomy":"category","embeddable":true,"href":"https:\/\/portalfloresnoar.com\/floresnoar\/wp-json\/wp\/v2\/categories?post=39466"},{"taxonomy":"post_tag","embeddable":true,"href":"https:\/\/portalfloresnoar.com\/floresnoar\/wp-json\/wp\/v2\/tags?post=39466"}],"curies":[{"name":"wp","href":"https:\/\/api.w.org\/{rel}","templated":true}]}}