

{"id":39447,"date":"2021-04-07T20:19:47","date_gmt":"2021-04-07T23:19:47","guid":{"rendered":"http:\/\/portalfloresnoar.com\/floresnoar\/?p=39447"},"modified":"2021-04-07T21:15:33","modified_gmt":"2021-04-08T00:15:33","slug":"agenda-livro-da-poeta-pajeuzeira-clene-tem-lancamento-on-line-dia-184","status":"publish","type":"post","link":"https:\/\/portalfloresnoar.com\/floresnoar\/agenda-livro-da-poeta-pajeuzeira-clene-tem-lancamento-on-line-dia-184\/","title":{"rendered":"[AGENDA] Livro da poeta pajeuzeira Clene tem lan\u00e7amento on-line dia 18\/4"},"content":{"rendered":"<p><img decoding=\"async\" loading=\"lazy\" class=\"wp-image-39450 aligncenter\" src=\"http:\/\/portalfloresnoar.com\/floresnoar\/wp-content\/uploads\/2021\/04\/sendo-maria-tamb\u00e9m-700x600.jpeg\" alt=\"\" width=\"525\" height=\"450\" srcset=\"https:\/\/portalfloresnoar.com\/floresnoar\/wp-content\/uploads\/2021\/04\/sendo-maria-tamb\u00e9m-700x600.jpeg 700w, https:\/\/portalfloresnoar.com\/floresnoar\/wp-content\/uploads\/2021\/04\/sendo-maria-tamb\u00e9m-300x257.jpeg 300w, https:\/\/portalfloresnoar.com\/floresnoar\/wp-content\/uploads\/2021\/04\/sendo-maria-tamb\u00e9m-768x659.jpeg 768w, https:\/\/portalfloresnoar.com\/floresnoar\/wp-content\/uploads\/2021\/04\/sendo-maria-tamb\u00e9m.jpeg 1280w\" sizes=\"(max-width: 525px) 100vw, 525px\" \/><\/p>\n<p><em>O livro &#8216;Sendo Maria tamb\u00e9m, que destino me conv\u00e9m?&#8217; \u00e9 o manifesto po\u00e9tico de Clene, uma Maria singular, que teimou em existir em uma sociedade na qual a mem\u00f3ria e as hist\u00f3rias das mulheres n\u00e3o s\u00e3o valorizadas.<\/em><\/p>\n<p>A publica\u00e7\u00e3o ser\u00e1 lan\u00e7ada no dia 18 de abril de 2021, \u00e0s 16h, numa live guiada pela artista Ana\u00edra Mahin, filha de Clene, com a participa\u00e7\u00e3o po\u00e9tica de Kleber Oliveira, Sammia Gon\u00e7alves e Luann Ribeiro. O encontro on-line ser\u00e1 transmitido atrav\u00e9s do YouTube <a href=\"https:\/\/www.youtube.com\/channel\/UC-dkHQ1Zp1CrWmjjQAbuV7A\" target=\"_blank\" rel=\"noopener\">TEIA S\u00e9rie<\/a>, com tradu\u00e7\u00e3o em libras.<\/p>\n<figure id=\"attachment_39448\" aria-describedby=\"caption-attachment-39448\" style=\"width: 250px\" class=\"wp-caption alignleft\"><img decoding=\"async\" loading=\"lazy\" class=\"wp-image-39448\" src=\"http:\/\/portalfloresnoar.com\/floresnoar\/wp-content\/uploads\/2021\/04\/Clene.jpg\" alt=\"\" width=\"250\" height=\"445\" srcset=\"https:\/\/portalfloresnoar.com\/floresnoar\/wp-content\/uploads\/2021\/04\/Clene.jpg 540w, https:\/\/portalfloresnoar.com\/floresnoar\/wp-content\/uploads\/2021\/04\/Clene-169x300.jpg 169w, https:\/\/portalfloresnoar.com\/floresnoar\/wp-content\/uploads\/2021\/04\/Clene-394x700.jpg 394w\" sizes=\"(max-width: 250px) 100vw, 250px\" \/><figcaption id=\"caption-attachment-39448\" class=\"wp-caption-text\">Clene na frente de sua casa, em S\u00e3o Jos\u00e9 do Egito. Foto: Luciana Carmen<\/figcaption><\/figure>\n<p>Clene, de batismo Maria Clenice Viana Valadares (1946-2019), \u00e9 natural de S\u00e3o Jos\u00e9 do Egito. Poeta, professora, capoeirista, ativista do feminismo e do meio ambiente, desde pequena tinha gosto pela leitura e escrita.<\/p>\n<p>Ainda jovem, Clene foi integrante do Partido Comunista Revolucion\u00e1rio, o PCBR. Na d\u00e9cada de 1970, morou nos EUA cerca de quatro anos, onde atuou junto aos Panteras Negras, partido pol\u00edtico que surgiu nos Estados Unidos, na d\u00e9cada de 1960, no contexto da luta da popula\u00e7\u00e3o afro-americana pelos seus direitos civis. Conheceu 32 pa\u00edses durante o ex\u00edlio pol\u00edtico. Quando retornou ao Brasil, no fim dos anos 1970, contribuiu para a funda\u00e7\u00e3o do Movimento Negro Unificado em Pernambuco. Publicou em antologias, folhetos, jornais acad\u00eamicos e marginais. Participou de alguns filmes, como &#8216;Lisbela e o prisioneiro&#8217;, de Guel Arraes e &#8216;O sil\u00eancio da noite \u00e9 que tem sido testemunha das minhas amarguras&#8217;, de Petr\u00f4nio Lorena.<\/p>\n<p>Clene partiu pra outra dimens\u00e3o em 2019, deixando c\u00e1 na Terra, al\u00e9m de seus poemas, a filha Ana\u00edra Mahin, a neta Esmeralda Iara, o neto Omar Sereno e vastas contribui\u00e7\u00f5es para a educa\u00e7\u00e3o, preserva\u00e7\u00e3o patrimonial, cultural e ecol\u00f3gica de Pernambuco, particularmente de S\u00e3o Jos\u00e9 do Egito.<\/p>\n<figure id=\"attachment_39449\" aria-describedby=\"caption-attachment-39449\" style=\"width: 300px\" class=\"wp-caption alignright\"><img decoding=\"async\" loading=\"lazy\" class=\"wp-image-39449 size-medium\" src=\"http:\/\/portalfloresnoar.com\/floresnoar\/wp-content\/uploads\/2021\/04\/Clene-Valadares-300x296.jpg\" alt=\"\" width=\"300\" height=\"296\" srcset=\"https:\/\/portalfloresnoar.com\/floresnoar\/wp-content\/uploads\/2021\/04\/Clene-Valadares-300x296.jpg 300w, https:\/\/portalfloresnoar.com\/floresnoar\/wp-content\/uploads\/2021\/04\/Clene-Valadares-100x100.jpg 100w, https:\/\/portalfloresnoar.com\/floresnoar\/wp-content\/uploads\/2021\/04\/Clene-Valadares.jpg 596w\" sizes=\"(max-width: 300px) 100vw, 300px\" \/><figcaption id=\"caption-attachment-39449\" class=\"wp-caption-text\">Andarilha, em boa companhia. Foto: Juvenil Silva<\/figcaption><\/figure>\n<p>Seu livro &#8216;Sendo Maria tamb\u00e9m, que destino me conv\u00e9m?&#8217;, com poesias reunidas e selecionadas por Ana\u00edra, expressa uma po\u00e9tica sens\u00edvel \u00e0s quest\u00f5es que atravessaram sua exist\u00eancia. Nele se visualiza o Sert\u00e3o do Paje\u00fa e as disparidades do coronelismo; sua inf\u00e2ncia e juventude; a fam\u00edlia tradicional brasileira e suas contradi\u00e7\u00f5es no tocante ao lugar das mulheres na vida privada dos lares; os Estados Unidos na ascens\u00e3o das lutas pelos direitos civis; os movimentos pol\u00edticos no Brasil frente \u00e0 ditadura; a luta do povo negro e ind\u00edgena por meio de sua cultura e paradigmas de resist\u00eancia. &#8216;Sendo Maria tamb\u00e9m, que destino me conv\u00e9m?&#8217; \u00e9 um manifesto de amor e luta, de esperan\u00e7a e den\u00fancia, de consci\u00eancia e riso. A voz de uma mulher crian\u00e7a-mo\u00e7a-idosa que teima em existir em uma sociedade que cultua a juventude e n\u00e3o valoriza a hist\u00f3ria das mulheres.<\/p>\n<p>Incentivada pelo Funcultura, a obra est\u00e1 sendo lan\u00e7ada em texto impresso e audiobook, com o objetivo de acessar, al\u00e9m do p\u00fablico em geral, a popula\u00e7\u00e3o idosa, surda e cega. O audiobook estar\u00e1 no dispon\u00edvel no canal do YouTube Sendo Maria, com acesso via QR code, ou indo direto \u00e0 p\u00e1gina do canal.<\/p>\n<p>Parte da distribui\u00e7\u00e3o do livro ser\u00e1 gratuita, destinada a bibliotecas escolares e comunit\u00e1rias, coletivos de mulheres e de literatura, movimentos negros do Recife, Olinda, Caruaru, Vit\u00f3ria de Santo Ant\u00e3o, S\u00e3o Jos\u00e9 do Egito e outras cidades do Sert\u00e3o do Paje\u00fa.<\/p>\n<p>O livro pode ser adquirido atrav\u00e9s do e-mail clenesendomaria@gmail.com , do perfil no Instagram <a href=\"https:\/\/www.instagram.com\/sendomariatambem\/\" target=\"_blank\" rel=\"noopener\">@sendomariatambem<\/a>, ou pelo fone\/zap de Ana\u00edra: (81) 99511.4103. Tamb\u00e9m ser\u00e1 vendido na Livraria Pra\u00e7a de Casa Forte.<\/p>\n<p><strong>LIVE DE LAN\u00c7AMENTO DO LIVRO &#8216;SENDO MARIA TAMB\u00c9M, QUE DESTINO ME CONV\u00c9M?&#8217;<\/strong><br \/>\n<em>Com Ana\u00edra Mahin, Kleber Oliveira, Sammia Gon\u00e7alves e Luann Ribeiro<\/em><br \/>\n<strong>Quando:<\/strong> 18 de abril, a partir das 16h<br \/>\n<strong>Onde:<\/strong> YouTube \u2013 Canal TEIA S\u00e9rie<\/p>\n<p><img decoding=\"async\" loading=\"lazy\" class=\"size-full wp-image-39452 alignleft\" src=\"http:\/\/portalfloresnoar.com\/floresnoar\/wp-content\/uploads\/2021\/04\/Clene-3.jpg\" alt=\"\" width=\"209\" height=\"400\" srcset=\"https:\/\/portalfloresnoar.com\/floresnoar\/wp-content\/uploads\/2021\/04\/Clene-3.jpg 209w, https:\/\/portalfloresnoar.com\/floresnoar\/wp-content\/uploads\/2021\/04\/Clene-3-157x300.jpg 157w\" sizes=\"(max-width: 209px) 100vw, 209px\" \/><em><strong>Multid\u00e3o<\/strong><\/em><br \/>\n<em>(Por Clene)<\/em><\/p>\n<p><em>Renego essa multid\u00e3o<\/em><br \/>\n<em> que anda sem saber para onde<\/em><br \/>\n<em> que vem sem saber de onde<\/em><br \/>\n<em> que n\u00e3o vai nem vem<\/em><\/p>\n<p><em> Renego essa multid\u00e3o<\/em><br \/>\n<em> que olha distra\u00edda<\/em><br \/>\n<em> um homem que cai<\/em><br \/>\n<em> de um andaime partido,<\/em><br \/>\n<em> que ao chegar em casa<\/em><br \/>\n<em> conta pra fam\u00edlia<\/em><br \/>\n<em> com indiferen\u00e7a<\/em><br \/>\n<em> com conforma\u00e7\u00e3o<\/em><\/p>\n<p><em> Renego essa multid\u00e3o<\/em><br \/>\n<em> que fere que mata,<\/em><br \/>\n<em> que anda sozinha<\/em><br \/>\n<em> e apinhada nos \u00f4nibus<\/em><br \/>\n<em> que \u00e9 muita gente<\/em><br \/>\n<em> e n\u00e3o \u00e9 ningu\u00e9m<\/em><\/p>\n<p><em> Que um dia seja multid\u00e3o amiga<\/em><br \/>\n<em> Se ajude sem intrigas<\/em><br \/>\n<em> suba sem disputas<\/em><br \/>\n<em> que cai e levanta<\/em><br \/>\n<em> que olha nos olhos<\/em><br \/>\n<em> e canta reunida<\/em><br \/>\n<em> o canto da paz, do amor, da reuni\u00e3o<\/em><\/p>\n<p><em> Que um dia seja Multid\u00e3o unida<\/em><br \/>\n<em> de todas as cores<\/em><br \/>\n<em> de m\u00e3os espalmadas<\/em><br \/>\n<em> na ciranda da paz<\/em><br \/>\n<em> em um mundo melhor<\/em><\/p>\n","protected":false},"excerpt":{"rendered":"<p>O livro &#8216;Sendo Maria tamb\u00e9m, que destino me conv\u00e9m?&#8217; \u00e9 o manifesto po\u00e9tico de Clene, uma Maria singular, que teimou em existir em uma sociedade na qual a mem\u00f3ria e as hist\u00f3rias das mulheres n\u00e3o s\u00e3o valorizadas. A publica\u00e7\u00e3o ser\u00e1 lan\u00e7ada no dia 18 de abril de 2021, \u00e0s 16h, numa live guiada pela artista [&hellip;]<\/p>\n","protected":false},"author":1,"featured_media":39453,"comment_status":"open","ping_status":"open","sticky":false,"template":"","format":"standard","meta":{"om_disable_all_campaigns":false,"_monsterinsights_skip_tracking":false,"_monsterinsights_sitenote_active":false,"_monsterinsights_sitenote_note":"","_monsterinsights_sitenote_category":0,"footnotes":""},"categories":[8,224,214],"tags":[670,383,69,1012,51],"acf":[],"publishpress_future_action":{"enabled":false,"date":"1969-12-31 21:00:00","action":"","terms":[],"taxonomy":"","browser_timezone_offset":0},"_links":{"self":[{"href":"https:\/\/portalfloresnoar.com\/floresnoar\/wp-json\/wp\/v2\/posts\/39447"}],"collection":[{"href":"https:\/\/portalfloresnoar.com\/floresnoar\/wp-json\/wp\/v2\/posts"}],"about":[{"href":"https:\/\/portalfloresnoar.com\/floresnoar\/wp-json\/wp\/v2\/types\/post"}],"author":[{"embeddable":true,"href":"https:\/\/portalfloresnoar.com\/floresnoar\/wp-json\/wp\/v2\/users\/1"}],"replies":[{"embeddable":true,"href":"https:\/\/portalfloresnoar.com\/floresnoar\/wp-json\/wp\/v2\/comments?post=39447"}],"version-history":[{"count":0,"href":"https:\/\/portalfloresnoar.com\/floresnoar\/wp-json\/wp\/v2\/posts\/39447\/revisions"}],"wp:featuredmedia":[{"embeddable":true,"href":"https:\/\/portalfloresnoar.com\/floresnoar\/wp-json\/wp\/v2\/media\/39453"}],"wp:attachment":[{"href":"https:\/\/portalfloresnoar.com\/floresnoar\/wp-json\/wp\/v2\/media?parent=39447"}],"wp:term":[{"taxonomy":"category","embeddable":true,"href":"https:\/\/portalfloresnoar.com\/floresnoar\/wp-json\/wp\/v2\/categories?post=39447"},{"taxonomy":"post_tag","embeddable":true,"href":"https:\/\/portalfloresnoar.com\/floresnoar\/wp-json\/wp\/v2\/tags?post=39447"}],"curies":[{"name":"wp","href":"https:\/\/api.w.org\/{rel}","templated":true}]}}