

{"id":39374,"date":"2021-01-02T11:45:07","date_gmt":"2021-01-02T14:45:07","guid":{"rendered":"http:\/\/portalfloresnoar.com\/floresnoar\/?p=39374"},"modified":"2021-04-09T14:10:12","modified_gmt":"2021-04-09T17:10:12","slug":"agenda-grupo-on-line-de-vivencias-e-partilhas-o-poder-oculto-dos-banhos-tem-inicio-no-dia-303","status":"publish","type":"post","link":"https:\/\/portalfloresnoar.com\/floresnoar\/agenda-grupo-on-line-de-vivencias-e-partilhas-o-poder-oculto-dos-banhos-tem-inicio-no-dia-303\/","title":{"rendered":"[AGENDA] Grupo on-line de viv\u00eancias e partilhas &#8216;O Poder Oculto dos Banhos&#8217; tem in\u00edcio no dia 30\/3"},"content":{"rendered":"<p>&nbsp;<\/p>\n<p><img decoding=\"async\" loading=\"lazy\" class=\"wp-image-39375 aligncenter\" src=\"http:\/\/portalfloresnoar.com\/floresnoar\/wp-content\/uploads\/2021\/03\/grupo-o-poder-oculto-dos-banhos-700x700.jpg\" alt=\"\" width=\"640\" height=\"640\" srcset=\"https:\/\/portalfloresnoar.com\/floresnoar\/wp-content\/uploads\/2021\/03\/grupo-o-poder-oculto-dos-banhos-700x700.jpg 700w, https:\/\/portalfloresnoar.com\/floresnoar\/wp-content\/uploads\/2021\/03\/grupo-o-poder-oculto-dos-banhos-150x150.jpg 150w, https:\/\/portalfloresnoar.com\/floresnoar\/wp-content\/uploads\/2021\/03\/grupo-o-poder-oculto-dos-banhos-300x300.jpg 300w, https:\/\/portalfloresnoar.com\/floresnoar\/wp-content\/uploads\/2021\/03\/grupo-o-poder-oculto-dos-banhos-768x768.jpg 768w, https:\/\/portalfloresnoar.com\/floresnoar\/wp-content\/uploads\/2021\/03\/grupo-o-poder-oculto-dos-banhos-100x100.jpg 100w, https:\/\/portalfloresnoar.com\/floresnoar\/wp-content\/uploads\/2021\/03\/grupo-o-poder-oculto-dos-banhos.jpg 800w\" sizes=\"(max-width: 640px) 100vw, 640px\" \/><\/p>\n<p>A terapeuta S\u00edlvia Garcia d\u00e1 in\u00edcio no dia 30 de mar\u00e7o de 2021 ao Grupo On-line de Viv\u00eancias, Partilhas e Autoconhecimento &#8216;O Poder Oculto dos Banhos&#8217;. Ser\u00e3o, a princ\u00edpio, quatro encontros, nas ter\u00e7as-feiras, das 20h \u00e0s 22h.<\/p>\n<p>&#8220;Diante desse momento dif\u00edcil que estamos vivendo de novo, senti em criar este grupo, onde, durante os encontros, faremos partilhas sobre nossas viv\u00eancias sobre os banhos sagrados que irei orientar em cada semana, com a utiliza\u00e7\u00e3o de ervas. Diante da limita\u00e7\u00e3o que estamos vivendo nesta pandemia, pelo menos tomar banho no conforto e na seguran\u00e7a dos nossos lares, n\u00f3s podemos. Usarei tamb\u00e9m outras ferramentas terap\u00eauticas para expandir ainda mais esse momento sagrado, como: Thetahealing, Leitura Intuitiva, Decretos&#8230; enfim, tudo o que sei nessa caminhada como terapeuta integrativa, e que pode ser agregado \u00e0s viv\u00eancias&#8221;, informa S\u00edlvia.<\/p>\n<p>De acordo com a terapeuta, o grupo servir\u00e1 para formar v\u00ednculos fraternos, partilhar viv\u00eancias e promover, al\u00e9m de autoconhecimento, o fortalecimento do sistema imunol\u00f3gico e da sanidade mental, emocional e espiritual.<\/p>\n<p>&#8220;Escolhi o dia 30 de mar\u00e7o para dar in\u00edcio ao grupo, por ser uma data auspiciosa. Na Babil\u00f4nia comemorava-se o dia da deusa Bau, a Grande M\u00e3e, senhora das \u00e1guas primordiais e do espa\u00e7o c\u00f3smico. E os persas invocavam a deusa Ahurani para a prosperidade e plenitude com oferendas de \u00e1gua e frutos da terra. Comiam p\u00e3o e nozes para trazer sorte e bem estar. Nesse ritual vestiam-se de verde para aumentar as d\u00e1divas e de azul para proporcionar sabedoria&#8221;, ressalta S\u00edlvia.<\/p>\n<p>SERVI\u00c7O<br \/>\n<strong>O Poder Oculto dos Banhos &#8211; Grupo On-line de Viv\u00eancias, Partilhas e Autoconhecimento<\/strong><br \/>\n<strong>In\u00edcio:<\/strong> 30\/3\/2021 (encontros nas ter\u00e7as-feiras)<br \/>\n<strong>Hora:<\/strong> 20h \u00e0s 22h<br \/>\n<strong>Local:<\/strong>\u00a0Plataforma on-line de videoconfer\u00eancia<br \/>\n<strong>Mensalidade<\/strong>: R$ 80,00<\/p>\n<p>INSCRI\u00c7\u00d5ES E MAIS INFORMA\u00c7\u00d5ES<br \/>\n<strong>WhatsApp:<\/strong>\u00a0(81) 99900.8769<br \/>\n<strong>Instagram:<\/strong>\u00a0@silvia.vieria.garcia<\/p>\n","protected":false},"excerpt":{"rendered":"<p>&nbsp; A terapeuta S\u00edlvia Garcia d\u00e1 in\u00edcio no dia 30 de mar\u00e7o de 2021 ao Grupo On-line de Viv\u00eancias, Partilhas e Autoconhecimento &#8216;O Poder Oculto dos Banhos&#8217;. Ser\u00e3o, a princ\u00edpio, quatro encontros, nas ter\u00e7as-feiras, das 20h \u00e0s 22h. &#8220;Diante desse momento dif\u00edcil que estamos vivendo de novo, senti em criar este grupo, onde, durante os [&hellip;]<\/p>\n","protected":false},"author":1,"featured_media":39376,"comment_status":"open","ping_status":"open","sticky":false,"template":"","format":"standard","meta":{"om_disable_all_campaigns":false,"_monsterinsights_skip_tracking":false,"_monsterinsights_sitenote_active":false,"_monsterinsights_sitenote_note":"","_monsterinsights_sitenote_category":0,"footnotes":""},"categories":[8,214],"tags":[962,75,326,349,662],"acf":[],"publishpress_future_action":{"enabled":false,"date":"1969-12-31 21:00:00","action":"","terms":[],"taxonomy":"","browser_timezone_offset":0},"_links":{"self":[{"href":"https:\/\/portalfloresnoar.com\/floresnoar\/wp-json\/wp\/v2\/posts\/39374"}],"collection":[{"href":"https:\/\/portalfloresnoar.com\/floresnoar\/wp-json\/wp\/v2\/posts"}],"about":[{"href":"https:\/\/portalfloresnoar.com\/floresnoar\/wp-json\/wp\/v2\/types\/post"}],"author":[{"embeddable":true,"href":"https:\/\/portalfloresnoar.com\/floresnoar\/wp-json\/wp\/v2\/users\/1"}],"replies":[{"embeddable":true,"href":"https:\/\/portalfloresnoar.com\/floresnoar\/wp-json\/wp\/v2\/comments?post=39374"}],"version-history":[{"count":0,"href":"https:\/\/portalfloresnoar.com\/floresnoar\/wp-json\/wp\/v2\/posts\/39374\/revisions"}],"wp:featuredmedia":[{"embeddable":true,"href":"https:\/\/portalfloresnoar.com\/floresnoar\/wp-json\/wp\/v2\/media\/39376"}],"wp:attachment":[{"href":"https:\/\/portalfloresnoar.com\/floresnoar\/wp-json\/wp\/v2\/media?parent=39374"}],"wp:term":[{"taxonomy":"category","embeddable":true,"href":"https:\/\/portalfloresnoar.com\/floresnoar\/wp-json\/wp\/v2\/categories?post=39374"},{"taxonomy":"post_tag","embeddable":true,"href":"https:\/\/portalfloresnoar.com\/floresnoar\/wp-json\/wp\/v2\/tags?post=39374"}],"curies":[{"name":"wp","href":"https:\/\/api.w.org\/{rel}","templated":true}]}}